{"id":18419,"date":"2025-09-30T15:00:04","date_gmt":"2025-09-30T12:00:04","guid":{"rendered":"https:\/\/www.hbrkahta.com\/?p=18419"},"modified":"2025-09-30T15:00:04","modified_gmt":"2025-09-30T12:00:04","slug":"gap-gazeteciler-birligi-genel-baskani-kiymaz-romenleri-gap-bolgesine-bekliyoruz","status":"publish","type":"post","link":"https:\/\/www.hbrkahta.com\/index.php\/2025\/09\/30\/gap-gazeteciler-birligi-genel-baskani-kiymaz-romenleri-gap-bolgesine-bekliyoruz\/","title":{"rendered":"GAP Gazeteciler Birli\u011fi Genel Ba\u015fkan\u0131 K\u0131ymaz: \u2018Romenleri GAP B\u00f6lgesine Bekliyoruz\u2019"},"content":{"rendered":"<p>\u015eeriban \u00d6Z\u00c7AKMAK &#8211; Gazete Balkan taraf\u0131ndan haz\u0131rlanan Mardin Belgeseli&#8217;nin galas\u0131, Romanya&#8217;n\u0131n ba\u015fkenti B\u00fckre\u015f&#8217;te ger\u00e7ekle\u015ftirildi. D\u00fczenlenen galada konu\u015fan GAP Gazeteciler Birli\u011fi Genel Ba\u015fkan\u0131 Zeynel Abidin K\u0131ymaz, Romenleri GAP b\u00f6lgesine de davet etti.<\/p>\n<p>Hollywood Multiplex Sinemas\u0131&#8217;nda d\u00fczenlenen galaya; T\u00fcrkiye&#8217;nin B\u00fckre\u015f B\u00fcy\u00fckel\u00e7isi \u00d6zg\u00fcr K\u0131van\u00e7 Altan, GAP Gazeteciler Birli\u011fi Genel Ba\u015fkan\u0131 Zeynel Abidin K\u0131ymaz, Romanya-T\u00fcrkiye Ticaret ve Sanayi Odas\u0131 Y\u00f6netim Kurulu \u00dcyesi Gazi Demirel, Abdurrahim Ta\u015f, Yunus Emre Enstit\u00fcs\u00fc Romanya \u015eube M\u00fcd\u00fcr\u00fc Mustafa Y\u0131ld\u0131z, SELEC Genel M\u00fcd\u00fcr\u00fc O\u011fuz Serkant Ak\u0131n, GAP Gazeteciler Birli\u011fi Genel Ba\u015fkan Yard\u0131mc\u0131s\u0131 Hamit \u00d6zpolat, Romanya Profesyonel Gazeteciler Birli\u011fi Bakan Yard\u0131mc\u0131s\u0131 Claudius Mihail Dociu, Romania TV&#8217;den Andrei Marina Alexandra, DADA TV&#8217;den Daniel Marius, sanat\u00e7\u0131 Cem Deniz ve \u00e7ok say\u0131da Rumen davetli kat\u0131ld\u0131.<\/p>\n<p>GALA&#8217;da konu\u015fan GAP Gazeteciler Birli\u011fi Genel Ba\u015fkan\u0131 Zeynel Abidin K\u0131ymaz, 6 \u015eubat depremleri sonras\u0131nda Romanya halk\u0131n\u0131n deprem b\u00f6lgesine yard\u0131m ula\u015ft\u0131rmak i\u00e7in g\u00f6sterdi\u011fi \u00e7abaya te\u015fekk\u00fcr ederek,&#8221;Romen-T\u00fcrk ili\u015fkileri Avrupa&#8217;daki en g\u00fczel \u00f6rneklerden biridir. Halklar\u0131m\u0131z aras\u0131nda dostluk ve karde\u015flik duygular\u0131 kar\u015f\u0131l\u0131kl\u0131 olarak hissedilmektedir. Her y\u0131l yakla\u015f\u0131k 3 milyon Romen turist T\u00fcrkiye&#8217;yi ziyaret ediyor. \u00c7o\u011funlukla \u0130stanbul, \u0130zmir ve Antalya&#8217;y\u0131 tercih ediyorlar. Ancak ben Romen dostlar\u0131m\u0131z\u0131 GAP b\u00f6lgesine de davet ediyorum. Ad\u0131yaman&#8217;da Nemrut Da\u011f\u0131&#8217;nda g\u00fcne\u015fin do\u011fu\u015funu izlemelerini, Mardin ve \u015eanl\u0131urfa&#8217;n\u0131n tarihi ve k\u00fclt\u00fcrel zenginliklerini g\u00f6rmelerini arzu ediyorum&#8221; dedi.<\/p>\n<p>K\u0131ymaz ayr\u0131ca, belgeselin yap\u0131m\u0131na \u00f6nc\u00fcl\u00fck eden Gazete Balkan&#8217;a, katk\u0131lar\u0131ndan dolay\u0131 Yunus Emre Enstit\u00fcs\u00fc&#8217;ne ve sosyal faaliyetlere duyarl\u0131l\u0131\u011f\u0131yla bilinen Romanya-T\u00fcrkiye Ticaret ve Sanayi Odas\u0131 Ba\u015fkan\u0131 Tamer Atalay&#8217;a te\u015fekk\u00fcr etti.<\/p>\n<p>B\u00fcy\u00fckel\u00e7i Altan da a\u00e7\u0131l\u0131\u015f konu\u015fmas\u0131nda belgeselin haz\u0131rlanmas\u0131na eme\u011fi ge\u00e7enleri kutlad\u0131.<\/p>\n<p>GAP Gazeteciler Birli\u011fi Genel Ba\u015fkan Vekili Hamit \u00d6zpolat ise konu\u015fmas\u0131nda,&#8221;Balkan gazetesi taraf\u0131ndan 7 Romen gazeteci GAP b\u00f6lgesine g\u00f6nderildi. Biz de birlik olarak misafirlerimizi \u00fc\u00e7 g\u00fcn boyunca a\u011f\u0131rlad\u0131k. Mardin, \u015eanl\u0131urfa, Ad\u0131yaman ve Malatya&#8217;daki tarihi ve turistik alanlar\u0131 gezdiler, televizyonlar\u0131nda yay\u0131nlad\u0131lar. Umuyoruz ki bu \u00e7al\u0131\u015fmalar, Romen turistlerin b\u00f6lgeye ilgisini art\u0131racakt\u0131r. Belgesele katk\u0131s\u0131 i\u00e7inde ayr\u0131ca Romanya-T\u00fcrkiye Ticaret ve sanayi odas\u0131 ba\u015fkan\u0131 Tamer Atalay&#8217;a te\u015fekk\u00fcr ediyorum&#8221; ifadelerini kulland\u0131.<\/p>\n<p>Program sonunda Belgesele katk\u0131 sunan yedi ki\u015fiye te\u015fekk\u00fcr plaketi takdim edilirken, belgesel g\u00f6steriminin ard\u0131ndan davetlilere kokteyl verildi ve belgeselin kulislerde de\u011ferlendirilmesi yap\u0131ld\u0131.<\/p>\n<p>Kaynak : PERRE<\/p>\n","protected":false},"excerpt":{"rendered":"<p>ADIYAMAN (PERRE) &#8211; GAP Gazeteciler Birli\u011fi Genel Ba\u015fkan\u0131 Zeynel Abidin K\u0131ymaz, Romanya&#8217;n\u0131n ba\u015fkenti B\u00fckre\u015f&#8217;te ger\u00e7ekle\u015ftirilen Mardin Belgeseli&#8217;nin gala gecesinde 6 \u015eubat depremleri sonras\u0131nda Romanya halk\u0131n\u0131n deprem b\u00f6lgesine g\u00f6nderdi\u011fi yard\u0131mlar i\u00e7in te\u015fekk\u00fcr ederek, &#8220;Romen-T\u00fcrk ili\u015fkileri Avrupa&#8217;daki en g\u00fczel \u00f6rneklerden biridir&#8221; dedi.<\/p>\n","protected":false},"author":1,"featured_media":18420,"comment_status":"open","ping_status":"open","sticky":false,"template":"","format":"standard","meta":{"om_disable_all_campaigns":false,"_monsterinsights_skip_tracking":false,"_monsterinsights_sitenote_active":false,"_monsterinsights_sitenote_note":"","_monsterinsights_sitenote_category":0,"footnotes":""},"categories":[1,11],"tags":[1296,2615,800,1397,1422],"aioseo_notices":[],"_links":{"self":[{"href":"https:\/\/www.hbrkahta.com\/index.php\/wp-json\/wp\/v2\/posts\/18419"}],"collection":[{"href":"https:\/\/www.hbrkahta.com\/index.php\/wp-json\/wp\/v2\/posts"}],"about":[{"href":"https:\/\/www.hbrkahta.com\/index.php\/wp-json\/wp\/v2\/types\/post"}],"author":[{"embeddable":true,"href":"https:\/\/www.hbrkahta.com\/index.php\/wp-json\/wp\/v2\/users\/1"}],"replies":[{"embeddable":true,"href":"https:\/\/www.hbrkahta.com\/index.php\/wp-json\/wp\/v2\/comments?post=18419"}],"version-history":[{"count":1,"href":"https:\/\/www.hbrkahta.com\/index.php\/wp-json\/wp\/v2\/posts\/18419\/revisions"}],"predecessor-version":[{"id":18421,"href":"https:\/\/www.hbrkahta.com\/index.php\/wp-json\/wp\/v2\/posts\/18419\/revisions\/18421"}],"wp:featuredmedia":[{"embeddable":true,"href":"https:\/\/www.hbrkahta.com\/index.php\/wp-json\/wp\/v2\/media\/18420"}],"wp:attachment":[{"href":"https:\/\/www.hbrkahta.com\/index.php\/wp-json\/wp\/v2\/media?parent=18419"}],"wp:term":[{"taxonomy":"category","embeddable":true,"href":"https:\/\/www.hbrkahta.com\/index.php\/wp-json\/wp\/v2\/categories?post=18419"},{"taxonomy":"post_tag","embeddable":true,"href":"https:\/\/www.hbrkahta.com\/index.php\/wp-json\/wp\/v2\/tags?post=18419"}],"curies":[{"name":"wp","href":"https:\/\/api.w.org\/{rel}","templated":true}]}}