{"id":18413,"date":"2025-09-30T14:36:05","date_gmt":"2025-09-30T11:36:05","guid":{"rendered":"https:\/\/www.hbrkahta.com\/?p=18413"},"modified":"2025-09-30T14:36:05","modified_gmt":"2025-09-30T11:36:05","slug":"adiyaman-valiliginde-haftalik-halk-gunu-bulusmalari-gerceklestirildi","status":"publish","type":"post","link":"https:\/\/www.hbrkahta.com\/index.php\/2025\/09\/30\/adiyaman-valiliginde-haftalik-halk-gunu-bulusmalari-gerceklestirildi\/","title":{"rendered":"Ad\u0131yaman Valili\u011fi\u2019nde, haftal\u0131k \u2018Halk G\u00fcn\u00fc\u2019 bulu\u015fmalar\u0131 ger\u00e7ekle\u015ftirildi"},"content":{"rendered":"<p>Ad\u0131yaman Valisi Dr. Osman Varol, &#8216;Halk Bulu\u015fmalar\u0131&#8217; kapsam\u0131nda, valilik makam\u0131nda a\u011f\u0131rlad\u0131\u011f\u0131 vatanda\u015flar\u0131n sorun, ihtiya\u00e7 ve taleplerini dinledi.<\/p>\n<p>\u00c7\u00f6z\u00fcm ve sonu\u00e7 odakl\u0131 ger\u00e7ekle\u015ftirilen halk bulu\u015fmas\u0131nda vatanda\u015flarla s\u0131cak ve samimi bir atmosferde sohbet eden Vali Osman Varol, kendisine iletilen sorunlar\u0131 not ald\u0131rarak ilgili kurumlara gerekli \u00e7al\u0131\u015fmalar\u0131n bir an \u00f6nce ba\u015flat\u0131lmas\u0131 talimat\u0131n\u0131 verdi.<\/p>\n<p>Ad\u0131yaman Osman Varol, yapt\u0131\u011f\u0131 a\u00e7\u0131klamada, &#8220;Kadir\u015finas Ad\u0131yamanl\u0131 hem\u015ferilerimizin hay\u0131r dualar\u0131yla \u00e7al\u0131\u015fma azmimizi ve gayretimizi her ge\u00e7en g\u00fcn art\u0131r\u0131yor vatanda\u015flar\u0131m\u0131zla g\u00f6n\u00fcl ba\u011flar\u0131m\u0131z\u0131 g\u00fc\u00e7lendirmeye devam ediyoruz. Valilik olarak vatanda\u015flar\u0131m\u0131z\u0131n i\u015fsizlik sorununu \u00e7\u00f6zmek, istihdam\u0131 art\u0131rmak ve toplumsal huzuru tesis etmek i\u00e7in yo\u011fun gayret sarf ediyoruz&#8221; ifadelerini kulland\u0131.<\/p>\n<p>Kaynak : PERRE<\/p>\n","protected":false},"excerpt":{"rendered":"<p>ADIYAMAN (PERRE) &#8211; Ad\u0131yaman Valisi Dr. Osman Varol, toplumun her kesimini kucaklayan bir anlay\u0131\u015fla her hafta Sal\u0131 g\u00fcnleri geleneksel hale getirdi\u011fi halk bulu\u015fmalar\u0131na devam ediyor.<\/p>\n","protected":false},"author":1,"featured_media":18414,"comment_status":"open","ping_status":"open","sticky":false,"template":"","format":"standard","meta":{"om_disable_all_campaigns":false,"_monsterinsights_skip_tracking":false,"_monsterinsights_sitenote_active":false,"_monsterinsights_sitenote_note":"","_monsterinsights_sitenote_category":0,"footnotes":""},"categories":[1,11],"tags":[],"aioseo_notices":[],"_links":{"self":[{"href":"https:\/\/www.hbrkahta.com\/index.php\/wp-json\/wp\/v2\/posts\/18413"}],"collection":[{"href":"https:\/\/www.hbrkahta.com\/index.php\/wp-json\/wp\/v2\/posts"}],"about":[{"href":"https:\/\/www.hbrkahta.com\/index.php\/wp-json\/wp\/v2\/types\/post"}],"author":[{"embeddable":true,"href":"https:\/\/www.hbrkahta.com\/index.php\/wp-json\/wp\/v2\/users\/1"}],"replies":[{"embeddable":true,"href":"https:\/\/www.hbrkahta.com\/index.php\/wp-json\/wp\/v2\/comments?post=18413"}],"version-history":[{"count":1,"href":"https:\/\/www.hbrkahta.com\/index.php\/wp-json\/wp\/v2\/posts\/18413\/revisions"}],"predecessor-version":[{"id":18415,"href":"https:\/\/www.hbrkahta.com\/index.php\/wp-json\/wp\/v2\/posts\/18413\/revisions\/18415"}],"wp:featuredmedia":[{"embeddable":true,"href":"https:\/\/www.hbrkahta.com\/index.php\/wp-json\/wp\/v2\/media\/18414"}],"wp:attachment":[{"href":"https:\/\/www.hbrkahta.com\/index.php\/wp-json\/wp\/v2\/media?parent=18413"}],"wp:term":[{"taxonomy":"category","embeddable":true,"href":"https:\/\/www.hbrkahta.com\/index.php\/wp-json\/wp\/v2\/categories?post=18413"},{"taxonomy":"post_tag","embeddable":true,"href":"https:\/\/www.hbrkahta.com\/index.php\/wp-json\/wp\/v2\/tags?post=18413"}],"curies":[{"name":"wp","href":"https:\/\/api.w.org\/{rel}","templated":true}]}}