{"id":18397,"date":"2025-09-29T20:12:04","date_gmt":"2025-09-29T17:12:04","guid":{"rendered":"https:\/\/www.hbrkahta.com\/?p=18397"},"modified":"2025-09-29T20:12:04","modified_gmt":"2025-09-29T17:12:04","slug":"besnide-27nci-egitim-bayrami-tamamlandi-dunyada-tek-egitim-bayrami-coskuyla-kutlandi","status":"publish","type":"post","link":"https:\/\/www.hbrkahta.com\/index.php\/2025\/09\/29\/besnide-27nci-egitim-bayrami-tamamlandi-dunyada-tek-egitim-bayrami-coskuyla-kutlandi\/","title":{"rendered":"Besni\u2019de 27\u2019nci E\u011fitim Bayram\u0131 Tamamland\u0131: D\u00fcnyada Tek E\u011fitim Bayram\u0131 Co\u015fkuyla Kutland\u0131"},"content":{"rendered":"<p>&#8220;E\u011fitimi bayram olarak kutlayan d\u00fcnyada tek il\u00e7eyiz&#8221;<\/p>\n<p>Besni E\u011fitim Vakf\u0131 Genel Ba\u015fkan\u0131 \u015eaban \u00c7a\u011f\u0131ran, Perre Haber Ajans\u0131&#8217;na verdi\u011fi \u00f6zel r\u00f6portajda bayram\u0131n \u00f6nemini \u015fu s\u00f6zlerle vurgulad\u0131:<\/p>\n<p>&#8220;Besni&#8217;de d\u00fcnyada ilk ve tek olma \u00f6zelli\u011fine sahip bir e\u011fitim bayram\u0131 kutluyoruz. Yani e\u011fitimi bayram haline getirdik. Bu m\u00fcthi\u015f bir ayr\u0131cal\u0131k. E\u011fitim sadece okullarda yap\u0131lan bir faaliyet de\u011fildir; hayat\u0131n her alan\u0131yla ilgilidir. Biz tar\u0131mdan bili\u015fime, kooperatif\u00e7ilikten ticarete kadar her alanda fark\u0131ndal\u0131k olu\u015fturuyoruz. Bu bayram\u0131 sadece vak\u0131f olarak de\u011fil; belediye, kaymakaml\u0131k, Mehmet Erdemo\u011flu Vakf\u0131 ve sivil toplum kurulu\u015flar\u0131yla birlikte yap\u0131yoruz.&#8221;<\/p>\n<p><img decoding=\"async\" alt=\"\" src=\"https:\/\/www.hbrkahta.com\/wp-content\/uploads\/2025\/09\/besnide-27nci-egitim-bayrami-tamamlandi-dunyada-tek-egitim-bayrami-coskuyla-kutlandi-0-s2VnSFrd.jpg\"><\/p>\n<p>2025&#8217;in temas\u0131: &#8220;Besni&#8217;de Turizmin Geli\u015ftirilmesi&#8221;<\/p>\n<p>Bu y\u0131l i\u00e7in &#8220;turizm&#8221; temas\u0131 belirlendi. \u00c7a\u011f\u0131ran, haz\u0131rlanan yeni projeyi \u015fu s\u00f6zlerle a\u00e7\u0131klad\u0131:<\/p>\n<p>&#8220;Besni&#8217;nin turistik de\u011ferleri var fakat yeterince tan\u0131t\u0131lmam\u0131\u015f. Bu y\u0131l Besni&#8217;de Turizm Envanteri ve K\u00fclt\u00fcrel De\u011ferlerimiz adl\u0131 QR kodlu bir kitap haz\u0131rlad\u0131k. \u00c7al\u0131\u015ftayda tan\u0131t\u0131m\u0131n\u0131 yapt\u0131k ve kat\u0131l\u0131mc\u0131lara \u00fccretsiz da\u011f\u0131tt\u0131k. Hedefimiz yaln\u0131zca ekonomik katk\u0131 de\u011fil; ayn\u0131 zamanda k\u00fclt\u00fcrel d\u00f6n\u00fc\u015f\u00fcm\u00fc sa\u011flamak ve il\u00e7emizi turizme kazand\u0131rmak.&#8221;<\/p>\n<p>4 g\u00fcne yay\u0131lan zengin program<\/p>\n<p>Daha \u00f6nce 3 g\u00fcn yap\u0131lan etkinlikler bu y\u0131l ilk kez 4 g\u00fcne \u00e7\u0131kar\u0131ld\u0131. \u00c7a\u011f\u0131ran, sebebini &#8220;yo\u011fun etkinlik program\u0131n\u0131 s\u0131\u011fd\u0131rabilmek&#8221; olarak a\u00e7\u0131klad\u0131.<\/p>\n<p>Per\u015fembe: 5 k\u00fct\u00fcphane a\u00e7\u0131l\u0131\u015f\u0131, iki okulda b\u00f6ceklerle ekoloji e\u011fitimi, Hacivat-Karag\u00f6z g\u00f6sterileri, 6-8 ya\u015f grubu i\u00e7in di\u015f sa\u011fl\u0131\u011f\u0131 fark\u0131ndal\u0131\u011f\u0131. En dikkat \u00e7eken etkinlik ise Besni&#8217;deki 54 okulda e\u015f zamanl\u0131 kariyer ve meslek tan\u0131t\u0131m etkinlikleri oldu.<\/p>\n<p>Cuma: Yakla\u015f\u0131k 3 bin ki\u015finin kat\u0131ld\u0131\u011f\u0131 e\u011fitim y\u00fcr\u00fcy\u00fc\u015f\u00fc ger\u00e7ekle\u015ftirildi. Milli E\u011fitim Bakan\u0131&#8217;n\u0131n da kat\u0131ld\u0131\u011f\u0131 t\u00f6rende; Ad\u0131yaman Belediye Ba\u015fkan\u0131 Abdurrahman Tutdere, Besni Belediye Ba\u015fkan\u0131 Re\u015fit Alkan ve Mehmet Erdemo\u011flu Vakf\u0131 temsilcileri konu\u015fma yapt\u0131. Dr. Necip \u00d6zt\u00fcrk Ortaokulu ve Tut&#8217;taki k\u00fclt\u00fcr merkezinin a\u00e7\u0131l\u0131\u015f\u0131 yap\u0131ld\u0131. Ak\u015fam ise Latif Do\u011fan ve Song\u00fcl Karl\u0131 konser verdi.<\/p>\n<p>Cumartesi: Giri\u015fimcilik paneli, bilimsel projelerin sunumu, tiyatro g\u00f6sterileri, resim sergileri ve halk konserleri d\u00fczenlendi. &#8220;Gen\u00e7 Beyinler, B\u00fcy\u00fck Fikirler&#8221; panelinde giri\u015fimcilik ve inovasyon konular\u0131 i\u015flendi.<\/p>\n<p>Pazar: Bayram\u0131n son g\u00fcn\u00fcnde K\u0131z\u0131l\u0131n b\u00f6lgesinde Merinos \u0130skelesi&#8217;nin a\u00e7\u0131l\u0131\u015f\u0131 yap\u0131ld\u0131. G\u00f6ksu ve F\u0131rat&#8217;\u0131n birle\u015fti\u011fi noktada ger\u00e7ekle\u015ftirilen programda tekne turlar\u0131 ve k\u00fcrek g\u00f6sterileri yap\u0131ld\u0131. Vatanda\u015flara \u00e7i\u011f k\u00f6fte ikram edildi.<\/p>\n<p>&#8220;Gelece\u011fin bilim insanlar\u0131n\u0131 yeti\u015ftirmeyi hedefliyoruz&#8221;<\/p>\n<p>\u00c7a\u011f\u0131ran, bayramda gen\u00e7lere y\u00f6nelik bilim projelerinin ayr\u0131 bir \u00f6nem ta\u015f\u0131d\u0131\u011f\u0131n\u0131 s\u00f6yledi:<\/p>\n<p>&#8220;YGA Akademi ile ortak projeler y\u00fcr\u00fct\u00fcyoruz. \u00d6\u011frencilerimizin bilim sevgisini art\u0131rmak i\u00e7in \u00e7al\u0131\u015f\u0131yoruz. Bu y\u0131l 24 \u00f6\u011frencimiz 12 farkl\u0131 projeyi bizlere sundu. Gelece\u011fin Aziz Sancar&#8217;lar\u0131n\u0131 yeti\u015ftirmek istiyoruz.&#8221;<\/p>\n<p>E\u011fitim Bayram\u0131 y\u0131l boyu s\u00fcren faaliyetlerle destekleniyor<\/p>\n<p>Besni E\u011fitim Vakf\u0131&#8217;n\u0131n yaln\u0131zca bayram g\u00fcnlerinde de\u011fil, y\u0131l boyunca \u00f6\u011frencilere burs verdi\u011fini ve \u00e7e\u015fitli e\u011fitim-k\u00fclt\u00fcr faaliyetleri d\u00fczenledi\u011fini belirten \u00c7a\u011f\u0131ran, s\u00f6zlerini \u015f\u00f6yle tamamlad\u0131:<\/p>\n<p>&#8220;Bizim i\u00e7in e\u011fitim sadece birka\u00e7 g\u00fcnle s\u0131n\u0131rl\u0131 de\u011fil. Y\u0131l\u0131n 12 ay\u0131 boyunca burs deste\u011fi sa\u011fl\u0131yoruz, paneller d\u00fczenliyoruz. E\u011fitim Bayram\u0131 bu \u00e7al\u0131\u015fmalar\u0131n vitrinidir. E\u011fitimin \u00f6nemini daha geni\u015f kitlelere ula\u015ft\u0131rmay\u0131 ama\u00e7l\u0131yoruz.&#8221;<\/p>\n<p>Pazar g\u00fcn\u00fc sona eren 27&#8217;nci Besni E\u011fitim Bayram\u0131, panellerden konserlere, k\u00fct\u00fcphane a\u00e7\u0131l\u0131\u015flar\u0131ndan turizm \u00e7al\u0131\u015ftay\u0131na kadar \u00e7ok say\u0131da etkinlikle tamamland\u0131. Kat\u0131l\u0131mc\u0131lar, &#8220;d\u00fcnyada tek&#8221; olma \u00f6zelli\u011fi ta\u015f\u0131yan bu organizasyonun il\u00e7eye k\u00fclt\u00fcrel ve ekonomik de\u011fer katt\u0131\u011f\u0131n\u0131 vurgulad\u0131.<\/p>\n<p>Kaynak : PERRE<\/p>\n","protected":false},"excerpt":{"rendered":"<p>ADIYAMAN (PERRE) &#8211; Murat KAYI\u015e &#8211; Ad\u0131yaman&#8217;\u0131n Besni il\u00e7esinde d\u00fcnyada ilk ve tek olma \u00f6zelli\u011fini ta\u015f\u0131yan Besni E\u011fitim Bayram\u0131, bu y\u0131l 27&#8217;nci kez kutland\u0131. 4 g\u00fcn boyunca d\u00fczenlenen etkinlikler pazar g\u00fcn\u00fc sona erdi. Bilimden sanata, k\u00fclt\u00fcrden turizme uzanan geni\u015f kapsaml\u0131 programlarla ger\u00e7ekle\u015ftirilen bayram, il\u00e7ede hem co\u015fku hem de fark\u0131ndal\u0131k olu\u015fturdu.<\/p>\n","protected":false},"author":1,"featured_media":18398,"comment_status":"open","ping_status":"open","sticky":false,"template":"","format":"standard","meta":{"om_disable_all_campaigns":false,"_monsterinsights_skip_tracking":false,"_monsterinsights_sitenote_active":false,"_monsterinsights_sitenote_note":"","_monsterinsights_sitenote_category":0,"footnotes":""},"categories":[1,11],"tags":[615,941,540,312,112],"aioseo_notices":[],"_links":{"self":[{"href":"https:\/\/www.hbrkahta.com\/index.php\/wp-json\/wp\/v2\/posts\/18397"}],"collection":[{"href":"https:\/\/www.hbrkahta.com\/index.php\/wp-json\/wp\/v2\/posts"}],"about":[{"href":"https:\/\/www.hbrkahta.com\/index.php\/wp-json\/wp\/v2\/types\/post"}],"author":[{"embeddable":true,"href":"https:\/\/www.hbrkahta.com\/index.php\/wp-json\/wp\/v2\/users\/1"}],"replies":[{"embeddable":true,"href":"https:\/\/www.hbrkahta.com\/index.php\/wp-json\/wp\/v2\/comments?post=18397"}],"version-history":[{"count":1,"href":"https:\/\/www.hbrkahta.com\/index.php\/wp-json\/wp\/v2\/posts\/18397\/revisions"}],"predecessor-version":[{"id":18400,"href":"https:\/\/www.hbrkahta.com\/index.php\/wp-json\/wp\/v2\/posts\/18397\/revisions\/18400"}],"wp:featuredmedia":[{"embeddable":true,"href":"https:\/\/www.hbrkahta.com\/index.php\/wp-json\/wp\/v2\/media\/18398"}],"wp:attachment":[{"href":"https:\/\/www.hbrkahta.com\/index.php\/wp-json\/wp\/v2\/media?parent=18397"}],"wp:term":[{"taxonomy":"category","embeddable":true,"href":"https:\/\/www.hbrkahta.com\/index.php\/wp-json\/wp\/v2\/categories?post=18397"},{"taxonomy":"post_tag","embeddable":true,"href":"https:\/\/www.hbrkahta.com\/index.php\/wp-json\/wp\/v2\/tags?post=18397"}],"curies":[{"name":"wp","href":"https:\/\/api.w.org\/{rel}","templated":true}]}}