{"id":18366,"date":"2025-09-29T16:12:04","date_gmt":"2025-09-29T13:12:04","guid":{"rendered":"https:\/\/www.hbrkahta.com\/?p=18366"},"modified":"2025-09-29T16:12:04","modified_gmt":"2025-09-29T13:12:04","slug":"uzunkoy-cirkin-deresi-mevkiinde-cikan-yangin-devam-ediyor","status":"publish","type":"post","link":"https:\/\/www.hbrkahta.com\/index.php\/2025\/09\/29\/uzunkoy-cirkin-deresi-mevkiinde-cikan-yangin-devam-ediyor\/","title":{"rendered":"Uzunk\u00f6y \u00c7irkin Deresi mevkiinde \u00e7\u0131kan yang\u0131n devam ediyor"},"content":{"rendered":"<p>\u015eeriban \u00d6Z\u00c7AKMAK &#8211; Ad\u0131yaman merkeze ba\u011fl\u0131 Uzunk\u00f6y D\u00fcza\u011fa\u00e7 mezras\u0131 yak\u0131nlar\u0131nda bulunan \u00c7irkin Deresi mevkiinde d\u00fcn \u00f6\u011fle saatlerinde \u00e7\u0131kan orman yang\u0131n\u0131n\u0131n devam etti\u011fi bildirildi. Orman yang\u0131n\u0131na ili\u015fkin bilgi veren, Uzunk\u00f6y Muhtar\u0131 Ali\u015fan \u00d6zdo\u011fan, d\u00fcn \u00f6\u011fleden sonra saat 14.30-15.00 saatleri aras\u0131nda \u00e7\u0131kan yang\u0131n\u0131n t\u00fcm m\u00fcdahalelere ra\u011fmen s\u00f6nd\u00fcr\u00fclemedi\u011fini belirtti.<\/p>\n<p>Yang\u0131na m\u00fcdahale etmek i\u00e7in Orman \u0130\u015fletme M\u00fcd\u00fcrl\u00fc\u011f\u00fc, AFAD ve UMKE ekiplerinin b\u00f6lgeye geldi\u011fini s\u00f6yleyen \u00d6zdo\u011fan, ormanl\u0131k alanda yol olmad\u0131\u011f\u0131 i\u00e7in itfaiye ara\u00e7lar\u0131n\u0131n yang\u0131n alan\u0131na ula\u015famad\u0131\u011f\u0131n\u0131 dile getirdi. \u00d6zdo\u011fan, olay yerine sevk edilen helikopterlerin ak\u015fam saatlerinde iki kez yang\u0131na m\u00fcdahale etti\u011fini, ancak gece g\u00f6r\u00fc\u015f sistemlerinin olmamas\u0131 nedeniyle \u00e7al\u0131\u015fmalar\u0131na devam edemedi\u011fini aktard\u0131.<\/p>\n<p>Yang\u0131n\u0131n kontrol alt\u0131na al\u0131namad\u0131\u011f\u0131n\u0131 ve geni\u015f bir alana yay\u0131ld\u0131\u011f\u0131n\u0131 belirten \u00d6zdo\u011fan,&#8221;\u015eu an hem kep\u00e7emiz hem de dolzerimiz yang\u0131n alan\u0131na ula\u015fmak i\u00e7in yol a\u00e7\u0131yor, bir yandan sivil ekipler \u00e7al\u0131\u015f\u0131yor, bir yandan helikopterler gelmi\u015f durumda ancak yang\u0131n hen\u00fcz kontrol alt\u0131na al\u0131nm\u0131\u015f de\u011fil&#8221; dedi.<\/p>\n<p>\u00d6zdo\u011fan, \u00e7evre k\u00f6ylerden de destek beklediklerini belis\u00f6yleyerek, &#8220;herkesi duyarl\u0131 olmaya davet ediyorum&#8221; dedi.<\/p>\n<p>Ayn\u0131 zamanda \u00d6zdo\u011fan, yakla\u015f\u0131k 20 g\u00fcn \u00f6nce Ad\u0131yaman Valisi Dr. Osman Varol ile g\u00f6r\u00fc\u015ferek, kendisine Uzunk\u00f6y, \u00c7amyurdu ve Yaz\u0131ba\u015f\u0131 mevkiilerinde olas\u0131 bir yang\u0131nda yol sorunlar\u0131 nedeniyle m\u00fcdahale edilemeyece\u011fini iletti\u011fini ve yetkililerin konuyu ilgili birimlere bildireceklerini s\u00f6ylediklerini aktard\u0131. \u00d6zdo\u011fan, &#8220;Ke\u015fke bu felaketten \u00f6nce yol ve ula\u015f\u0131m sorunu \u00e7\u00f6z\u00fclm\u00fc\u015f olsayd\u0131. \u015eu anda t\u00fcm ekiplerle \u00e7al\u0131\u015f\u0131yoruz, in\u015fallah k\u0131sa s\u00fcrede s\u00f6nd\u00fcrmeye \u00e7al\u0131\u015faca\u011f\u0131z&#8221; ifadelerini kulland\u0131.<\/p>\n<p>Kaynak : PERRE<\/p>\n","protected":false},"excerpt":{"rendered":"<p>ADIYAMAN (PERRE) &#8211; \u015eeriban \u00d6Z\u00c7AKMAK &#8211; Ad\u0131yaman merkeze ba\u011fl\u0131 Uzunk\u00f6y D\u00fcza\u011fa\u00e7 mezras\u0131 yak\u0131nlar\u0131nda bulunan \u00c7irkin Deresi mevkiinde d\u00fcn \u00f6\u011fle saatlerinde \u00e7\u0131kan orman yang\u0131n\u0131n\u0131n devam etti\u011fi bildirildi. Orman yang\u0131n\u0131na ili\u015fkin bilgi veren, Uzunk\u00f6y Muhtar\u0131 Ali\u015fan \u00d6zdo\u011fan, d\u00fcn \u00f6\u011fleden sonra saat 14.30-15.00 saatleri aras\u0131nda \u00e7\u0131kan yang\u0131n\u0131n t\u00fcm m\u00fcdahalelere ra\u011fmen s\u00f6nd\u00fcr\u00fclemedi\u011fini belirtti.<br \/>\nYang\u0131na m\u00fcdahale etmek i\u00e7in Orman \u0130\u015fletme M\u00fcd\u00fcrl\u00fc\u011f\u00fc, AFAD ve UMKE ekiplerinin b\u00f6lgeye geldi\u011fini s\u00f6yleyen \u00d6zdo\u011fan, ormanl\u0131k alanda yol olmad\u0131\u011f\u0131 i\u00e7in itfaiye ara\u00e7lar\u0131n\u0131n yang\u0131n alan\u0131na ula\u015famad\u0131\u011f\u0131n\u0131 dile getirdi. \u00d6zdo\u011fan, olay yerine sevk edilen helikopterlerin ak\u015fam saatlerinde iki kez yang\u0131na m\u00fcdahale etti\u011fini, ancak gece g\u00f6r\u00fc\u015f sistemlerinin olmamas\u0131 nedeniyle \u00e7al\u0131\u015fmalar\u0131na devam edemedi\u011fini aktard\u0131.<br \/>\nYang\u0131n\u0131n kontrol alt\u0131na al\u0131namad\u0131\u011f\u0131n\u0131 ve geni\u015f bir alana yay\u0131ld\u0131\u011f\u0131n\u0131 belirten \u00d6zdo\u011fan,&#8221;\u015eu an hem kep\u00e7emiz hem de dolzerimiz yang\u0131n alan\u0131na ula\u015fmak i\u00e7in yol a\u00e7\u0131yor, bir yandan sivil ekipler \u00e7al\u0131\u015f\u0131yor, bir ya<\/p>\n","protected":false},"author":1,"featured_media":18367,"comment_status":"open","ping_status":"open","sticky":false,"template":"","format":"standard","meta":{"om_disable_all_campaigns":false,"_monsterinsights_skip_tracking":false,"_monsterinsights_sitenote_active":false,"_monsterinsights_sitenote_note":"","_monsterinsights_sitenote_category":0,"footnotes":""},"categories":[1,11],"tags":[540,2732,701],"aioseo_notices":[],"_links":{"self":[{"href":"https:\/\/www.hbrkahta.com\/index.php\/wp-json\/wp\/v2\/posts\/18366"}],"collection":[{"href":"https:\/\/www.hbrkahta.com\/index.php\/wp-json\/wp\/v2\/posts"}],"about":[{"href":"https:\/\/www.hbrkahta.com\/index.php\/wp-json\/wp\/v2\/types\/post"}],"author":[{"embeddable":true,"href":"https:\/\/www.hbrkahta.com\/index.php\/wp-json\/wp\/v2\/users\/1"}],"replies":[{"embeddable":true,"href":"https:\/\/www.hbrkahta.com\/index.php\/wp-json\/wp\/v2\/comments?post=18366"}],"version-history":[{"count":1,"href":"https:\/\/www.hbrkahta.com\/index.php\/wp-json\/wp\/v2\/posts\/18366\/revisions"}],"predecessor-version":[{"id":18368,"href":"https:\/\/www.hbrkahta.com\/index.php\/wp-json\/wp\/v2\/posts\/18366\/revisions\/18368"}],"wp:featuredmedia":[{"embeddable":true,"href":"https:\/\/www.hbrkahta.com\/index.php\/wp-json\/wp\/v2\/media\/18367"}],"wp:attachment":[{"href":"https:\/\/www.hbrkahta.com\/index.php\/wp-json\/wp\/v2\/media?parent=18366"}],"wp:term":[{"taxonomy":"category","embeddable":true,"href":"https:\/\/www.hbrkahta.com\/index.php\/wp-json\/wp\/v2\/categories?post=18366"},{"taxonomy":"post_tag","embeddable":true,"href":"https:\/\/www.hbrkahta.com\/index.php\/wp-json\/wp\/v2\/tags?post=18366"}],"curies":[{"name":"wp","href":"https:\/\/api.w.org\/{rel}","templated":true}]}}