{"id":18358,"date":"2025-09-29T15:48:05","date_gmt":"2025-09-29T12:48:05","guid":{"rendered":"https:\/\/www.hbrkahta.com\/?p=18358"},"modified":"2025-09-29T15:48:05","modified_gmt":"2025-09-29T12:48:05","slug":"yavuz-bulent-bakilerin-vefati-edebiyat-dunyasinda-buyuk-uzuntu-yaratti","status":"publish","type":"post","link":"https:\/\/www.hbrkahta.com\/index.php\/2025\/09\/29\/yavuz-bulent-bakilerin-vefati-edebiyat-dunyasinda-buyuk-uzuntu-yaratti\/","title":{"rendered":"Yavuz B\u00fclent Bakiler\u2019in vefat\u0131 edebiyat d\u00fcnyas\u0131nda b\u00fcy\u00fck \u00fcz\u00fcnt\u00fc yaratt\u0131"},"content":{"rendered":"<p>&#8220;\u015eair&#8217;in miras\u0131 \u015fiirleridir&#8221;<\/p>\n<p>Perre Haber Ajans\u0131 K\u00fclt\u00fcr-Sanat Haberleri Edit\u00f6r\u00fc ve \u015fair Murat Kay\u0131\u015f, Bakiler&#8217;in vefat\u0131n\u0131n edebiyat d\u00fcnyas\u0131nda b\u00fcy\u00fck bir bo\u015fluk yaratt\u0131\u011f\u0131n\u0131 belirterek, ustaya duydu\u011fu sayg\u0131y\u0131 \u015fu s\u00f6zlerle dile getirdi:<\/p>\n<p>&#8220;\u015eair&#8217;in miras\u0131 \u015fiirleridir ve biz, \u015fiirlerine sahip \u00e7\u0131karak an\u0131s\u0131n\u0131 ya\u015fatmaya devam edece\u011fiz. Yavuz B\u00fclent Bakiler, derin duygunun tan\u0131m\u0131n\u0131 \u015fiirlerindeki imgelemelerinde yans\u0131tm\u0131\u015f, \u015fair olabilmenin inceli\u011fini izah yetene\u011finde sergileyebilmi\u015f zarif bir \u00fcstad\u0131m\u0131zd\u0131. Dili en sade ve en do\u011fru \u015fekilde kullanabilmesi her zaman takdir edilmi\u015ftir. Bir\u00e7ok alanda ba\u015far\u0131lara imza atan bu b\u00fcy\u00fck isim, sanatseverlere ilham kayna\u011f\u0131 olmu\u015ftur.&#8221;<\/p>\n<p>Bakiler&#8217;in \u015fiirleriyle b\u00fcy\u00fcyen bir ku\u015faktan geldi\u011fini s\u00f6yleyen Kay\u0131\u015f, &#8220;Bir\u00e7ok \u015fiirini defalarca seslendirdim. En \u00e7ok beni etkileyen ise &#8216;\u015ea\u015f\u0131rd\u0131m Kald\u0131m \u0130\u015fte&#8217; \u015fiiridir. \u0130lk dinledi\u011fimde g\u00fcnlerce etkisinde kald\u0131m ve bu etkiyle o \u015fiire bir nazire yazd\u0131m.&#8221; dedi.<\/p>\n<p>T\u00fcrk edebiyat\u0131n\u0131n zarif sesi: Yavuz B\u00fclent Bakiler<\/p>\n<p>23 Nisan 1936&#8217;da Sivas&#8217;ta do\u011fan Yavuz B\u00fclent Bakiler, k\u00f6kleri Azerbaycan&#8217;\u0131n Karaba\u011f b\u00f6lgesine dayanan bir ailenin \u00e7ocu\u011fuydu. \u0130lk ve orta\u00f6\u011frenimini Sivas, Gaziantep ve Malatya&#8217;da tamamlayan Bakiler, 1960 y\u0131l\u0131nda Ankara \u00dcniversitesi Hukuk Fak\u00fcltesi&#8217;nden mezun oldu.<\/p>\n<p>Kariyeri boyunca gazetecilik, avukatl\u0131k, y\u00f6neticilik ve kamu g\u00f6revlerinde bulunan Bakiler; TRT Ankara Radyosu&#8217;nda k\u00fclt\u00fcr programlar\u0131 haz\u0131rlad\u0131, Adalet Partisi&#8217;nde aktif siyasette yer ald\u0131, K\u00fclt\u00fcr ve Turizm Bakanl\u0131\u011f\u0131&#8217;nda m\u00fcste\u015far yard\u0131mc\u0131l\u0131\u011f\u0131 yapt\u0131. 1994 y\u0131l\u0131nda emekli olduktan sonra yaz\u0131 ve d\u00fc\u015f\u00fcnce d\u00fcnyas\u0131na katk\u0131lar\u0131n\u0131 s\u00fcrd\u00fcrd\u00fc.<\/p>\n<p>Bakiler&#8217;in ilk \u015fiiri 1953&#8217;te T\u00fcrk Sanat\u0131 dergisinde yay\u0131mland\u0131. Daha sonra uzun y\u0131llar Terc\u00fcman ve T\u00fcrkiye gazetelerinde k\u00f6\u015fe yazarl\u0131\u011f\u0131 yapt\u0131. 2022&#8217;de Cumhurba\u015fkanl\u0131\u011f\u0131 K\u00fclt\u00fcr ve Sanat B\u00fcy\u00fck \u00d6d\u00fcl\u00fc&#8217;ne, ayn\u0131 y\u0131l T\u00fcrkiye Yazarlar Birli\u011fi \u00dcst\u00fcn Hizmet \u00d6d\u00fcl\u00fc&#8217;ne lay\u0131k g\u00f6r\u00fcld\u00fc.<\/p>\n<p>Bir ku\u015fa\u011f\u0131n haf\u0131zas\u0131na kaz\u0131nan \u015fiir<\/p>\n<p>Bakiler, T\u00fcrk \u015fiirinde sade dili, g\u00fc\u00e7l\u00fc imge d\u00fcnyas\u0131 ve i\u00e7ten duygular\u0131yla iz b\u0131rakt\u0131. \u015eairin en bilinen \u015fiirlerinden biri olan &#8220;\u015ea\u015f\u0131rd\u0131m Kald\u0131m \u0130\u015fte&#8221;, derin a\u015fk ve teslimiyet duygusunu yans\u0131tan dizeleriyle haf\u0131zalara kaz\u0131nd\u0131:<\/p>\n<p>\u015eA\u015eIRDIM KALDIM \u0130\u015eTE<\/p>\n<p>S\u00f6zde, senden ka\u00e7\u0131yorum doludizgin atlarla,<\/p>\n<p>B&acirc;zan sessiz sedas\u0131z, ipekten kanatlarla,<\/p>\n<p>Ama sen hep bin y\u0131ll\u0131k bilenmi\u015f inatlarla,<\/p>\n<p>Kar\u015f\u0131ma \u00e7\u0131k\u0131yorsun en serin imbatlarla&#8230;<\/p>\n<p>(&#8230;)<\/p>\n<p>\u015ea\u015f\u0131rd\u0131m kald\u0131m i\u015fte, bilmem ki n&#8217;emsin?<\/p>\n<p>Bazan k\u0131zkarde\u015fimsin, bazan \u00f6p\u00f6z annemsin,<\/p>\n<p>Sultan\u0131ms\u0131n susunca, konu\u015funca k\u00f6lemsin,<\/p>\n<p>Eksilmeyen \u00e7ilemsin,<\/p>\n<p>Orada ufuk \u00e7izgim, burda yan\u0131m y\u00f6remsin,<\/p>\n<p>Beni ruh gibi saran sonsuzluk dairemsin,<\/p>\n<p>\u00c7aresizim, \u00e7aremsin.<\/p>\n<p>\u015ea\u015f\u0131rd\u0131m kald\u0131m i\u015fte, bilmem ki n&#8217;emsin?<\/p>\n<p><img decoding=\"async\" alt=\"\" src=\"https:\/\/www.hbrkahta.com\/wp-content\/uploads\/2025\/09\/yavuz-bulent-bakilerin-vefati-edebiyat-dunyasinda-buyuk-uzuntu-yaratti-0-8ENfc5lN.jpg\"><\/p>\n<p>Murat Kay\u0131\u015f&#8217;tan ustaya sayg\u0131 duru\u015fu: &#8220;S\u00f6nmeyen Kandil&#8221;<\/p>\n<p>Perre Haber Ajans\u0131 K\u00fclt\u00fcr-Sanat Edit\u00f6r\u00fc Murat Kay\u0131\u015f, Bakiler&#8217;in &#8220;\u015ea\u015f\u0131rd\u0131m Kald\u0131m \u0130\u015fte&#8221; \u015fiirine duydu\u011fu hayranl\u0131\u011f\u0131 g\u00f6stermek amac\u0131yla bir nazire kaleme ald\u0131. &#8220;S\u00f6nmeyen Kandil&#8221; adl\u0131 bu \u015fiir, ustaya bir sayg\u0131 duru\u015fu niteli\u011fi ta\u015f\u0131yor:<\/p>\n<\/p>\n<p>S\u00f6nmeyen Kandil<\/p>\n<p>Kar\u015f\u0131ma \u00e7\u0131k\u0131yorsun en sert r\u00fczgarlarla<\/p>\n<p>Tufan oluyor yery\u00fcz\u00fc y\u00fcz\u00fcme en derin s\u0131navlarla<\/p>\n<p>Bedenimden cayd\u0131m ruhunda kald\u0131m<\/p>\n<\/p>\n<p>Sen diye bakt\u0131\u011f\u0131m ufuklarda<\/p>\n<p>Akl\u0131mdan \u00e7\u0131km\u0131yorsun baharlarla<\/p>\n<\/p>\n<p>As\u0131l\u0131yken k\u00fcllenmi\u015f ac\u0131lar zihnin doruklar\u0131nda<\/p>\n<p>Sakl\u0131yken d\u00fcnyadan ar\u0131nm\u0131\u015f dermanlar g\u00f6\u011f\u00fcn kalburunda<\/p>\n<p>R\u00fcyama gel istiyorum kutlu bayramlarla<\/p>\n<\/p>\n<p>Ver beni sendeki beni<\/p>\n<p>\u00d6ks\u00fcz nefesimi<\/p>\n<p>\u00c7a\u011flayan sesimi<\/p>\n<p>Sensizlik direni\u015fimi<\/p>\n<p>S\u00fcsle g\u00f6nl\u00fcm\u00fc g\u00fcnahs\u0131z bak\u0131\u015flar\u0131nla<\/p>\n<\/p>\n<p>Bir g\u00fcn gelir de tutarsan ellerimi<\/p>\n<p>Y\u00fczy\u0131ll\u0131k a\u015fklar a\u015f\u0131klar duysun serzeni\u015fimi<\/p>\n<p>Kahinler yazs\u0131n durmas\u0131n bendeki seni<\/p>\n<p><img decoding=\"async\" alt=\"\" src=\"https:\/\/www.hbrkahta.com\/wp-content\/uploads\/2025\/09\/yavuz-bulent-bakilerin-vefati-edebiyat-dunyasinda-buyuk-uzuntu-yaratti-1-PQ6ep2SX.jpg\"><\/p>\n<p>&#8220;Hat\u0131ras\u0131 \u015fiirlerinde ya\u015fayacak&#8221;<\/p>\n<p>Yavuz B\u00fclent Bakiler, 28 Eyl\u00fcl 2025&#8217;te 89 ya\u015f\u0131nda hayata veda etti. T\u00fcrk edebiyat\u0131nda derin izler b\u0131rakan \u015fairin cenazesi \u0130stanbul&#8217;da d\u00fczenlenecek t\u00f6renin ard\u0131ndan topra\u011fa verilecek.<\/p>\n<p>Murat Kay\u0131\u015f, &#8220;\u015eairi ya\u015fatan onun kelimeleridir. Yavuz hocan\u0131n hat\u0131ras\u0131 \u015fiirlerinde ya\u015famaya devam edecek. Biz de bu mirasa sahip \u00e7\u0131karak onu her daim anaca\u011f\u0131z.&#8221; dedi.<\/p>\n<p>Kaynak : PERRE<\/p>\n","protected":false},"excerpt":{"rendered":"<p>ADIYAMAN (PERRE) &#8211; \u015eeriban \u00d6Z\u00c7AKMAK &#8211; T\u00fcrk \u015fiirinin ya\u015fayan son b\u00fcy\u00fck temsilcilerinden biri olarak kabul edilen Yavuz B\u00fclent Bakiler&#8217;in 28 Eyl\u00fcl 2025&#8217;te hayat\u0131n\u0131 kaybetmesi, edebiyat ve k\u00fclt\u00fcr d\u00fcnyas\u0131nda derin bir \u00fcz\u00fcnt\u00fcye neden oldu. 89 ya\u015f\u0131nda \u0130stanbul&#8217;da hayata veda eden Bakiler, ard\u0131nda bir ku\u015fa\u011f\u0131n haf\u0131zas\u0131na kaz\u0131nan onlarca \u015fiir, makale ve eser b\u0131rakt\u0131.<\/p>\n","protected":false},"author":1,"featured_media":18359,"comment_status":"open","ping_status":"open","sticky":false,"template":"","format":"standard","meta":{"om_disable_all_campaigns":false,"_monsterinsights_skip_tracking":false,"_monsterinsights_sitenote_active":false,"_monsterinsights_sitenote_note":"","_monsterinsights_sitenote_category":0,"footnotes":""},"categories":[1,11],"tags":[540,2730,2731,509,708],"aioseo_notices":[],"_links":{"self":[{"href":"https:\/\/www.hbrkahta.com\/index.php\/wp-json\/wp\/v2\/posts\/18358"}],"collection":[{"href":"https:\/\/www.hbrkahta.com\/index.php\/wp-json\/wp\/v2\/posts"}],"about":[{"href":"https:\/\/www.hbrkahta.com\/index.php\/wp-json\/wp\/v2\/types\/post"}],"author":[{"embeddable":true,"href":"https:\/\/www.hbrkahta.com\/index.php\/wp-json\/wp\/v2\/users\/1"}],"replies":[{"embeddable":true,"href":"https:\/\/www.hbrkahta.com\/index.php\/wp-json\/wp\/v2\/comments?post=18358"}],"version-history":[{"count":1,"href":"https:\/\/www.hbrkahta.com\/index.php\/wp-json\/wp\/v2\/posts\/18358\/revisions"}],"predecessor-version":[{"id":18362,"href":"https:\/\/www.hbrkahta.com\/index.php\/wp-json\/wp\/v2\/posts\/18358\/revisions\/18362"}],"wp:featuredmedia":[{"embeddable":true,"href":"https:\/\/www.hbrkahta.com\/index.php\/wp-json\/wp\/v2\/media\/18359"}],"wp:attachment":[{"href":"https:\/\/www.hbrkahta.com\/index.php\/wp-json\/wp\/v2\/media?parent=18358"}],"wp:term":[{"taxonomy":"category","embeddable":true,"href":"https:\/\/www.hbrkahta.com\/index.php\/wp-json\/wp\/v2\/categories?post=18358"},{"taxonomy":"post_tag","embeddable":true,"href":"https:\/\/www.hbrkahta.com\/index.php\/wp-json\/wp\/v2\/tags?post=18358"}],"curies":[{"name":"wp","href":"https:\/\/api.w.org\/{rel}","templated":true}]}}