{"id":18342,"date":"2025-09-29T15:00:06","date_gmt":"2025-09-29T12:00:06","guid":{"rendered":"https:\/\/www.hbrkahta.com\/?p=18342"},"modified":"2025-09-29T15:00:06","modified_gmt":"2025-09-29T12:00:06","slug":"adiyaman-platformu-adiyaman-stadyumu-yuzyilin-ihtiyaci-dusunulerek-insa-edilmeli","status":"publish","type":"post","link":"https:\/\/www.hbrkahta.com\/index.php\/2025\/09\/29\/adiyaman-platformu-adiyaman-stadyumu-yuzyilin-ihtiyaci-dusunulerek-insa-edilmeli\/","title":{"rendered":"Ad\u0131yaman Platformu: \u2018Ad\u0131yaman Stadyumu, y\u00fczy\u0131l\u0131n ihtiyac\u0131 d\u00fc\u015f\u00fcn\u00fclerek in\u015fa edilmeli\u2019"},"content":{"rendered":"<p><span>\u015eeriban \u00d6Z\u00c7AKMAK &#8211; Ad\u0131yaman Platformu yeni d\u00f6nem Eyl\u00fcl ay\u0131 toplant\u0131s\u0131nda, g\u00fcndemde ya\u015fanan sorunlar ve \u00e7\u00f6z\u00fcm \u00f6nerileri b\u00f6l\u00fcm\u00fcnde konu\u015fan \u00fcyeler, Ad\u0131yaman \u015eehir Stadyumu yap\u0131m i\u015finin en az gelecek y\u00fczy\u0131l\u0131n ihtiyac\u0131 d\u00fc\u015f\u00fcn\u00fclerek planlanmas\u0131 gerekti\u011fini dile getirdi.<\/span><\/p>\n<p><span>Ad\u0131yaman Platformu Eyl\u00fcl ay\u0131 toplant\u0131s\u0131na, AK Parti Ad\u0131yaman Milletvekili H\u00fcseyin \u00d6zhan ve \u0130l Gen\u00e7lik Spor M\u00fcd\u00fcr\u00fc H\u00fcseyin El\u00fcst\u00fc de kat\u0131ld\u0131.<\/span><\/p>\n<p><span>&#8220;Platform Y\u00fcr\u00fctme Kurulu Toplant\u0131lar\u0131m\u0131z\u0131 \u0130ki Ayda Bir Yapaca\u011f\u0131z&#8221;<\/span><\/p>\n<p><span>A\u00e7\u0131\u015f konu\u015fmas\u0131n\u0131 yapan Ad\u0131yaman Platformu S\u00f6zc\u00fcs\u00fc Zeynel Abidin K\u0131ymaz, platformun kurulu\u015f amac\u0131n\u0131 hat\u0131rlatarak &#8220;Ad\u0131yaman Platformu bir ihtiya\u00e7tan do\u011fdu. Bin y\u0131lda bir g\u00f6r\u00fclen, d\u00fcnya \u00e7ap\u0131nda b\u00fcy\u00fck bir felakete ev sahipli\u011fi yapt\u0131k. Burada bulunan her bir \u00fcyenin onlarca can kayb\u0131 oldu, mal kayb\u0131 oldu, uzuvlar\u0131n\u0131 kaybedenler oldu. Hepimizin bu insanlar\u0131n yetimlerine, geride b\u0131rakt\u0131klar\u0131na kar\u015f\u0131 sorumluluklar\u0131m\u0131z var. Ge\u00e7en y\u0131la g\u00f6re sorunlarda azalma g\u00f6r\u00fclse de devam eden \u00f6nemli sorunlar var. Bizler bu sorunlar\u0131n \u00e7\u00f6z\u00fcm\u00fcne d\u00fc\u015f\u00fcncelerimizle, projelerimizle katk\u0131 sunmaya \u00e7al\u0131\u015f\u0131yoruz. Bundan b\u00f6yle platform y\u00fcr\u00fctme kurulu toplant\u0131lar\u0131m\u0131z\u0131 iki ayda bir yapaca\u011f\u0131z.&#8221;<\/span><\/p>\n<p><b><span>&#8220;Ad\u0131yaman Sahipsiz De\u011fil, Her Alanda \u00c7al\u0131\u015fma Yap\u0131yoruz&#8221;<\/span><\/b><\/p>\n<p><span>Toplant\u0131ya kat\u0131lan AK Parti Ad\u0131yaman Milletvekili H\u00fcseyin \u00d6zhan, \u00fcyelerin dile getirdi\u011fi her sorunla ilgili \u00e7al\u0131\u015fma yapt\u0131klar\u0131n\u0131 belirterek, &#8220;H\u00fck\u00fcmetimiz, deprem sonras\u0131 b\u00f6lgeyi aya\u011fa kald\u0131rma yolunda yapt\u0131\u011f\u0131 \u00e7al\u0131\u015fmalarla b\u00fct\u00fcn d\u00fcnyada takdir g\u00f6rd\u00fc. Her devlet b\u00f6yle bir felaketin alt\u0131ndan kalkamazd\u0131. \u00dcyelerden \u00f6zellikle i\u00e7me suyu ile ilgili \u015fik&acirc;yetler dile getirildi. Biz yerel y\u00f6netimin bu alanda yapaca\u011f\u0131 \u00e7al\u0131\u015fmalara destek veririz. Bizden iki kuyu a\u00e7mam\u0131z\u0131 istediler, biz bunlar\u0131 a\u00e7t\u0131k. Belediyenin mevcut suyu vatanda\u015fa sa\u011fl\u0131kl\u0131 bir \u015fekilde ula\u015ft\u0131rma g\u00f6revi var. Ad\u0131yaman i\u00e7me suyuna Atat\u00fcrk Baraj\u0131&#8217;ndan su eklenirse vatanda\u015f musluktan su i\u00e7emez, sadece temizlikte kullan\u0131r. Ad\u0131yaman&#8217;\u0131n \u00e7evresinde i\u00e7me suyu imk&acirc;nlar\u0131 var. Yerel y\u00f6neticiler bu kaynaklarla kente takviye yaparak kay\u0131p ka\u00e7aklar\u0131 \u00f6nlemeli ve Ad\u0131yaman&#8217;\u0131 susuz b\u0131rakmamal\u0131d\u0131r. Su sorununun k\u00f6kl\u00fc \u00e7\u00f6z\u00fcm\u00fc i\u00e7in biz de \u00e7aba g\u00f6steriyoruz. Burada su\u00e7lama de\u011fil, \u00e7\u00f6z\u00fcm \u00fcretmek gerekir&#8221; ifadelerini kulland\u0131. <\/span><\/p>\n<p><span>Trafik sorununa da de\u011finen Milletvekili \u00d6zhan, &#8220;\u015eehir i\u00e7ine batt\u0131-\u00e7\u0131kt\u0131 kava\u015fa\u011f\u0131n\u0131n yap\u0131lmas\u0131 esnaf\u0131n i\u015fine engel olur. \u00c7ok acil bir proje olarak g\u00f6rm\u00fcyorum. E\u011fri\u00e7ay mevkiindeki k\u00f6pr\u00fc meselesini \u00e7\u00f6z\u00fcyoruz. Flamingo yolundan Alt\u0131n\u015fehir istikametine \u00fc\u00e7 \u015feritli bir k\u00f6pr\u00fc yaparak bu sorunu giderece\u011fiz&#8221; dedi.<\/span><\/p>\n<p><span>Yap\u0131m\u0131 planlanan stadyum hakk\u0131nda da Konu\u015fan Milletvekili \u00d6zhan, &#8220;Ad\u0131yamanspor profesyonel ligde de\u011fil. Bize 10 bin ki\u015filik bir stat en az 10 y\u0131l yeter. Stad\u0131n ayn\u0131 yerde yap\u0131lmas\u0131 ula\u015f\u0131m a\u00e7\u0131s\u0131ndan da kolay olur, \u00e7evredeki esnaf da yararlan\u0131r&#8221; ifadelerini kulland\u0131.<\/span><\/p>\n<p><span>&#8220;Gen\u00e7lere Her Bran\u015fta Spor \u0130mkan\u0131 Sa\u011fl\u0131yoruz&#8221;<\/span><\/p>\n<p><span>\u0130l Gen\u00e7lik Spor M\u00fcd\u00fcr\u00fc H\u00fcseyin El\u00fcst\u00fc ise, gen\u00e7leri \u00f6nemsediklerini ve her bran\u015fta spor yapabilmelerine imk&acirc;n sa\u011flad\u0131klar\u0131n\u0131 s\u00f6yledi. Devam eden \u00e7al\u0131\u015fmalar ve hayata ge\u00e7irilecek projeler hakk\u0131nda bilgi veren El\u00fcst\u00fc, hedeflerini ve \u00e7al\u0131\u015fma prensiplerini platform \u00fcyeleriyle payla\u015ft\u0131.<\/span><\/p>\n<p><span>Toplant\u0131n\u0131n geleneksel \u00e7i\u011fk\u00f6fte ikram\u0131 bu kez Ticaret ve Sanayi Odas\u0131 Meclis Ba\u015fkan\u0131 i\u015f insan\u0131 Gani Bereket taraf\u0131ndan kar\u015f\u0131land\u0131.<\/span><\/p>\n<p><span>Gece ge\u00e7 saatlere kadar s\u00fcren toplant\u0131ya yo\u011fun ilgi g\u00f6sterildi. Platform \u00fcyeleri aras\u0131nda Mahmut \u00dcnsal, Mustafa Duran, Selahattin Alptekin, Yunus Darba\u015f, Altan Tando\u011fan, O\u011fuz Y\u0131lmaz, Cengiz K\u0131ymaz, Onur Durmaz, Serkan G\u00fcrkan, Hasan Toprak, Ha\u015fim Yanar, Av. Abuzer Ya\u015far, Mehmet Toruno\u011flu, Hakan Dan\u0131\u015f, H\u00fcseyin El\u00fcst\u00fc, Ender A\u00e7\u0131kg\u00f6z, Gani Bereket, H\u00fcseyin G\u00f6\u00e7er, Bahattin Yeti\u015f, Beytullah \u015eahin ve Hilal Kaygusuz yer ald\u0131.<\/span><\/p>\n<\/p>\n<p>Kaynak : PERRE<\/p>\n","protected":false},"excerpt":{"rendered":"<p>ADIYAMAN (PERRE) &#8211; Ad\u0131yaman Platformu yeni d\u00f6nem Eyl\u00fcl ay\u0131 toplant\u0131s\u0131na, &#8216;Ad\u0131yaman \u015eehir Stadyumu&#8217; yap\u0131m projesi masaya yat\u0131r\u0131ld\u0131 Toplant\u0131da, yeni stadyum projesinin gelecekte de vatanda\u015f\u0131n ihtiyac\u0131n\u0131 kar\u015f\u0131layabilecek \u015fekilde in\u015fa edilmesi gerekti\u011fi vurguland\u0131.<\/p>\n","protected":false},"author":1,"featured_media":18343,"comment_status":"open","ping_status":"open","sticky":false,"template":"","format":"standard","meta":{"om_disable_all_campaigns":false,"_monsterinsights_skip_tracking":false,"_monsterinsights_sitenote_active":false,"_monsterinsights_sitenote_note":"","_monsterinsights_sitenote_category":0,"footnotes":""},"categories":[1,11],"tags":[559,540,574,239,732],"aioseo_notices":[],"_links":{"self":[{"href":"https:\/\/www.hbrkahta.com\/index.php\/wp-json\/wp\/v2\/posts\/18342"}],"collection":[{"href":"https:\/\/www.hbrkahta.com\/index.php\/wp-json\/wp\/v2\/posts"}],"about":[{"href":"https:\/\/www.hbrkahta.com\/index.php\/wp-json\/wp\/v2\/types\/post"}],"author":[{"embeddable":true,"href":"https:\/\/www.hbrkahta.com\/index.php\/wp-json\/wp\/v2\/users\/1"}],"replies":[{"embeddable":true,"href":"https:\/\/www.hbrkahta.com\/index.php\/wp-json\/wp\/v2\/comments?post=18342"}],"version-history":[{"count":1,"href":"https:\/\/www.hbrkahta.com\/index.php\/wp-json\/wp\/v2\/posts\/18342\/revisions"}],"predecessor-version":[{"id":18344,"href":"https:\/\/www.hbrkahta.com\/index.php\/wp-json\/wp\/v2\/posts\/18342\/revisions\/18344"}],"wp:featuredmedia":[{"embeddable":true,"href":"https:\/\/www.hbrkahta.com\/index.php\/wp-json\/wp\/v2\/media\/18343"}],"wp:attachment":[{"href":"https:\/\/www.hbrkahta.com\/index.php\/wp-json\/wp\/v2\/media?parent=18342"}],"wp:term":[{"taxonomy":"category","embeddable":true,"href":"https:\/\/www.hbrkahta.com\/index.php\/wp-json\/wp\/v2\/categories?post=18342"},{"taxonomy":"post_tag","embeddable":true,"href":"https:\/\/www.hbrkahta.com\/index.php\/wp-json\/wp\/v2\/tags?post=18342"}],"curies":[{"name":"wp","href":"https:\/\/api.w.org\/{rel}","templated":true}]}}