{"id":18318,"date":"2025-09-29T13:48:07","date_gmt":"2025-09-29T10:48:07","guid":{"rendered":"https:\/\/www.hbrkahta.com\/?p=18318"},"modified":"2025-09-29T13:48:07","modified_gmt":"2025-09-29T10:48:07","slug":"mhp-heyetinden-adiyamanda-yogun-temas-trafigi-milli-birlik-ve-dayanisma-ruhunu-guclendiriyoruz","status":"publish","type":"post","link":"https:\/\/www.hbrkahta.com\/index.php\/2025\/09\/29\/mhp-heyetinden-adiyamanda-yogun-temas-trafigi-milli-birlik-ve-dayanisma-ruhunu-guclendiriyoruz\/","title":{"rendered":"MHP heyetinden Ad\u0131yaman\u2019da yo\u011fun temas trafi\u011fi: \u2018Milli birlik ve dayan\u0131\u015fma ruhunu g\u00fc\u00e7lendiriyoruz\u2019"},"content":{"rendered":"<p>Heyet bas\u0131nla bulu\u015ftu, kurumlarla isti\u015fare etti<\/p>\n<p>MHP Ordu Milletvekili Naci \u015eanl\u0131t\u00fcrk, MYK \u00dcyeleri Bilgin Erta\u015f ve O\u011fuz Y\u0131lmaz, MDK \u00dcyesi Fikret G\u00f6kberk Osmana\u011fao\u011flu ile birlikte Ad\u0131yaman&#8217;da y\u00fcr\u00fctt\u00fckleri temaslar \u00e7er\u00e7evesinde, ilk olarak kentin \u00f6nde gelen bas\u0131n mensuplar\u0131yla bir araya geldi.<\/p>\n<p><img decoding=\"async\" alt=\"\" src=\"https:\/\/www.hbrkahta.com\/wp-content\/uploads\/2025\/09\/mhp-heyetinden-adiyamanda-yogun-temas-trafigi-milli-birlik-ve-dayanisma-ruhunu-guclendiriyoruz-0-x54HpfZ8.jpg\"><\/p>\n<p>Toplant\u0131da, &#8220;Ter\u00f6rs\u00fcz T\u00fcrkiye&#8221; vizyonu, milli birlik ve toplumsal dayan\u0131\u015fma \u00e7a\u011fr\u0131s\u0131 ile ilgili hedefler bas\u0131nla payla\u015f\u0131ld\u0131. Heyet, s\u00fcrecin do\u011fru anla\u015f\u0131lmas\u0131 ve kamuoyuna aktar\u0131lmas\u0131 i\u00e7in medyan\u0131n rol\u00fcn\u00fcn \u00f6nemine vurgu yapt\u0131.<\/p>\n<p><img decoding=\"async\" alt=\"\" src=\"https:\/\/www.hbrkahta.com\/wp-content\/uploads\/2025\/09\/mhp-heyetinden-adiyamanda-yogun-temas-trafigi-milli-birlik-ve-dayanisma-ruhunu-guclendiriyoruz-1-cExcUvMG.jpg\"><\/p>\n<p>\u015eehit ailelerinden cemevine kadar geni\u015f yelpazede ziyaret<\/p>\n<p>Heyet, g\u00fcn boyunca bir\u00e7ok kurum ve sivil toplum kurulu\u015funu da ziyaret etti. Program \u00e7er\u00e7evesinde \u015fu ziyaretler ger\u00e7ekle\u015ftirildi:<\/p>\n<p>T\u00fcrkiye Harp Malul\u00fc Gaziler, \u015eehit Dul ve Yetimler Derne\u011fi: \u015eehit aileleriyle bir araya gelen MHP heyeti, vatan u\u011fruna can veren kahramanlar\u0131n hat\u0131ralar\u0131n\u0131n her zaman ya\u015fat\u0131laca\u011f\u0131n\u0131 ifade etti.<\/p>\n<p><img decoding=\"async\" alt=\"\" src=\"https:\/\/www.hbrkahta.com\/wp-content\/uploads\/2025\/09\/mhp-heyetinden-adiyamanda-yogun-temas-trafigi-milli-birlik-ve-dayanisma-ruhunu-guclendiriyoruz-2-7SvgCNF4.jpg\"><\/p>\n<p>Ad\u0131yaman Ticaret ve Sanayi Odas\u0131 Ba\u015fkan\u0131 Mehmet Toruno\u011flu: Kentin ekonomik dinamikleri, yat\u0131r\u0131m potansiyeli ve b\u00f6lgesel kalk\u0131nma konular\u0131 masaya yat\u0131r\u0131ld\u0131.<\/p>\n<p>Ad\u0131yaman Barosu Ba\u015fkan\u0131 Bilal Do\u011fan: Hukukun \u00fcst\u00fcnl\u00fc\u011f\u00fc, adalet ve toplumsal bar\u0131\u015f konular\u0131nda fikir al\u0131\u015fveri\u015fi yap\u0131ld\u0131.<\/p>\n<p><img decoding=\"async\" alt=\"\" src=\"https:\/\/www.hbrkahta.com\/wp-content\/uploads\/2025\/09\/mhp-heyetinden-adiyamanda-yogun-temas-trafigi-milli-birlik-ve-dayanisma-ruhunu-guclendiriyoruz-3-kmAWQVYk.jpg\"><\/p>\n<p>R\u0131za Tanr\u0131verdi Cemevi: Alevi vatanda\u015flarla bir araya gelen heyet, toplumsal karde\u015fli\u011fin ve inan\u00e7lar aras\u0131 sayg\u0131n\u0131n milli birli\u011fin temeli oldu\u011funu vurgulad\u0131.<\/p>\n<p>Ad\u0131yaman Muhtarlar Federasyonu: Yerel y\u00f6netim temsilcileriyle yap\u0131lan g\u00f6r\u00fc\u015fmede mahallelerin ihtiya\u00e7lar\u0131, kentteki sorunlar ve \u00e7\u00f6z\u00fcm \u00f6nerileri ele al\u0131nd\u0131.<\/p>\n<p>Sendikalarla ortak hedef: Milli dayan\u0131\u015fmay\u0131 b\u00fcy\u00fctmek<\/p>\n<p><img decoding=\"async\" alt=\"\" src=\"https:\/\/www.hbrkahta.com\/wp-content\/uploads\/2025\/09\/mhp-heyetinden-adiyamanda-yogun-temas-trafigi-milli-birlik-ve-dayanisma-ruhunu-guclendiriyoruz-4-4IzGHq7E.jpg\"><\/p>\n<p>MHP heyeti ayr\u0131ca T\u00fcrkiye Kamu-Sen, T\u00dcRKAV ve Kamu-Sen&#8217;e ba\u011fl\u0131 sendika temsilcileriyle de bir araya geldi. G\u00f6r\u00fc\u015fmede, kamu \u00e7al\u0131\u015fanlar\u0131n\u0131n sorunlar\u0131, milli birlik ve sosyal devlet ilkeleri \u00e7er\u00e7evesinde ortak hedefler \u00fczerine isti\u015fare yap\u0131ld\u0131.<\/p>\n<p>&#8220;Milli birlik \u00e7a\u011fr\u0131s\u0131 sahada kar\u015f\u0131l\u0131k buluyor&#8221;<\/p>\n<p>MHP Ad\u0131yaman \u0130l Ba\u015fkanl\u0131\u011f\u0131 taraf\u0131ndan yap\u0131lan a\u00e7\u0131klamada, y\u00fcr\u00fct\u00fclen temaslar\u0131n amac\u0131n\u0131n sadece siyasi de\u011fil, toplumsal birlik ve dayan\u0131\u015fma duygusunu g\u00fc\u00e7lendirmek oldu\u011fu vurguland\u0131:<\/p>\n<p><img decoding=\"async\" alt=\"\" src=\"https:\/\/www.hbrkahta.com\/wp-content\/uploads\/2025\/09\/mhp-heyetinden-adiyamanda-yogun-temas-trafigi-milli-birlik-ve-dayanisma-ruhunu-guclendiriyoruz-5-vEAp11Kv.jpg\"><\/p>\n<p>&#8220;Genel Ba\u015fkan\u0131m\u0131z Say\u0131n Devlet Bah\u00e7eli&#8217;nin \u00f6nc\u00fcl\u00fc\u011f\u00fcnde ba\u015flat\u0131lan &#8216;Ter\u00f6rs\u00fcz T\u00fcrkiye &#8211; Milli Birlik ve Dayan\u0131\u015fma Bulu\u015fmalar\u0131&#8217; kapsam\u0131nda Ad\u0131yaman&#8217;da toplumun t\u00fcm kesimleriyle temas kurduk. \u015eehit ailelerinden meslek \u00f6rg\u00fctlerine, sivil toplum kurulu\u015flar\u0131ndan yerel y\u00f6neticilere kadar herkesle bir araya gelerek milli birlik \u00e7a\u011fr\u0131m\u0131z\u0131 sahaya ta\u015f\u0131d\u0131k. Amac\u0131m\u0131z, ter\u00f6re, ayr\u0131\u015fmaya ve kutupla\u015fmaya kar\u015f\u0131 milletimizin ortak iradesini daha da g\u00fc\u00e7lendirmektir.&#8221;<\/p>\n<p>Kaynak : PERRE<\/p>\n","protected":false},"excerpt":{"rendered":"<p>ADIYAMAN (PERRE) &#8211; \u015eeriban \u00d6Z\u00c7AKMAK &#8211; Milliyet\u00e7i Hareket Partisi&#8217;nin (MHP) 81 il ve 9 b\u00f6lgeyi kapsayan &#8216;Ter\u00f6rs\u00fcz T\u00fcrkiye &#8211; Milli Birlik ve Dayan\u0131\u015fma Bulu\u015fmalar\u0131&#8217; program\u0131 kapsam\u0131nda Ad\u0131yaman&#8217;da bulunan parti heyeti, kentte bir dizi temas ve ziyaretlerde bulundu.<\/p>\n","protected":false},"author":1,"featured_media":18319,"comment_status":"open","ping_status":"open","sticky":false,"template":"","format":"standard","meta":{"om_disable_all_campaigns":false,"_monsterinsights_skip_tracking":false,"_monsterinsights_sitenote_active":false,"_monsterinsights_sitenote_note":"","_monsterinsights_sitenote_category":0,"footnotes":""},"categories":[1,11],"tags":[2729,1042,535,2728,715],"aioseo_notices":[],"_links":{"self":[{"href":"https:\/\/www.hbrkahta.com\/index.php\/wp-json\/wp\/v2\/posts\/18318"}],"collection":[{"href":"https:\/\/www.hbrkahta.com\/index.php\/wp-json\/wp\/v2\/posts"}],"about":[{"href":"https:\/\/www.hbrkahta.com\/index.php\/wp-json\/wp\/v2\/types\/post"}],"author":[{"embeddable":true,"href":"https:\/\/www.hbrkahta.com\/index.php\/wp-json\/wp\/v2\/users\/1"}],"replies":[{"embeddable":true,"href":"https:\/\/www.hbrkahta.com\/index.php\/wp-json\/wp\/v2\/comments?post=18318"}],"version-history":[{"count":1,"href":"https:\/\/www.hbrkahta.com\/index.php\/wp-json\/wp\/v2\/posts\/18318\/revisions"}],"predecessor-version":[{"id":18326,"href":"https:\/\/www.hbrkahta.com\/index.php\/wp-json\/wp\/v2\/posts\/18318\/revisions\/18326"}],"wp:featuredmedia":[{"embeddable":true,"href":"https:\/\/www.hbrkahta.com\/index.php\/wp-json\/wp\/v2\/media\/18319"}],"wp:attachment":[{"href":"https:\/\/www.hbrkahta.com\/index.php\/wp-json\/wp\/v2\/media?parent=18318"}],"wp:term":[{"taxonomy":"category","embeddable":true,"href":"https:\/\/www.hbrkahta.com\/index.php\/wp-json\/wp\/v2\/categories?post=18318"},{"taxonomy":"post_tag","embeddable":true,"href":"https:\/\/www.hbrkahta.com\/index.php\/wp-json\/wp\/v2\/tags?post=18318"}],"curies":[{"name":"wp","href":"https:\/\/api.w.org\/{rel}","templated":true}]}}