{"id":18313,"date":"2025-09-29T13:36:05","date_gmt":"2025-09-29T10:36:05","guid":{"rendered":"https:\/\/www.hbrkahta.com\/?p=18313"},"modified":"2025-09-29T13:36:05","modified_gmt":"2025-09-29T10:36:05","slug":"mhp-heyetinden-adiyaman-muhtarlar-federasyonuna-ziyaret-silahlarin-golgesinde-baris-olmaz","status":"publish","type":"post","link":"https:\/\/www.hbrkahta.com\/index.php\/2025\/09\/29\/mhp-heyetinden-adiyaman-muhtarlar-federasyonuna-ziyaret-silahlarin-golgesinde-baris-olmaz\/","title":{"rendered":"MHP heyetinden Ad\u0131yaman Muhtarlar Federasyonu\u2019na ziyaret: \u2018Silahlar\u0131n g\u00f6lgesinde bar\u0131\u015f olmaz\u2019"},"content":{"rendered":"<p>Muhtarlarla \u00e7\u00f6z\u00fcm odakl\u0131 g\u00f6r\u00fc\u015fme<\/p>\n<p>MHP Ordu Milletvekili Naci \u015eanl\u0131t\u00fcrk, MHP MYK \u00dcyesi O\u011fuz Y\u0131lmaz, MHP MDK \u00dcyeleri Fikret G\u00f6kberk Osmana\u011fao\u011flu ve Bilgin Erta\u015f, MHP Ad\u0131yaman \u0130l Ba\u015fkan\u0131 Ali \u00d6nat, MHP Merkez \u0130l\u00e7e Ba\u015fkan\u0131 Sel\u00e7uk Aslancan ve \u00dclk\u00fc Ocaklar\u0131 Ad\u0131yaman \u0130l Ba\u015fkan\u0131 Mehmet Ert\u00fcrk&#8217;ten olu\u015fan heyet, Ad\u0131yaman Muhtarlar Federasyonu&#8217;nu ziyaret ederek yerel sorunlar\u0131, ter\u00f6rle m\u00fccadele s\u00fcrecini ve \u00e7\u00f6z\u00fcm \u00f6nerilerini muhtarlarla de\u011ferlendirdi.<\/p>\n<p>\u015eanl\u0131t\u00fcrk: &#8220;Ad\u0131yaman karde\u015fli\u011fin ve birlikteli\u011fin sembol\u00fc&#8221;<\/p>\n<p>Ziyarette konu\u015fan MHP Ordu Milletvekili Naci \u015eanl\u0131t\u00fcrk, 6 \u015eubat depremlerinde Ad\u0131yaman&#8217;da ya\u015fanan b\u00fcy\u00fck y\u0131k\u0131m ve kay\u0131plar\u0131 hat\u0131rlatarak devletin t\u00fcm imk&acirc;nlar\u0131n\u0131 seferber etti\u011fini s\u00f6yledi:<\/p>\n<p>&#8220;6 \u015eubat depreminde Ad\u0131yaman&#8217;da \u00e7ok b\u00fcy\u00fck can kay\u0131plar\u0131 ve y\u0131k\u0131mlar ya\u015fand\u0131. Devletimiz t\u00fcm imk&acirc;nlar\u0131n\u0131 seferber ederek bu zorlu s\u00fcreci omuzlamaya \u00e7al\u0131\u015f\u0131yor. Allah bir daha b\u00f6yle ac\u0131lar ya\u015fatmas\u0131n.&#8221;<\/p>\n<p><img decoding=\"async\" alt=\"\" src=\"https:\/\/www.hbrkahta.com\/wp-content\/uploads\/2025\/09\/mhp-heyetinden-adiyaman-muhtarlar-federasyonuna-ziyaret-silahlarin-golgesinde-baris-olmaz-0-9SHasIYy.jpg\"><\/p>\n<p>Ad\u0131yaman&#8217;\u0131n T\u00fcrkiye i\u00e7in \u00f6zel bir yere sahip oldu\u011funu vurgulayan \u015eanl\u0131t\u00fcrk, \u015fehirdeki toplumsal birlikteli\u011fe dikkat \u00e7ekti:<\/p>\n<p>&#8220;Ad\u0131yaman bizim i\u00e7in \u00f6nem arz eden illerimizin ba\u015f\u0131nda geliyor. K\u00fcrt&#8217;\u00fcyle, T\u00fcrk&#8217;\u00fcyle, Alevi&#8217;siyle, S\u00fcnni&#8217;siyle karde\u015fli\u011fin ve birlikteli\u011fin en g\u00fczel \u00f6rneklerinden birini sergileyen bir \u015fehir. Bu anlamda kentte y\u00fcr\u00fctt\u00fc\u011f\u00fcm\u00fcz temaslarda \u00e7ok \u00f6nemli mesajlar ald\u0131k.&#8221;<\/p>\n<p>&#8220;PKK art\u0131k T\u00fcrkiye&#8217;de eylem yapamaz hale getirildi&#8221;<\/p>\n<p>Ter\u00f6rle m\u00fccadelede gelinen noktaya da de\u011finen \u015eanl\u0131t\u00fcrk, devletin kararl\u0131l\u0131\u011f\u0131n\u0131n alt\u0131n\u0131 \u00e7izdi:<\/p>\n<p>&#8220;47 y\u0131la yakla\u015fan bir m\u00fccadeleden s\u00f6z ediyoruz. Bu u\u011furda 8 bin 500&#8217;\u00fcn \u00fczerinde askerimiz, polisimiz ve g\u00fcvenlik korucumuz \u015fehit oldu, 6 bin 500&#8217;den fazla sivil vatanda\u015f\u0131m\u0131z hayat\u0131n\u0131 kaybetti. Ancak bug\u00fcn PKK, T\u00fcrkiye s\u0131n\u0131rlar\u0131 i\u00e7inde eylem yapamaz h&acirc;le gelmi\u015ftir. Bu bir geri \u00e7ekilme de\u011fil, devlet akl\u0131n\u0131n ve g\u00fcvenlik g\u00fc\u00e7lerimizin fedak&acirc;rl\u0131\u011f\u0131n\u0131n bir sonucudur.&#8221;<\/p>\n<p>Ter\u00f6rle m\u00fccadeleye harcanan devasa kayna\u011f\u0131n art\u0131k \u00fclkenin gelece\u011fine y\u00f6neltilmesi gerekti\u011fini belirten \u015eanl\u0131t\u00fcrk, \u015f\u00f6yle konu\u015ftu:<\/p>\n<p>&#8220;Yakla\u015f\u0131k 2,5 trilyon dolar oldu\u011fu tahmin edilen ter\u00f6r maliyeti bu milletin al\u0131n teridir. Sadece deprem sonras\u0131 konut stokunun yenilenmesi i\u00e7in 406 milyar dolar ihtiya\u00e7 varken bu tablo bize \u015funu s\u00f6yl\u00fcyor: Kaynaklar\u0131m\u0131z\u0131 art\u0131k \u00e7ocuklar\u0131m\u0131z\u0131n e\u011fitimine, sanayiye, tar\u0131ma ve \u015fehirlerimizin d\u00f6n\u00fc\u015f\u00fcm\u00fcne y\u00f6neltmeliyiz.&#8221;<\/p>\n<p><img decoding=\"async\" alt=\"\" src=\"https:\/\/www.hbrkahta.com\/wp-content\/uploads\/2025\/09\/mhp-heyetinden-adiyaman-muhtarlar-federasyonuna-ziyaret-silahlarin-golgesinde-baris-olmaz-1-vrz4kYCZ.jpg\"><\/p>\n<p>Ba\u015fkan Ta\u015f: &#8220;Silahlar\u0131n g\u00f6lgesinde bar\u0131\u015f olmaz&#8221;<\/p>\n<p>Ziyaretten b\u00fcy\u00fck memnuniyet duyduklar\u0131n\u0131 ifade eden Ad\u0131yaman Muhtarlar Federasyonu Ba\u015fkan\u0131 Abdulkadir Geylani Ta\u015f ise, ter\u00f6r\u00fcn sona ermesi y\u00f6n\u00fcndeki taleplerini dile getirdi:<\/p>\n<p>&#8220;Ak\u0131t\u0131lan kan, d\u00f6k\u00fclen g\u00f6zya\u015f\u0131, her g\u00fcn \u015fehit haberi ald\u0131\u011f\u0131m\u0131z o g\u00fcnlere geri d\u00f6nmek istemiyoruz. Do\u011fusuyla, bat\u0131s\u0131yla, kuzeyiyle, g\u00fcneyiyle biz bir b\u00fct\u00fcn\u00fcz. Silahlar\u0131n g\u00f6lgesinde bar\u0131\u015f olmaz. Bizler muhtarlar olarak bu ter\u00f6r olaylar\u0131na art\u0131k yeter diyoruz. Bu konuda bu s\u00fcrecin mimarlar\u0131 olan Say\u0131n Cumhurba\u015fkan\u0131m\u0131z Recep Tayyip Erdo\u011fan ve Bilge Lider Say\u0131n Devlet Bah\u00e7eli&#8217;ye te\u015fekk\u00fcr ediyoruz.&#8221;<\/p>\n<p>Ba\u015fkan Ta\u015f, MHP Ordu Milletvekili Naci \u015eanl\u0131t\u00fcrk&#8217;\u00fc Ad\u0131yaman&#8217;\u0131n &#8220;fahri milletvekili&#8221; olarak g\u00f6rmek istediklerini de belirterek \u015fu ifadeleri kulland\u0131:<\/p>\n<p>&#8220;Say\u0131n vekilimizi art\u0131k Ad\u0131yaman&#8217;\u0131n fahri milletvekili olarak g\u00f6r\u00fcyoruz. Ankara&#8217;da sorunlar\u0131m\u0131z\u0131 g\u00fcndeme getirecek ve Say\u0131n Devlet Bah\u00e7eli ile g\u00f6r\u00fc\u015ferek taleplerimizi aktaracak olmas\u0131ndan dolay\u0131 b\u00fcy\u00fck bir memnuniyet duyuyoruz.&#8221;<\/p>\n<p>Kaynak : PERRE<\/p>\n","protected":false},"excerpt":{"rendered":"<p>ADIYAMAN (PERRE) &#8211; Mustafa \u0130L\u0130K &#8211; Milliyet\u00e7i Hareket Partisi&#8217;nin (MHP) &#8220;Ter\u00f6rs\u00fcz T\u00fcrkiye &#8211; Milli Birlik ve Dayan\u0131\u015fma Bulu\u015fmalar\u0131&#8221; program\u0131 kapsam\u0131nda Ad\u0131yaman&#8217;da bulunan parti heyeti, temaslar\u0131 \u00e7er\u00e7evesinde Ad\u0131yaman Muhtarlar Federasyonu&#8217;nu ziyaret ederek kentin sorunlar\u0131 ve \u00e7\u00f6z\u00fcm \u00f6nerileri \u00fczerine de\u011ferlendirmelerde bulundu.<\/p>\n","protected":false},"author":1,"featured_media":18314,"comment_status":"open","ping_status":"open","sticky":false,"template":"","format":"standard","meta":{"om_disable_all_campaigns":false,"_monsterinsights_skip_tracking":false,"_monsterinsights_sitenote_active":false,"_monsterinsights_sitenote_note":"","_monsterinsights_sitenote_category":0,"footnotes":""},"categories":[1,11],"tags":[559,540,246,1905,1175],"aioseo_notices":[],"_links":{"self":[{"href":"https:\/\/www.hbrkahta.com\/index.php\/wp-json\/wp\/v2\/posts\/18313"}],"collection":[{"href":"https:\/\/www.hbrkahta.com\/index.php\/wp-json\/wp\/v2\/posts"}],"about":[{"href":"https:\/\/www.hbrkahta.com\/index.php\/wp-json\/wp\/v2\/types\/post"}],"author":[{"embeddable":true,"href":"https:\/\/www.hbrkahta.com\/index.php\/wp-json\/wp\/v2\/users\/1"}],"replies":[{"embeddable":true,"href":"https:\/\/www.hbrkahta.com\/index.php\/wp-json\/wp\/v2\/comments?post=18313"}],"version-history":[{"count":1,"href":"https:\/\/www.hbrkahta.com\/index.php\/wp-json\/wp\/v2\/posts\/18313\/revisions"}],"predecessor-version":[{"id":18317,"href":"https:\/\/www.hbrkahta.com\/index.php\/wp-json\/wp\/v2\/posts\/18313\/revisions\/18317"}],"wp:featuredmedia":[{"embeddable":true,"href":"https:\/\/www.hbrkahta.com\/index.php\/wp-json\/wp\/v2\/media\/18314"}],"wp:attachment":[{"href":"https:\/\/www.hbrkahta.com\/index.php\/wp-json\/wp\/v2\/media?parent=18313"}],"wp:term":[{"taxonomy":"category","embeddable":true,"href":"https:\/\/www.hbrkahta.com\/index.php\/wp-json\/wp\/v2\/categories?post=18313"},{"taxonomy":"post_tag","embeddable":true,"href":"https:\/\/www.hbrkahta.com\/index.php\/wp-json\/wp\/v2\/tags?post=18313"}],"curies":[{"name":"wp","href":"https:\/\/api.w.org\/{rel}","templated":true}]}}