{"id":18286,"date":"2025-09-26T17:12:04","date_gmt":"2025-09-26T14:12:04","guid":{"rendered":"https:\/\/www.hbrkahta.com\/?p=18286"},"modified":"2025-09-26T17:12:04","modified_gmt":"2025-09-26T14:12:04","slug":"milletvekili-naci-sanliturkten-terorsuz-turkiye-mesaji-anayasamizin-ilk-dort-maddesinden-taviz-vermeyiz","status":"publish","type":"post","link":"https:\/\/www.hbrkahta.com\/index.php\/2025\/09\/26\/milletvekili-naci-sanliturkten-terorsuz-turkiye-mesaji-anayasamizin-ilk-dort-maddesinden-taviz-vermeyiz\/","title":{"rendered":"Milletvekili Naci \u015eanl\u0131t\u00fcrk\u2019ten \u2018Ter\u00f6rs\u00fcz T\u00fcrkiye\u2019 mesaj\u0131: \u2018Anayasam\u0131z\u0131n ilk d\u00f6rt maddesinden taviz vermeyiz\u2019"},"content":{"rendered":"<p>\u015eeriban \u00d6Z\u00c7AKMAK &ndash; Ad\u0131yaman\u2019da Milliyet\u00e7i Hareket Partisi (MHP) Ordu Milletvekili Naci \u015eanl\u0131t\u00fcrk ba\u015fkanl\u0131\u011f\u0131nda, &#8220;Ter\u00f6rs\u00fcz T\u00fcrkiye i\u00e7in Milli Birlik ve Dayan\u0131\u015fma Bulu\u015fmalar\u0131&#8221; program\u0131 d\u00fczenlendi. Ad\u0131yaman \u00d6\u011fretmenevi\u2019nde d\u00fczenlenen programa, MHP Ordu Milletvekili Naci \u015eanl\u0131t\u00fcrk, MHP MYK \u00dcyesi O\u011fuz Y\u0131lmaz, MHP MDK \u00dcyeleri Fikret G\u00f6kberk Osmana\u011fao\u011flu ve Bilgin Erta\u015f, MHP Ad\u0131yaman \u0130l Ba\u015fkan\u0131 Ali \u00d6nat, MHP Ad\u0131yaman Merkez \u0130l\u00e7e Ba\u015fkan\u0131 Sel\u00e7uk Aslancan, \u00dclk\u00fc Ocaklar\u0131 Ad\u0131yaman \u0130l Ba\u015fkan\u0131 Mehmet Ert\u00fcrk, Kamu-Sen \u0130l Ba\u015fkan\u0131 \u0130rfan Tokur, T\u00dcRKAV \u0130l Ba\u015fkan\u0131 Yusuf Babar ve \u00e7ok say\u0131da partili kat\u0131ld\u0131.<\/p>\n<p>&ldquo;Bu B\u00f6lgede M\u00fcsl\u00fcman T\u00fcrk&#8217;\u00fc \u0130stemeyenler M\u00fcsl\u00fcman K\u00fcrt&#8217;\u00fc Hi\u00e7 \u0130stemez&rdquo;<\/p>\n<p>MHP Ordu Milletvekili Naci \u015eanl\u0131t\u00fcrk &lsquo;Ter\u00f6rs\u00fcz T\u00fcrkiye\u2019 s\u00fcrecine ili\u015fkin &ldquo;Bu b\u00f6lgede M\u00fcsl\u00fcman T\u00fcrk&#8217;\u00fc istemeyenler M\u00fcsl\u00fcman K\u00fcrt&#8217;\u00fc hi\u00e7 istemez. Onun i\u00e7in milli birlik ve beraberlik i\u00e7erisinde olaca\u011f\u0131z. Bu 47&#8217;li y\u0131ll\u0131k m\u00fccadelede alt kom\u015fu, \u00fcst kom\u015fusuna kafatas\u0131ndan dolay\u0131 &ldquo;Sen K\u00fcrt&#8217;s\u00fcn&rdquo; dedi mi, kavga ve g\u00fcr\u00fclt\u00fc oldu mu? Olmad\u0131. Bu mesele Recep Tayyip Erdo\u011fan meselesi de\u011fil. Mesele, T\u00fcrk ve \u0130slam olan bu b\u00f6lgede yap\u0131lmak istenen, bir teolojik olarak arz-\u0131 mevud denilen bir safsatan\u0131n pe\u015fine d\u00fc\u015f\u00fcp, sapk\u0131n bir ter\u00f6rist devlet taraf\u0131ndan b\u00f6lgenin domine edilmeye \u00e7al\u0131\u015f\u0131lmas\u0131d\u0131r&rdquo; ifadelerini kulland\u0131.<\/p>\n<p>&ldquo;Ter\u00f6rle M\u00fczakere Etmiyoruz&rdquo;<\/p>\n<p>&ldquo;Ters\u00f6rs\u00fcz T\u00fcrkiye s\u00fcreci, ter\u00f6rle m\u00fczakere de\u011fildir&rdquo; diyen Milletvekili \u015eanl\u0131t\u00fcrk, &ldquo;Bunu \u00fcst\u00fcne basa basa s\u00f6yl\u00fcyoruz. Anayasam\u0131z\u0131n ilk d\u00f6rt maddesinden taviz vermeyiz diyoruz. Yine bizi biz yapan de\u011ferlerimiz var. Nedir o? 42. madde var. Anayasam\u0131z\u0131n 42. Maddesi diyor ki &ldquo;T\u00fcrkiye&#8217;de e\u011fitim, \u00f6\u011fretim dili T\u00fcrk\u00e7e&#8217;dir.&rdquo; Yani T\u00fcrk\u00e7e&#8217;nin yan\u0131na ikinci veya \u00fc\u00e7\u00fcnc\u00fc bir dil olursa da\u011f\u0131ld\u0131\u011f\u0131m\u0131z g\u00fcnd\u00fcr. Bundan kesinlikle taviz veremeyiz. Yine anayasam\u0131z\u0131n 66. Maddesi ne diyor? T\u00fcrkiye Devleti\u2019ne vatanda\u015fl\u0131k ba\u011f\u0131yla ba\u011fl\u0131 olan herkes T\u00fcrk&#8217;t\u00fcr.&rdquo; Diline, diline, \u0131rk\u0131na bak\u0131lmaks\u0131z\u0131n T\u00fcrk anneden ve T\u00fcrk babadan olan herkes yine T\u00fcrk&#8217;t\u00fcr. Vatanda\u015fl\u0131ktan \u00e7\u0131kar\u0131lman\u0131n belli kanunu var. Bunlara g\u00f6re itiraz yollar\u0131 a\u00e7\u0131kt\u0131r. Dolay\u0131s\u0131yla bu \u00e7a\u011fr\u0131n\u0131 bu \u00e7er\u00e7evede de\u011ferlendirebilirsiniz&rdquo; dedi.<\/p>\n<p>&ldquo;Birli\u011fimizi Ve Beraberli\u011fimizi Koruyaca\u011f\u0131z&rdquo;<\/p>\n<p>T\u00fcrkler ve K\u00fcrtlerin y\u0131llarca i\u00e7 i\u00e7e ya\u015fad\u0131\u011f\u0131n\u0131n alt\u0131n\u0131 \u00e7izen Milletvekili \u015eanl\u0131t\u00fcrk, &ldquo;1877-1878 Osmanl\u0131-Rus sava\u015f\u0131nda G\u00fcrc\u00fcler, bizim orduda \u00c7erkezler var, G\u00fcrc\u00fcler var, Ermeni d\u00f6nmeler var, Araplar var, m\u00fcbadiller var. Kimi kimden ay\u0131r\u0131yorsunuz? Etle t\u0131rnak gibi olmu\u015fuz. Daha \u00f6nce de belirtti\u011fim gibi Anayasam\u0131z\u0131n 66. Maddesi\u2019nde, &ldquo;T\u00fcrkiye Cumhuriyeti&#8217;ne vatanda\u015fl\u0131k ba\u011f\u0131yla ba\u011fl\u0131 olan herkes T\u00fcrk\u2019t\u00fcr&rdquo; diyor. Bitti. Bunun daha \u00f6tesinde bir \u015fey var m\u0131? Sen nereden geldin, senin kafatas\u0131n \u015fudur budur, b\u00f6yle bir madde var m\u0131? Yok. Sen Ad\u0131yamanl\u0131s\u0131n, sen Ordulusun, sen \u015fu makama gelemezsin, var m\u0131 b\u00f6yle bir \u015fey? Yok. Payla\u015famad\u0131\u011f\u0131m\u0131z hi\u00e7bir \u015fey yok. Cennet gibi bir vatanda ya\u015f\u0131yoruz, T\u00fcrk milleti olarak. Bizim K\u00fcrt karde\u015flerimizle bir problemimiz var m\u0131? Adana&#8217;da b\u00f6yle bir problem var m\u0131? T\u00fcrkiye&#8217;nin hi\u00e7bir yerinde b\u00f6yle bir problem yok. Onun i\u00e7in birli\u011fimizi, beraberli\u011fimizi koruyaca\u011f\u0131z&rdquo; ifadelerini kulland\u0131.<\/p><\/p>\n","protected":false},"excerpt":{"rendered":"<p> Milliyet\u00e7i hareket Partisi (MHP) Ordu Milletvekili Naci \u015eanl\u0131t\u00fcrk, \u201cTer\u00f6rs\u00fcz T\u00fcrkiye \u0130\u00e7in Milli Birlik ve Dayan\u0131\u015fma Bulu\u015fmalar\u0131\u201d kapsam\u0131nda Ad\u0131yaman\u2019a geldi.  Program kapsam\u0131nda ger\u00e7ekle\u015ftirilen toplant\u0131da konu\u015fan Milletvekili \u015eanl\u0131t\u00fcrk, Anayasa\u2019n\u0131n 66. Madde\u2019sini hat\u0131rlatarak, \u201cT\u00fcrkiye Devleti\u2019ne vatanda\u015fl\u0131k ba\u011f\u0131 ile ba\u011fl\u0131 olan herkes T\u00fcrk&#8217;t\u00fcr. Diline, diline, \u0131rk\u0131na bak\u0131lmaks\u0131z\u0131n T\u00fcrk anneden ve T\u00fcrk babadan olan herkes yine T\u00fcrk&#8217;t\u00fcr\u201d ifadelerini kulland\u0131.<\/p>\n","protected":false},"author":1,"featured_media":18287,"comment_status":"open","ping_status":"open","sticky":false,"template":"","format":"standard","meta":{"om_disable_all_campaigns":false,"_monsterinsights_skip_tracking":false,"_monsterinsights_sitenote_active":false,"_monsterinsights_sitenote_note":"","_monsterinsights_sitenote_category":0,"footnotes":""},"categories":[1,11],"tags":[540,535,509,105,810],"aioseo_notices":[],"_links":{"self":[{"href":"https:\/\/www.hbrkahta.com\/index.php\/wp-json\/wp\/v2\/posts\/18286"}],"collection":[{"href":"https:\/\/www.hbrkahta.com\/index.php\/wp-json\/wp\/v2\/posts"}],"about":[{"href":"https:\/\/www.hbrkahta.com\/index.php\/wp-json\/wp\/v2\/types\/post"}],"author":[{"embeddable":true,"href":"https:\/\/www.hbrkahta.com\/index.php\/wp-json\/wp\/v2\/users\/1"}],"replies":[{"embeddable":true,"href":"https:\/\/www.hbrkahta.com\/index.php\/wp-json\/wp\/v2\/comments?post=18286"}],"version-history":[{"count":1,"href":"https:\/\/www.hbrkahta.com\/index.php\/wp-json\/wp\/v2\/posts\/18286\/revisions"}],"predecessor-version":[{"id":18288,"href":"https:\/\/www.hbrkahta.com\/index.php\/wp-json\/wp\/v2\/posts\/18286\/revisions\/18288"}],"wp:featuredmedia":[{"embeddable":true,"href":"https:\/\/www.hbrkahta.com\/index.php\/wp-json\/wp\/v2\/media\/18287"}],"wp:attachment":[{"href":"https:\/\/www.hbrkahta.com\/index.php\/wp-json\/wp\/v2\/media?parent=18286"}],"wp:term":[{"taxonomy":"category","embeddable":true,"href":"https:\/\/www.hbrkahta.com\/index.php\/wp-json\/wp\/v2\/categories?post=18286"},{"taxonomy":"post_tag","embeddable":true,"href":"https:\/\/www.hbrkahta.com\/index.php\/wp-json\/wp\/v2\/tags?post=18286"}],"curies":[{"name":"wp","href":"https:\/\/api.w.org\/{rel}","templated":true}]}}