{"id":18273,"date":"2025-09-26T13:48:08","date_gmt":"2025-09-26T10:48:08","guid":{"rendered":"https:\/\/www.hbrkahta.com\/?p=18273"},"modified":"2025-09-26T13:48:08","modified_gmt":"2025-09-26T10:48:08","slug":"mhpnin-terorsuz-turkiye-milli-birlik-ve-dayanisma-bulusmalari-adiyaman-toplantisi-yapildi","status":"publish","type":"post","link":"https:\/\/www.hbrkahta.com\/index.php\/2025\/09\/26\/mhpnin-terorsuz-turkiye-milli-birlik-ve-dayanisma-bulusmalari-adiyaman-toplantisi-yapildi\/","title":{"rendered":"MHP\u2019nin \u2018Ter\u00f6rs\u00fcz T\u00fcrkiye\u2013Milli Birlik ve Dayan\u0131\u015fma Bulu\u015fmalar\u0131\u2019 Ad\u0131yaman Toplant\u0131s\u0131 Yap\u0131ld\u0131"},"content":{"rendered":"<p>As\u0131rl\u0131k Birlik Sonsuz Karde\u015flik ba\u015fl\u0131\u011f\u0131yla y\u00fcr\u00fct\u00fclen program\u0131n Ad\u0131yaman dura\u011f\u0131nda s\u00fcre\u00e7, hedefler ve ele\u015ftiriler geni\u015f bir \u00e7er\u00e7evede anlat\u0131ld\u0131<\/p>\n<p>MHP Ad\u0131yaman \u0130l Ba\u015fkan\u0131 Ali \u00d6nat selamlama konu\u015fmas\u0131nda bulu\u015fman\u0131n amac\u0131n\u0131 \u015fu s\u00f6zlerle \u00f6zetledi:<\/p>\n<p>&ldquo;Say\u0131n Genel Ba\u015fkan\u0131m\u0131z\u0131n TBMM\u2019de ortaya koydu\u011fu Ter\u00f6rs\u00fcz T\u00fcrkiye vizyonuna ili\u015fkin kamuoyundaki soru i\u015faretlerini gidermek, s\u00fcrecin i\u00e7eri\u011fini ve kapsam\u0131n\u0131 anlatmak i\u00e7in \u00fclkemizin 9 b\u00f6lgesinde toplant\u0131lar yap\u0131yoruz. Yar\u0131n saat 12.00\u2019de Gaziantep \u015eehitkamil Kongre ve K\u00fclt\u00fcr Merkezinde b\u00f6lge bulu\u015fmam\u0131z olacak. Bug\u00fcn de heyetimiz, bas\u0131n mensuplar\u0131m\u0131zla ve STK\u2019larla bir araya gelerek de\u011ferlendirmelerde bulunacak.&rdquo;<\/p>\n<p><img decoding=\"async\" alt=\"\" src=\"https:\/\/www.hbrkahta.com\/wp-content\/uploads\/2025\/09\/mhpnin-terorsuz-turkiyemilli-birlik-ve-dayanisma-bulusmalari-adiyaman-toplantisi-yapildi-0-BbpKAnbl.jpg\"><\/p>\n<p>\u00d6nat, yeni d\u00f6nemde sivil toplum \u00f6rg\u00fctleriyle bire bir temaslar kuracaklar\u0131n\u0131, yerel hassasiyet ve sorular\u0131n sahada yan\u0131tlanaca\u011f\u0131n\u0131 ifade ederek kat\u0131l\u0131mc\u0131lara te\u015fekk\u00fcr etti.<\/p>\n<p>&lsquo;Ne Pazarl\u0131k Var Ne Taviz\u2019: S\u00fcrecin \u00c7er\u00e7evesi<\/p>\n<p><img decoding=\"async\" alt=\"\" src=\"https:\/\/www.hbrkahta.com\/wp-content\/uploads\/2025\/09\/mhpnin-terorsuz-turkiyemilli-birlik-ve-dayanisma-bulusmalari-adiyaman-toplantisi-yapildi-1-7sJNgbKG.jpg\"><\/p>\n<p>MHP MDK \u00dcyesi Fikret G\u00f6kberk Osmana\u011fao\u011flu, partinin tarihsel tutumuna vurgu yaparak &ldquo;ter\u00f6rs\u00fcz T\u00fcrkiye&rdquo; hedefinin ana gerek\u00e7esini anlatt\u0131:<\/p>\n<p>&ldquo;MHP, kuruldu\u011fu g\u00fcnden bu yana eli de\u011fil g\u00f6vdesini ta\u015f\u0131n alt\u0131na koymu\u015ftur. Ter\u00f6r\u00fcn \u00fclkemize vurdu\u011fu prangay\u0131 k\u0131rmak, evlatlar\u0131m\u0131z\u0131n \u015fehit olmamas\u0131n\u0131 sa\u011flamak ve ter\u00f6re aktar\u0131lan kaynaklar\u0131 \u00fclkenin kalk\u0131nmas\u0131na y\u00f6nlendirmek istiyoruz. Bu s\u00fcre\u00e7te ne bir pazarl\u0131k, ne bir taviz, ne de Anayasan\u0131n ilk d\u00f6rt maddesine ili\u015fkin bir de\u011fi\u015fiklik s\u00f6z konusudur. Milli ve manevi de\u011ferleri koruma kararl\u0131l\u0131\u011f\u0131m\u0131z bakidir.&rdquo;<\/p>\n<p>Osmana\u011fao\u011flu, yar\u0131n Gaziantep\u2019te yap\u0131lacak geni\u015f kat\u0131l\u0131ml\u0131 toplant\u0131da s\u00fcrecin daha ayr\u0131nt\u0131l\u0131 bir perspektifle ele al\u0131naca\u011f\u0131n\u0131 s\u00f6yleyerek kamuoyunu bilgilendirme \u00e7al\u0131\u015fmalar\u0131n\u0131n s\u00fcrece\u011fini kaydetti.<\/p>\n<p><img decoding=\"async\" alt=\"\" src=\"https:\/\/www.hbrkahta.com\/wp-content\/uploads\/2025\/09\/mhpnin-terorsuz-turkiyemilli-birlik-ve-dayanisma-bulusmalari-adiyaman-toplantisi-yapildi-2-NC5IEx3Q.jpg\"><\/p>\n<p>O\u011fuz Y\u0131lmaz: &lsquo;D\u0131\u015f Risklere Kar\u015f\u0131 Cephenin Kuvvetlendirilmesi\u2019<\/p>\n<p>MHP MYK \u00dcyesi O\u011fuz Y\u0131lmaz, inisiyatifin siyasal gerek\u00e7elerine ve g\u00fcvenlik boyutuna de\u011findi:<\/p>\n<p>&ldquo;Say\u0131n Devlet Bah\u00e7eli\u2019nin Ekim 2024\u2019te ortaya koydu\u011fu bu inisiyatifin, i\u00e7eride ter\u00f6r\u00fcn fikr&icirc; temellerinin zay\u0131flad\u0131\u011f\u0131n\u0131 a\u00e7\u0131\u011fa \u00e7\u0131kard\u0131\u011f\u0131n\u0131 g\u00f6r\u00fcyoruz. T\u00fcrkiye\u2019nin yakla\u015fmakta olan konjonkt\u00fcrel d\u0131\u015f risklere ve b\u00f6lgesel sava\u015f ihtimallerine kar\u015f\u0131 cephesini kuvvetlendirmesi gerekli. &lsquo;Ter\u00f6rs\u00fcz T\u00fcrkiye\u2019 bu a\u00e7\u0131dan hem i\u00e7 bar\u0131\u015f\u0131 hem de d\u0131\u015f g\u00fcvenli\u011fi birlikte tahkim eden bir vizyon.&rdquo;<\/p>\n<p>Y\u0131lmaz, farkl\u0131 g\u00f6r\u00fc\u015flerden geni\u015f bir toplumsal mutabakat\u0131n olu\u015ftu\u011funu, bunun da s\u00fcrecin me\u015fruiyetini ve toplumsal talebini g\u00fc\u00e7lendirdi\u011fini savundu.<\/p>\n<p>Naci \u015eanl\u0131t\u00fcrk: &lsquo;Ter\u00f6rle M\u00fccadelede Devlet Ba\u015far\u0131l\u0131 Oldu; Bu \u00c7a\u011fr\u0131 Hem G\u00fcvenlik Hem Kalk\u0131nma Vizyonudur\u2019<\/p>\n<p>MHP Ordu Milletvekili Naci \u015eanl\u0131t\u00fcrk, konu\u015fmas\u0131na 6 \u015eubat depremlerinde ya\u015fam\u0131n\u0131 yitirenleri anarak ba\u015flad\u0131 ve Ad\u0131yaman \u00f6zelindeki tabloyu rakamlarla anlatt\u0131:<\/p>\n<p>&ldquo;Tarihin g\u00f6rd\u00fc\u011f\u00fc en b\u00fcy\u00fck felaketlerden biri olan 6 \u015eubat depremlerinde maalesef Ad\u0131yaman\u2019da 8 bin 300\u2019\u00fc a\u015fk\u0131n can kayb\u0131 ya\u015fand\u0131. Yaral\u0131lar\u0131m\u0131za acil \u015fifalar diliyorum. Devletimiz ilk andan itibaren sahadayd\u0131; yakla\u015f\u0131k 43 bin konut ve 10 bin 600 civar\u0131nda k\u00f6y evi ile 2 bin 500\u2019e yak\u0131n i\u015f yeri i\u00e7eren bir yeniden in\u015fa s\u00fcreci y\u00fcr\u00fct\u00fcl\u00fcyor. \u0130nedere (\u0130ndere) ba\u015fta olmak \u00fczere yeni yerle\u015fim alanlar\u0131nda hayat\u0131 normale \u00e7evirme iradesi nettir.&rdquo;<\/p>\n<p>&lsquo;Ter\u00f6r T\u00fcrkiye \u0130\u00e7inde Eylem Yapamaz H&acirc;le Getirilmi\u015ftir\u2019<\/p>\n<p>\u015eanl\u0131t\u00fcrk, ter\u00f6rle m\u00fccadelenin bilan\u00e7osu ve bug\u00fcn gelinen noktaya i\u015faret etti:<\/p>\n<p>&ldquo;47 y\u0131la yakla\u015fan bir ter\u00f6rle m\u00fccadele s\u00fcrecinden s\u00f6z ediyoruz. Bu u\u011furda 8 bin 500\u2019\u00fcn \u00fczerinde askerimiz, polisimiz, g\u00fcvenlik korucumuz \u015fehit olmu\u015f, 6 bin 500\u2019den fazla sivil vatanda\u015f\u0131m\u0131z hayat\u0131n\u0131 kaybetmi\u015ftir. Buna ra\u011fmen bug\u00fcn PKK, T\u00fcrkiye s\u0131n\u0131rlar\u0131 i\u00e7inde eylem koyamaz h&acirc;le getirilmi\u015ftir. Bu bir geri \u00e7ekilme veya pazarl\u0131k de\u011fil, devlet akl\u0131n\u0131n, g\u00fcvenlik g\u00fc\u00e7lerimizin fedak&acirc;rl\u0131\u011f\u0131n\u0131n ba\u015far\u0131s\u0131d\u0131r.&rdquo;<\/p>\n<p><img decoding=\"async\" alt=\"\" src=\"https:\/\/www.hbrkahta.com\/wp-content\/uploads\/2025\/09\/mhpnin-terorsuz-turkiyemilli-birlik-ve-dayanisma-bulusmalari-adiyaman-toplantisi-yapildi-3-7iKpB3HQ.jpg\"><\/p>\n<p>&lsquo;2,5 Trilyon Dolar Ter\u00f6r Maliyeti&mdash;Kaynak Kalk\u0131nmaya D\u00f6nmeli\u2019<\/p>\n<p>Konu\u015fmas\u0131nda mali boyutu \u00f6ne \u00e7\u0131karan \u015eanl\u0131t\u00fcrk, &ldquo;ter\u00f6rs\u00fcz T\u00fcrkiye&rdquo; vizyonunun ayn\u0131 zamanda bir kalk\u0131nma program\u0131 oldu\u011funun alt\u0131n\u0131 \u00e7izdi:<\/p>\n<p>&ldquo;Yakla\u015f\u0131k 2,5 trilyon dolar oldu\u011fu hesaplanan ter\u00f6r maliyeti, bu \u00fclkenin al\u0131n teridir. Sadece deprem sonras\u0131 konut stokunun yenilenmesi i\u00e7in 406 milyar dolar ihtiya\u00e7 varken, bu tablo bize \u015funu s\u00f6yl\u00fcyor: Kaynaklar\u0131m\u0131z\u0131 art\u0131k \u00e7ocuklar\u0131m\u0131z\u0131n e\u011fitimine, sanayiye, tar\u0131ma, \u015fehirlerimizin depreme dayan\u0131kl\u0131 d\u00f6n\u00fc\u015f\u00fcm\u00fcne y\u00f6neltmeliyiz. &lsquo;Ter\u00f6rs\u00fcz T\u00fcrkiye\u2019 \u00e7a\u011fr\u0131s\u0131 bu bak\u0131mdan hem g\u00fcvenlik hem kalk\u0131nma vizyonudur.&rdquo;<\/p>\n<p>&lsquo;Anayasa\u2019n\u0131n \u0130lk D\u00f6rt Maddesi ve E\u011fitim Dili K\u0131rm\u0131z\u0131 \u00c7izgidir\u2019<\/p>\n<p>\u015eanl\u0131t\u00fcrk, s\u00fcrecin hukuki ve ilkesel \u00e7er\u00e7evesine dair tart\u0131\u015fmalara net yan\u0131t verdi:<\/p>\n<p>&ldquo;Bu bir m\u00fczakere masas\u0131 de\u011fildir. Anayasa\u2019n\u0131n ilk d\u00f6rt maddesi ba\u015fta olmak \u00fczere devletin kurucu ilkelerinden asla taviz s\u00f6z konusu de\u011fildir. E\u011fitim dili T\u00fcrk\u00e7edir h\u00fckm\u00fc k\u0131rm\u0131z\u0131 \u00e7izgidir. Mill&icirc; ve \u00fcniter yap\u0131m\u0131z, bayra\u011f\u0131m\u0131z, vatan\u0131m\u0131z, resm&icirc; dilimiz tart\u0131\u015fma d\u0131\u015f\u0131d\u0131r.&rdquo;<\/p>\n<p>&lsquo;Suriye\u2019nin Kuzeyi ve Ter\u00f6r Koridoruna Ge\u00e7it Yok\u2019<\/p>\n<p>B\u00f6lgesel geli\u015fmelere ayr\u0131 parantez a\u00e7an \u015eanl\u0131t\u00fcrk, Suriye\u2019nin kuzeyi ba\u015fta olmak \u00fczere hi\u00e7bir ter\u00f6r oda\u011f\u0131na alan a\u00e7\u0131lmayaca\u011f\u0131n\u0131 vurgulad\u0131:<\/p>\n<p>&ldquo;PYD\/YPG\/SDG dahil PKK\u2019n\u0131n t\u00fcm t\u00fcrevlerine kar\u015f\u0131 tavr\u0131m\u0131z nettir. Suriye\u2019nin kuzeyinde ter\u00f6r koridoruna m\u00fcsaade edilmeyecektir. T\u00fcrkiye, s\u0131n\u0131r\u0131nda ve \u00f6tesinde mill&icirc; g\u00fcvenli\u011fi tehdit eden hi\u00e7bir geli\u015fmeyi g\u00f6rmezden gelmez.&rdquo;<\/p>\n<p>&lsquo;Vek&acirc;let Sava\u015flar\u0131ndan Devletlerin \u00c7at\u0131\u015fmas\u0131na: Cephenin Kuvvetlendirilmesi \u015eart\u2019<\/p>\n<p><img decoding=\"async\" alt=\"\" src=\"https:\/\/www.hbrkahta.com\/wp-content\/uploads\/2025\/09\/mhpnin-terorsuz-turkiyemilli-birlik-ve-dayanisma-bulusmalari-adiyaman-toplantisi-yapildi-4-wM4vX33I.jpg\"><\/p>\n<p>B\u00f6lgesel ve k\u00fcresel risklere at\u0131fla i\u00e7 b\u00fct\u00fcnl\u00fck vurgusu yapan \u015eanl\u0131t\u00fcrk \u015funlar\u0131 s\u00f6yledi:<\/p>\n<p>&ldquo;B\u00f6lgemizde vek&acirc;let sava\u015flar\u0131n\u0131n yerini giderek do\u011frudan devletler aras\u0131 gerilimler al\u0131yor. Bu nedenle i\u00e7eride etnik fay hatlar\u0131n\u0131 ka\u015f\u0131yan her t\u00fcrl\u00fc oyunu bo\u015fa \u00e7\u0131karmak, d\u0131\u015far\u0131da ise T\u00fcrkiye\u2019yi hedef alan planlara kar\u015f\u0131 mill&icirc; cepheyi kuvvetlendirmek zorunday\u0131z. &lsquo;Ter\u00f6rs\u00fcz T\u00fcrkiye\u2019 bu ihtiya\u00e7tan do\u011fdu.&rdquo;<\/p>\n<p>&lsquo;MHP, Kriz Anlar\u0131nda Devletin Yan\u0131nda Konumlanm\u0131\u015ft\u0131r\u2019<\/p>\n<p>\u015eanl\u0131t\u00fcrk, yak\u0131n siyasi tarihe ili\u015fkin \u00f6rnekler verdi; MHP\u2019nin kriz anlar\u0131nda &ldquo;devlet akl\u0131n\u0131n yan\u0131nda&rdquo; durdu\u011funu hat\u0131rlatt\u0131:<\/p>\n<p>&ldquo;367 krizi d\u00f6neminde Meclis\u2019in \u00e7al\u0131\u015fmas\u0131n\u0131 sa\u011flayan irade, 7 Haziran&ndash;1 Kas\u0131m 2015 aras\u0131nda hendek ter\u00f6r\u00fcn\u00fcn bitirilmesi i\u00e7in bedel \u00f6deyen duru\u015f, 15 Temmuz gecesi devletin yan\u0131nda yer almak&mdash;bunlar Milliyet\u00e7i Hareket\u2019in milli birlik ve devlet bekas\u0131 s\u00f6z konusu oldu\u011funda nas\u0131l bir tutum ald\u0131\u011f\u0131na dair somut \u00f6rneklerdir.&rdquo;<\/p>\n<p><img decoding=\"async\" alt=\"\" src=\"https:\/\/www.hbrkahta.com\/wp-content\/uploads\/2025\/09\/mhpnin-terorsuz-turkiyemilli-birlik-ve-dayanisma-bulusmalari-adiyaman-toplantisi-yapildi-5-26kEaylM.jpg\"><\/p>\n<p>&lsquo;\u00c7a\u011fr\u0131m\u0131z Topluma: Bilgiyle, S\u00fck&ucirc;netle ve Sahada Diyalogla Y\u00fcr\u00fcyelim\u2019<\/p>\n<p>S\u00f6zlerinin sonunda toplumsal mutabakat vurgusu yapan \u015eanl\u0131t\u00fcrk, yar\u0131nki b\u00f6lge toplant\u0131s\u0131na da davetini yineledi:<\/p>\n<p>&ldquo;Bu s\u00fcre\u00e7 sahada diyalog, STK\u2019larla bire bir temas ve do\u011frudan bilgilendirme ile y\u00fcr\u00fcyecek. Kutupla\u015ft\u0131rmadan, slogan\u0131n arkas\u0131na saklanmadan, bilgi ve s\u00fck&ucirc;netle ilerlememiz gerekiyor. Yar\u0131n Gaziantep\/\u015eehitkamil Kongre ve K\u00fclt\u00fcr Merkezi\u2019nde saat 12.00\u2019de yap\u0131lacak toplant\u0131ya t\u00fcm payda\u015flar\u0131 bekliyoruz. &lsquo;Ter\u00f6rs\u00fcz T\u00fcrkiye\u2019 hedefi, \u00e7ocuklar\u0131m\u0131z\u0131n gelece\u011fi i\u00e7in hepimizin ortak paydas\u0131d\u0131r.&rdquo;<\/p><\/p>\n","protected":false},"excerpt":{"rendered":"<p> \u015eeriban \u00d6Z\u00c7AKMAK \u2013 Milliyet\u00e7i Hareket Partisi\u2019nin 9\u2019ar \u015fehir gruplar\u0131 h\u00e2linde, 9 b\u00f6lge ve 81 ili kapsayan Ter\u00f6rs\u00fcz T\u00fcrkiye\u2013Milli Birlik ve Dayan\u0131\u015fma Bulu\u015fmalar\u0131n\u0131n Ad\u0131yaman toplant\u0131s\u0131, bug\u00fcn Ad\u0131yaman \u00d6\u011fretmenevinde d\u00fczenlenen bas\u0131n bulu\u015fmas\u0131yla ger\u00e7ekle\u015ftirildi. Toplant\u0131ya MHP Ordu Milletvekili Naci \u015eanl\u0131t\u00fcrk, MHP MYK \u00dcyesi O\u011fuz Y\u0131lmaz, MHP MDK \u00dcyeleri Fikret G\u00f6kberk Osmana\u011fao\u011flu ve Bilgin Erta\u015f, MHP Ad\u0131yaman \u0130l Ba\u015fkan\u0131 Ali \u00d6nat, MHP Ad\u0131yaman Merkez \u0130l\u00e7e Ba\u015fkan\u0131 Sel\u00e7uk Aslancan, \u00dclk\u00fc Ocaklar\u0131 Ad\u0131yaman \u0130l Ba\u015fkan\u0131 Mehmet Ert\u00fcrk, Kamu-Sen \u0130l Ba\u015fkan\u0131 \u0130rfan Tokur, T\u00dcRKAV \u0130l Ba\u015fkan\u0131 Yusuf Babar ve \u00e7ok say\u0131da partili kat\u0131ld\u0131.<\/p>\n","protected":false},"author":1,"featured_media":18274,"comment_status":"open","ping_status":"open","sticky":false,"template":"","format":"standard","meta":{"om_disable_all_campaigns":false,"_monsterinsights_skip_tracking":false,"_monsterinsights_sitenote_active":false,"_monsterinsights_sitenote_note":"","_monsterinsights_sitenote_category":0,"footnotes":""},"categories":[1,11],"tags":[540,246,535,1175,2290],"aioseo_notices":[],"_links":{"self":[{"href":"https:\/\/www.hbrkahta.com\/index.php\/wp-json\/wp\/v2\/posts\/18273"}],"collection":[{"href":"https:\/\/www.hbrkahta.com\/index.php\/wp-json\/wp\/v2\/posts"}],"about":[{"href":"https:\/\/www.hbrkahta.com\/index.php\/wp-json\/wp\/v2\/types\/post"}],"author":[{"embeddable":true,"href":"https:\/\/www.hbrkahta.com\/index.php\/wp-json\/wp\/v2\/users\/1"}],"replies":[{"embeddable":true,"href":"https:\/\/www.hbrkahta.com\/index.php\/wp-json\/wp\/v2\/comments?post=18273"}],"version-history":[{"count":1,"href":"https:\/\/www.hbrkahta.com\/index.php\/wp-json\/wp\/v2\/posts\/18273\/revisions"}],"predecessor-version":[{"id":18281,"href":"https:\/\/www.hbrkahta.com\/index.php\/wp-json\/wp\/v2\/posts\/18273\/revisions\/18281"}],"wp:featuredmedia":[{"embeddable":true,"href":"https:\/\/www.hbrkahta.com\/index.php\/wp-json\/wp\/v2\/media\/18274"}],"wp:attachment":[{"href":"https:\/\/www.hbrkahta.com\/index.php\/wp-json\/wp\/v2\/media?parent=18273"}],"wp:term":[{"taxonomy":"category","embeddable":true,"href":"https:\/\/www.hbrkahta.com\/index.php\/wp-json\/wp\/v2\/categories?post=18273"},{"taxonomy":"post_tag","embeddable":true,"href":"https:\/\/www.hbrkahta.com\/index.php\/wp-json\/wp\/v2\/tags?post=18273"}],"curies":[{"name":"wp","href":"https:\/\/api.w.org\/{rel}","templated":true}]}}