{"id":18270,"date":"2025-09-26T13:36:04","date_gmt":"2025-09-26T10:36:04","guid":{"rendered":"https:\/\/www.hbrkahta.com\/?p=18270"},"modified":"2025-09-26T13:36:04","modified_gmt":"2025-09-26T10:36:04","slug":"adiyaman-kadin-calistayi-kadinlar-karar-mekanizmalarinda-yer-almali","status":"publish","type":"post","link":"https:\/\/www.hbrkahta.com\/index.php\/2025\/09\/26\/adiyaman-kadin-calistayi-kadinlar-karar-mekanizmalarinda-yer-almali\/","title":{"rendered":"Ad\u0131yaman Kad\u0131n \u00c7al\u0131\u015ftay\u0131: \u2018Kad\u0131nlar karar mekanizmalar\u0131nda yer almal\u0131\u2019"},"content":{"rendered":"<p>\u015eeriban \u00d6Z\u00c7AKMAK &ndash; &ldquo;Fortuna Kad\u0131n A\u011f\u0131 Projesi: Ad\u0131yaman Kad\u0131n \u00c7al\u0131\u015ftay\u0131&rdquo;nda, deprem sonras\u0131 kad\u0131nlar\u0131n ya\u015fad\u0131\u011f\u0131 sorunlar ve \u00e7\u00f6z\u00fcm \u00f6nerileri masaya yat\u0131r\u0131l\u0131rken, sonu\u00e7 raporunda kad\u0131nlar\u0131n art\u0131k &ldquo;yaln\u0131zca hizmetlerden faydalan\u0131c\u0131 de\u011fil, karar al\u0131c\u0131 ve e\u015fit payda\u015f&rdquo; olmak istedikleri vurguland\u0131.<\/p>\n<p>Deprem Sonras\u0131 &#8220;Dayan\u0131\u015fma&#8221; Vurgusu<\/p>\n<p>Abd\u00fclhamid Han K\u00fclt\u00fcr Merkezi\u2019nde yap\u0131lan \u00e7al\u0131\u015ftay, Ad\u0131yaman Belediyesi ev sahipli\u011finde, Ad\u0131yaman Barosu Kad\u0131n Haklar\u0131 Merkezi, \u00c7ember Sivil \u0130nisiyatif Derne\u011fi ve kad\u0131n STK\u2019lar\u0131n ortakl\u0131\u011f\u0131yla d\u00fczenlendi. Programa \u00e7ok say\u0131da kad\u0131n \u00f6rg\u00fct\u00fc, akademisyen ve ulusal\/uluslararas\u0131 sivil toplum kurulu\u015fu temsilcisi kat\u0131ld\u0131.<\/p>\n<p>Raporda deprem sonras\u0131 kad\u0131nlar\u0131n kar\u015f\u0131la\u015ft\u0131\u011f\u0131 \u00e7ok katmanl\u0131 sorunlara dikkat \u00e7ekilirken, bu s\u00fcre\u00e7te kurulan dayan\u0131\u015fma a\u011flar\u0131n\u0131n kad\u0131nlara g\u00fc\u00e7 kazand\u0131rd\u0131\u011f\u0131 vurguland\u0131.<\/p>\n<p>\u00c7arp\u0131c\u0131 Bulgular Ortaya Koyuldu<\/p>\n<p>\u00c7al\u0131\u015ftayda dile getirilen sorunlar ve \u00e7\u00f6z\u00fcm \u00f6nerileri, Ad\u0131yaman\u2019daki kad\u0131nlar\u0131n g\u00fcndelik ya\u015famdan siyasete kadar pek \u00e7ok alanda kar\u015f\u0131la\u015ft\u0131klar\u0131 e\u015fitsizlikleri g\u00f6zler \u00f6n\u00fcne serdi. Bulgulardan \u00f6ne \u00e7\u0131kan ba\u015fl\u0131klar \u015f\u00f6yle:<\/p>\n<p>\u015eiddetle m\u00fccadele: Kad\u0131nlar\u0131n g\u00fcvenle ba\u015fvurabilece\u011fi dan\u0131\u015fma merkezleri ve s\u0131\u011f\u0131nma evlerinin eksikli\u011fi \u00f6ne \u00e7\u0131kt\u0131. Kat\u0131l\u0131mc\u0131lar, kolluk kuvvetleri ve sa\u011fl\u0131k personeline d\u00fczenli e\u011fitim verilmesi gerekti\u011fini vurgulad\u0131.<\/p>\n<p>Siyasette temsil: Ad\u0131yaman\u2019dan bug\u00fcne dek hi\u00e7 kad\u0131n milletvekili se\u00e7ilmedi\u011fi hat\u0131rlat\u0131ld\u0131. Kad\u0131nlar\u0131n siyasette g\u00f6r\u00fcn\u00fcrl\u00fc\u011f\u00fcn\u00fc art\u0131rmak i\u00e7in kota sistemlerinin g\u00fc\u00e7lendirilmesi, mahalle meclislerinde kad\u0131n temsiliyetinin sa\u011flanmas\u0131 ve gen\u00e7 kad\u0131nlara y\u00f6nelik siyasi okullar\u0131n a\u00e7\u0131lmas\u0131 talep edildi.<\/p>\n<p>Sa\u011fl\u0131k hizmetleri: Deprem sonras\u0131 sa\u011fl\u0131k altyap\u0131s\u0131nda ya\u015fanan aksamalar kad\u0131nlar\u0131 do\u011frudan etkiledi. Hijyen \u00fcr\u00fcnlerine eri\u015fimdeki g\u00fc\u00e7l\u00fckler ve k\u0131rsalda sa\u011fl\u0131k hizmetlerinin yetersizli\u011fi dikkat \u00e7ekti. Mobil sa\u011fl\u0131k birimleri, gebe okullar\u0131 ve psikososyal destek merkezleri kurulmas\u0131 \u00f6nerildi.<\/p>\n<p>\u0130stihdam: Kad\u0131nlar\u0131n i\u015fg\u00fcc\u00fcne kat\u0131l\u0131m oran\u0131n\u0131n y\u00fczde 20\u2019nin alt\u0131nda kald\u0131\u011f\u0131 a\u00e7\u0131kland\u0131. Ekonomik hayata kat\u0131l\u0131m\u0131n artmas\u0131 i\u00e7in mikro kredi, hibe programlar\u0131, uygun fiyatl\u0131 kre\u015fler ve kad\u0131n \u00fcretici pazarlar\u0131n\u0131n hayata ge\u00e7irilmesi gerekti\u011fi belirtildi.<\/p>\n<p>Kent hakk\u0131: Kad\u0131nlar\u0131n \u015fehir planlama s\u00fcre\u00e7lerine dahil edilmemesi \u00f6nemli bir sorun olarak \u00f6ne \u00e7\u0131kt\u0131. G\u00fcvenli sokaklar, yeterli ayd\u0131nlatma, \u00e7ocuk dostu alanlar ve eri\u015filebilir toplu ta\u015f\u0131ma gibi talepler \u00f6n plana \u00e7\u0131kt\u0131.<\/p>\n<p>G\u00f6\u00e7 ve kad\u0131n: G\u00f6\u00e7men kad\u0131nlar\u0131n dil bariyeri nedeniyle hizmetlere eri\u015fimde ya\u015fad\u0131\u011f\u0131 zorluklara dikkat \u00e7ekildi. Sosyal uyum programlar\u0131n\u0131n geli\u015ftirilmesi gerekti\u011fi kaydedildi.<\/p>\n<p>Kat\u0131l\u0131mc\u0131lardan G\u00fc\u00e7l\u00fc Mesajlar<\/p>\n<p>\u00c7ember Sivil \u0130nisiyatif Derne\u011fi Genel Koordinat\u00f6r\u00fc G\u00fclfer K\u0131rba\u015f:<\/p>\n<p>&ldquo;2023 depremlerinden bu yana Ad\u0131yaman\u2019da \u00e7al\u0131\u015f\u0131yoruz. Bu projeyi Ad\u0131yaman Belediyesi ve kad\u0131n STK\u2019larla g\u00fc\u00e7l\u00fc bir ileti\u015fim ve dayan\u0131\u015fma a\u011f\u0131 kurarak y\u00fcr\u00fctt\u00fck. Buradan \u00e7\u0131kan sonu\u00e7lar\u0131n kurumlar taraf\u0131ndan eyleme d\u00f6n\u00fc\u015ft\u00fcr\u00fclmesini bekliyoruz. Ba\u015fkan\u0131m\u0131z Abdurrahman Tutdere\u2019nin kad\u0131n hizmetlerini g\u00fc\u00e7lendirmek i\u00e7in ald\u0131\u011f\u0131 sorumluluk bizim i\u00e7in \u00e7ok k\u0131ymetli.&rdquo;<\/p>\n<p>Dr. Ay\u015fe Ka\u015f\u0131k\u0131r\u0131k (\u0130stanbul Bilgi \u00dcniversitesi):<\/p>\n<p>&ldquo;Ad\u0131yaman\u2019\u0131n tarihinde ilk defa yap\u0131lan bu \u00e7al\u0131\u015ftay, kad\u0131nlar\u0131n kentin t\u00fcm karar mekanizmalar\u0131nda e\u015fit ve adil temsili i\u00e7in yol g\u00f6sterici. &lsquo;Kad\u0131nlar hayat\u0131 istiyor\u2019 diyoruz. Kad\u0131nlar kendi kentlerinin planlama s\u00fcre\u00e7lerinde \u00f6zne olmak istiyor. Ba\u015fkan Tutdere ve ekibinin vizyonu \u00e7ok \u00f6nemli; \u00e7\u00fcnk\u00fc bu d\u00f6n\u00fc\u015f\u00fcmde belediye lokomotif g\u00f6rev \u00fcstleniyor.&rdquo;<\/p>\n<p>Av. \u0130lknur Tel Altung\u00f6k (Ad\u0131yaman Barosu Kad\u0131n Haklar\u0131 Merkezi Ba\u015fkan\u0131):<\/p>\n<p>&ldquo;Deprem sonras\u0131 hukuki destekten dan\u0131\u015fmanl\u0131k hizmetlerine kadar bir\u00e7ok alanda kad\u0131nlarla \u00e7al\u0131\u015ft\u0131k. Bug\u00fcn elde etti\u011fimiz verilerle haz\u0131rlanan bu rapor, kad\u0131nlar\u0131n gelece\u011fi i\u00e7in umut niteli\u011finde. Kat\u0131l\u0131m d\u00fc\u015f\u00fcnd\u00fc\u011f\u00fcm\u00fczden \u00e7ok daha y\u00fcksek oldu. Belediyemize \u00f6zenli ve dikkatli ev sahiplikleri i\u00e7in te\u015fekk\u00fcr ediyoruz.&rdquo;<\/p>\n<p>&ldquo;Kad\u0131nlar, Her Alanda Karar Al\u0131c\u0131 Olarak G\u00f6r\u00fclmeli&rdquo;<\/p>\n<p>\u00c7al\u0131\u015ftay sonu\u00e7 raporunda \u00f6ne \u00e7\u0131kan ortak talep, kad\u0131nlar\u0131n yaln\u0131zca hizmetlerden yararlanan de\u011fil; siyasetten istihdama, sa\u011fl\u0131k hizmetlerinden \u015fehir planlamas\u0131na kadar her alanda e\u015fit payda\u015f ve karar al\u0131c\u0131 olarak g\u00f6r\u00fclmesi gerekti\u011fi oldu.<\/p><\/p>\n","protected":false},"excerpt":{"rendered":"<p> Ad\u0131yaman Belediye Ba\u015fkan\u0131 Abdurrahman Tutdere\u2019nin \u00f6nc\u00fcl\u00fc\u011f\u00fcnde, kentte ilk kez d\u00fczenlenen \u201cFortuna Kad\u0131n A\u011f\u0131 Projesi: Ad\u0131yaman Kad\u0131n \u00c7al\u0131\u015ftay\u0131\u201d geni\u015f kat\u0131l\u0131mla ger\u00e7ekle\u015fti.<\/p>\n","protected":false},"author":1,"featured_media":18271,"comment_status":"open","ping_status":"open","sticky":false,"template":"","format":"standard","meta":{"om_disable_all_campaigns":false,"_monsterinsights_skip_tracking":false,"_monsterinsights_sitenote_active":false,"_monsterinsights_sitenote_note":"","_monsterinsights_sitenote_category":0,"footnotes":""},"categories":[1,11],"tags":[559,1543,533,466,1184],"aioseo_notices":[],"_links":{"self":[{"href":"https:\/\/www.hbrkahta.com\/index.php\/wp-json\/wp\/v2\/posts\/18270"}],"collection":[{"href":"https:\/\/www.hbrkahta.com\/index.php\/wp-json\/wp\/v2\/posts"}],"about":[{"href":"https:\/\/www.hbrkahta.com\/index.php\/wp-json\/wp\/v2\/types\/post"}],"author":[{"embeddable":true,"href":"https:\/\/www.hbrkahta.com\/index.php\/wp-json\/wp\/v2\/users\/1"}],"replies":[{"embeddable":true,"href":"https:\/\/www.hbrkahta.com\/index.php\/wp-json\/wp\/v2\/comments?post=18270"}],"version-history":[{"count":1,"href":"https:\/\/www.hbrkahta.com\/index.php\/wp-json\/wp\/v2\/posts\/18270\/revisions"}],"predecessor-version":[{"id":18272,"href":"https:\/\/www.hbrkahta.com\/index.php\/wp-json\/wp\/v2\/posts\/18270\/revisions\/18272"}],"wp:featuredmedia":[{"embeddable":true,"href":"https:\/\/www.hbrkahta.com\/index.php\/wp-json\/wp\/v2\/media\/18271"}],"wp:attachment":[{"href":"https:\/\/www.hbrkahta.com\/index.php\/wp-json\/wp\/v2\/media?parent=18270"}],"wp:term":[{"taxonomy":"category","embeddable":true,"href":"https:\/\/www.hbrkahta.com\/index.php\/wp-json\/wp\/v2\/categories?post=18270"},{"taxonomy":"post_tag","embeddable":true,"href":"https:\/\/www.hbrkahta.com\/index.php\/wp-json\/wp\/v2\/tags?post=18270"}],"curies":[{"name":"wp","href":"https:\/\/api.w.org\/{rel}","templated":true}]}}