{"id":18267,"date":"2025-09-26T12:48:04","date_gmt":"2025-09-26T09:48:04","guid":{"rendered":"https:\/\/www.hbrkahta.com\/?p=18267"},"modified":"2025-09-26T12:48:04","modified_gmt":"2025-09-26T09:48:04","slug":"milletvekili-resul-kurt-sultangazi-de-turkiye-yuzyili-bulusmalarina-katildi","status":"publish","type":"post","link":"https:\/\/www.hbrkahta.com\/index.php\/2025\/09\/26\/milletvekili-resul-kurt-sultangazi-de-turkiye-yuzyili-bulusmalarina-katildi\/","title":{"rendered":"Milletvekili Resul Kurt, Sultangazi &#8216;de \u2018T\u00fcrkiye Y\u00fczy\u0131l\u0131 Bulu\u015fmalar\u0131\u2019na Kat\u0131ld\u0131"},"content":{"rendered":"<p>\u015eeriban \u00d6Z\u00c7AKMAK &ndash; AK Parti Ad\u0131yaman Milletvekili, TBMM Plan ve B\u00fct\u00e7e Komisyonu \u00dcyesi ve AK Parti Genel Merkez Sivil Toplum ve Halkla \u0130li\u015fkiler Ba\u015fkan Yard\u0131mc\u0131s\u0131 Do\u00e7. Dr. Resul Kurt, d\u00fcn Sultangazi\u2019de d\u00fczenlenen T\u00fcrkiye Y\u00fczy\u0131l\u0131 Bulu\u015fmalar\u0131 kapsam\u0131nda yo\u011fun bir program ger\u00e7ekle\u015ftirdi.<\/p>\n<p>Program \u00e7er\u00e7evesinde; esnaf, pazarc\u0131 ve i\u015f insanlar\u0131yla bir araya gelen Kurt, b\u00f6lgedeki i\u015fyerlerini ziyaret ederek vatanda\u015flar\u0131n talep ve \u00f6nerilerini dinledi. Ad\u0131yaman Sanayici ve \u0130\u015f Adamlar\u0131 Derne\u011fi ile \u00c7i\u011f K\u00f6fte \u00dcreticileri Derne\u011fi \u00c7i\u011f-Der&#8217;de Ad\u0131yamanl\u0131 i\u015f adamlar\u0131 ile bulu\u015ftu.<\/p>\n<p>Milletvekili Kurt, g\u00fcn boyu s\u00fcren ziyaretlerinde ayr\u0131ca sivil toplum kurulu\u015flar\u0131n\u0131 ve muhtarlar\u0131 da ziyaret ederek isti\u015farelerde bulundu. Mahallelerin ihtiya\u00e7lar\u0131, yerel hizmetler ve vatanda\u015flar\u0131n beklentileri hakk\u0131nda g\u00f6r\u00fc\u015f al\u0131\u015fveri\u015fi yapan Kurt, bu taleplerin takip\u00e7isi olaca\u011f\u0131n\u0131 ifade etti.<\/p>\n<p>Milletvekili Resul Kurt, &ldquo;T\u00fcrkiye Y\u00fczy\u0131l\u0131 vizyonu; sadece b\u00fcy\u00fck projeler ve yat\u0131r\u0131mlar de\u011fil, ayn\u0131 zamanda mahalle mahalle, sokak sokak vatanda\u015flar\u0131m\u0131z\u0131n yan\u0131nda olmakt\u0131r&rdquo; \u0130fadelerini kulland\u0131.<\/p>\n<p>Milletvekili Resul Kurt, Sultangazi\u2019de g\u00f6rd\u00fc\u011f\u00fc ilgi ve samimiyetten dolay\u0131 t\u00fcm hem\u015fehrilerine te\u015fekk\u00fcr etti.<\/p><\/p>\n","protected":false},"excerpt":{"rendered":"<p> AK Parti Ad\u0131yaman Milletvekili Do\u00e7. Dr. Resul Kurt, Sultangazi\u2019de T\u00fcrkiye Y\u00fczy\u0131l\u0131 Bulu\u015fmalar\u0131nda esnaf ve vatanda\u015flarla bir araya geldi.<\/p>\n","protected":false},"author":1,"featured_media":18268,"comment_status":"open","ping_status":"open","sticky":false,"template":"","format":"standard","meta":{"om_disable_all_campaigns":false,"_monsterinsights_skip_tracking":false,"_monsterinsights_sitenote_active":false,"_monsterinsights_sitenote_note":"","_monsterinsights_sitenote_category":0,"footnotes":""},"categories":[1,11],"tags":[1036],"aioseo_notices":[],"_links":{"self":[{"href":"https:\/\/www.hbrkahta.com\/index.php\/wp-json\/wp\/v2\/posts\/18267"}],"collection":[{"href":"https:\/\/www.hbrkahta.com\/index.php\/wp-json\/wp\/v2\/posts"}],"about":[{"href":"https:\/\/www.hbrkahta.com\/index.php\/wp-json\/wp\/v2\/types\/post"}],"author":[{"embeddable":true,"href":"https:\/\/www.hbrkahta.com\/index.php\/wp-json\/wp\/v2\/users\/1"}],"replies":[{"embeddable":true,"href":"https:\/\/www.hbrkahta.com\/index.php\/wp-json\/wp\/v2\/comments?post=18267"}],"version-history":[{"count":1,"href":"https:\/\/www.hbrkahta.com\/index.php\/wp-json\/wp\/v2\/posts\/18267\/revisions"}],"predecessor-version":[{"id":18269,"href":"https:\/\/www.hbrkahta.com\/index.php\/wp-json\/wp\/v2\/posts\/18267\/revisions\/18269"}],"wp:featuredmedia":[{"embeddable":true,"href":"https:\/\/www.hbrkahta.com\/index.php\/wp-json\/wp\/v2\/media\/18268"}],"wp:attachment":[{"href":"https:\/\/www.hbrkahta.com\/index.php\/wp-json\/wp\/v2\/media?parent=18267"}],"wp:term":[{"taxonomy":"category","embeddable":true,"href":"https:\/\/www.hbrkahta.com\/index.php\/wp-json\/wp\/v2\/categories?post=18267"},{"taxonomy":"post_tag","embeddable":true,"href":"https:\/\/www.hbrkahta.com\/index.php\/wp-json\/wp\/v2\/tags?post=18267"}],"curies":[{"name":"wp","href":"https:\/\/api.w.org\/{rel}","templated":true}]}}