{"id":18264,"date":"2025-09-26T12:36:04","date_gmt":"2025-09-26T09:36:04","guid":{"rendered":"https:\/\/www.hbrkahta.com\/?p=18264"},"modified":"2025-09-26T12:36:04","modified_gmt":"2025-09-26T09:36:04","slug":"adiyamanda-gercegi-aratmayan-deprem-tatbikati","status":"publish","type":"post","link":"https:\/\/www.hbrkahta.com\/index.php\/2025\/09\/26\/adiyamanda-gercegi-aratmayan-deprem-tatbikati\/","title":{"rendered":"Ad\u0131yaman\u2019da ger\u00e7e\u011fi aratmayan deprem tatbikat\u0131"},"content":{"rendered":"<p>\u015eeriban \u00d6Z\u00c7AKMAK &shy;&ndash; Ad\u0131yaman Belediyesi taraf\u0131ndan ger\u00e7ekle\u015ftirilen ve deprem an\u0131nda ya\u015fanabilecek senaryolar\u0131n canland\u0131r\u0131ld\u0131\u011f\u0131 tatbikatta, kurumlar\u0131n koordineli \u00e7al\u0131\u015fmalar\u0131 ve h\u0131zl\u0131 m\u00fcdahaleleri dikkat \u00e7ekti.<\/p>\n<p>Tatbikat, 30 Personel ve 4 Ara\u00e7la Ger\u00e7ekle\u015ftirildi<\/p>\n<p>Tatbikata Ad\u0131yaman Belediyesi, Afet \u0130\u015fleri ve \u0130tfaiye M\u00fcd\u00fcrl\u00fckleri b\u00fcnyesinde g\u00f6rev yapan 30 ki\u015filik arama kurtarma personeli ve 4 ara\u00e7la kat\u0131ld\u0131. Senaryo gere\u011fi enkaz alt\u0131nda kalan vatanda\u015flar\u0131n kurtar\u0131lmas\u0131 ve ilk yard\u0131m m\u00fcdahalelerinin ger\u00e7ekle\u015ftirildi\u011fi tatbikatta, \u00f6zellikle kad\u0131n arama kurtarma personelinin sergiledi\u011fi m\u00fcdahale becerileri kat\u0131l\u0131mc\u0131lardan takdir toplad\u0131.<\/p>\n<p>Kurumlar Aras\u0131 Koordinasyon \u00d6n Planda<\/p>\n<p>Belediye arama kurtarma ekipleri, tatbikat kapsam\u0131nda y\u0131k\u0131lan binalarda arama-kurtarma ve yang\u0131n s\u00f6nd\u00fcrme \u00e7al\u0131\u015fmalar\u0131 yaparken, teknolojik ekipmanlarla enkaz alt\u0131ndaki yaral\u0131lara m\u00fcdahale etti. AFAD, UMKE ve 112 ekipleri ise \u00e7\u0131kar\u0131lan yaral\u0131lara olay yerinde ilk m\u00fcdahaleyi ger\u00e7ekle\u015ftirdi. Jandarma ise \u00e7evre g\u00fcvenli\u011fini sa\u011flayarak tatbikat\u0131n g\u00fcvenli \u015fekilde y\u00fcr\u00fct\u00fclmesine katk\u0131 sundu.<\/p>\n<p>&ldquo;B\u00fcy\u00fck Bir Y\u0131k\u0131m Ya\u015fam\u0131\u015f Bir Kent Olarak Daha Tedbirli Olmak Zorunday\u0131z&rdquo;<\/p>\n<p>Tatbikatla ilgili de\u011ferlendirmede bulunan Ad\u0131yaman Belediye Ba\u015fkan\u0131 Abdurrahman Tutdere, 6 \u015eubat depremlerine at\u0131fta bulunarak, &ldquo;Depreme haz\u0131rl\u0131kl\u0131 bir \u015fehir olmak, ancak e\u011fitimli ekipler ve g\u00fc\u00e7l\u00fc i\u015f birli\u011fiyle m\u00fcmk\u00fcnd\u00fcr. Bug\u00fcn ger\u00e7ekle\u015ftirilen tatbikat, kurumlar\u0131m\u0131z aras\u0131ndaki koordinasyonu g\u00fc\u00e7lendirmek ve sahadaki m\u00fcdahale kabiliyetimizi geli\u015ftirmek ad\u0131na \u00e7ok k\u0131ymetliydi. B\u00fcy\u00fck bir y\u0131k\u0131m ya\u015fam\u0131\u015f bir kent olarak daha tedbirli olmak zorunday\u0131z. Ad\u0131yaman Belediyesi olarak afetlere kar\u015f\u0131 her zaman haz\u0131rl\u0131kl\u0131 olmay\u0131 \u00f6nceli\u011fimiz g\u00f6r\u00fcyoruz. Afet \u0130\u015fleri M\u00fcd\u00fcrl\u00fc\u011f\u00fcm\u00fcz, itfaiyemiz ve t\u00fcm payda\u015f kurumlar\u0131m\u0131zla vatanda\u015flar\u0131m\u0131z\u0131n can g\u00fcvenli\u011fini korumak i\u00e7in \u00e7al\u0131\u015fmalar\u0131m\u0131za kararl\u0131l\u0131kla devam edece\u011fiz&rdquo; dedi.<\/p>\n<p>Kat\u0131l\u0131mc\u0131lardan De\u011ferlendirmeler<\/p>\n<p>Hilal Da\u011f (Belediye arama kurtarma personeli):<\/p>\n<p>&ldquo;Deprem sonras\u0131 en kritik zaman olan ilk 72 saatte yap\u0131lmas\u0131 gerekenleri uygulamal\u0131 olarak ger\u00e7ekle\u015ftirdik. Kad\u0131n olarak bu ekipte yer almak ve insanlara yard\u0131mc\u0131 olmak benim i\u00e7in gurur verici.&rdquo;<\/p>\n<p>U\u011fur Bal (Belediye arama kurtarma personeli):<\/p>\n<p>&ldquo;Tatbikatta tespit, yol a\u00e7ma, yang\u0131n s\u00f6nd\u00fcrme ve yaral\u0131lar\u0131n UMKE ekiplerine teslim edilmesi senaryosunu ba\u015far\u0131yla uygulad\u0131k.&rdquo;<\/p>\n<p>Fatma Durgut (UMKE sorumlusu):<\/p>\n<p>&ldquo;KBRN ve enkazdan hasta kurtarma senaryolar\u0131 tam bir koordinasyon i\u00e7inde hayata ge\u00e7irildi.&rdquo;<\/p><\/p>\n","protected":false},"excerpt":{"rendered":"<p> Ad\u0131yaman Belediyesi Afet \u0130\u015fleri M\u00fcd\u00fcrl\u00fc\u011f\u00fc, \u0130tfaiye M\u00fcd\u00fcrl\u00fc\u011f\u00fc, AFAD, UMKE ve Jandarma i\u015f birli\u011fiyle d\u00fczenlenen geni\u015f kapsaml\u0131 deprem tatbikat\u0131, ger\u00e7e\u011fini aratmayan g\u00f6r\u00fcnt\u00fclere sahne oldu.<\/p>\n","protected":false},"author":1,"featured_media":18265,"comment_status":"open","ping_status":"open","sticky":false,"template":"","format":"standard","meta":{"om_disable_all_campaigns":false,"_monsterinsights_skip_tracking":false,"_monsterinsights_sitenote_active":false,"_monsterinsights_sitenote_note":"","_monsterinsights_sitenote_category":0,"footnotes":""},"categories":[1,11],"tags":[295,540,1722,918,147],"aioseo_notices":[],"_links":{"self":[{"href":"https:\/\/www.hbrkahta.com\/index.php\/wp-json\/wp\/v2\/posts\/18264"}],"collection":[{"href":"https:\/\/www.hbrkahta.com\/index.php\/wp-json\/wp\/v2\/posts"}],"about":[{"href":"https:\/\/www.hbrkahta.com\/index.php\/wp-json\/wp\/v2\/types\/post"}],"author":[{"embeddable":true,"href":"https:\/\/www.hbrkahta.com\/index.php\/wp-json\/wp\/v2\/users\/1"}],"replies":[{"embeddable":true,"href":"https:\/\/www.hbrkahta.com\/index.php\/wp-json\/wp\/v2\/comments?post=18264"}],"version-history":[{"count":1,"href":"https:\/\/www.hbrkahta.com\/index.php\/wp-json\/wp\/v2\/posts\/18264\/revisions"}],"predecessor-version":[{"id":18266,"href":"https:\/\/www.hbrkahta.com\/index.php\/wp-json\/wp\/v2\/posts\/18264\/revisions\/18266"}],"wp:featuredmedia":[{"embeddable":true,"href":"https:\/\/www.hbrkahta.com\/index.php\/wp-json\/wp\/v2\/media\/18265"}],"wp:attachment":[{"href":"https:\/\/www.hbrkahta.com\/index.php\/wp-json\/wp\/v2\/media?parent=18264"}],"wp:term":[{"taxonomy":"category","embeddable":true,"href":"https:\/\/www.hbrkahta.com\/index.php\/wp-json\/wp\/v2\/categories?post=18264"},{"taxonomy":"post_tag","embeddable":true,"href":"https:\/\/www.hbrkahta.com\/index.php\/wp-json\/wp\/v2\/tags?post=18264"}],"curies":[{"name":"wp","href":"https:\/\/api.w.org\/{rel}","templated":true}]}}