{"id":18261,"date":"2025-09-25T18:48:04","date_gmt":"2025-09-25T15:48:04","guid":{"rendered":"https:\/\/www.hbrkahta.com\/?p=18261"},"modified":"2025-09-25T18:48:04","modified_gmt":"2025-09-25T15:48:04","slug":"adiyaman-belediyesi-dijital-genclik-merkezini-hizmete-acti","status":"publish","type":"post","link":"https:\/\/www.hbrkahta.com\/index.php\/2025\/09\/25\/adiyaman-belediyesi-dijital-genclik-merkezini-hizmete-acti\/","title":{"rendered":"Ad\u0131yaman Belediyesi, Dijital Gen\u00e7lik Merkezi\u2019ni hizmete a\u00e7t\u0131"},"content":{"rendered":"<p>\u015eeriban \u00d6Z\u00c7AKMAK &ndash; Belediye Ba\u015fkan\u0131 Abdurrahman Tutdere\u2019nin gen\u00e7lere y\u00f6nelik vizyonu do\u011frultusunda hayata ge\u00e7irilen Dijital Gen\u00e7lik Merkezi (D\u0130GEM), Avrupa Birli\u011fi, Birle\u015fmi\u015f Milletler Kalk\u0131nma Program\u0131 (UNDP) ve T\u00fcrkiye Belediyeler Birli\u011fi (TBB) i\u015f birli\u011fiyle y\u00fcr\u00fct\u00fclen &ldquo;Bug\u00fcn\u00fcn Gen\u00e7leri Gelece\u011fin Meslekleri Projesi&rdquo; kapsam\u0131nda Ad\u0131yaman Belediyesi K\u00fclt\u00fcr ve E\u011fitim Merkezi\u2019nde (AKEM) a\u00e7\u0131ld\u0131.<\/p>\n<p>A\u00e7\u0131l\u0131\u015fa, Ad\u0131yaman Belediye Ba\u015fkan Yard\u0131mc\u0131s\u0131 Mehmet T\u0131rpan, TBB Proje Birim Ba\u015fkan\u0131 Fikret G\u00fcltekin, UNDP T\u00fcrkiye Mukim Temsilcisi Miodrag Dragisic, Avrupa Birli\u011fi \u0130nsan ve Sosyal Kalk\u0131nma B\u00f6l\u00fcm Ba\u015fkan\u0131 Esther Bouma ile \u00e7ok say\u0131da davetli ve \u00f6\u011frenci kat\u0131ld\u0131.<\/p>\n<p>&ldquo;Ad\u0131yaman\u2019\u0131n D\u00f6n\u00fc\u015f\u00fcm\u00fcne \u00d6nemli Katk\u0131lar Sunacak&rdquo;<\/p>\n<p>A\u00e7\u0131l\u0131\u015f konu\u015fmas\u0131n\u0131 yapan Belediye Ba\u015fkan Yard\u0131mc\u0131s\u0131 Mehmet T\u0131rpan, projeye destek veren kurum ve kurulu\u015flara te\u015fekk\u00fcr ederek, &ldquo;Bu proje, depremde b\u00fcy\u00fck ac\u0131lar ya\u015fayan Ad\u0131yaman\u2019\u0131n de\u011fi\u015fim ve d\u00f6n\u00fc\u015f\u00fcm s\u00fcrecine \u00f6nemli katk\u0131lar sa\u011flayacak. Gen\u00e7lerimize istihdam alan\u0131nda yeni f\u0131rsatlar sunacak&rdquo; dedi.<\/p>\n<p>&ldquo;Ba\u015far\u0131l\u0131 \u00d6\u011frencilere Ment\u00f6rl\u00fck ve Staj \u0130mkan\u0131&rdquo;<\/p>\n<p>Projenin Ad\u0131yaman da dahil 45 pilot ilde uyguland\u0131\u011f\u0131n\u0131 belirten TBB Proje Birim Ba\u015fkan\u0131 Fikret G\u00fcltekin ise, &ldquo;Ad\u0131yaman Belediyesi ve TBB Enc\u00fcmenimiz de\u011ferli ba\u015fkan\u0131m\u0131z Say\u0131n Abdurrahman Tutdere\u2019nin deste\u011fi bizlere her zaman g\u00fc\u00e7 veriyor. Proje kapsam\u0131nda kurulan s\u0131n\u0131flar\u0131n teknolojik donan\u0131mlar\u0131 tamamlanarak e\u011fitimler ba\u015flad\u0131. Ba\u015far\u0131l\u0131 \u00f6\u011frencilerimize ment\u00f6rl\u00fck ve staj imkan\u0131 sunulacak. Ad\u0131yaman\u2019a ve gen\u00e7lerimize hay\u0131rl\u0131 olsun&rdquo; ifadelerini kulland\u0131.<\/p>\n<p>&ldquo;Gen\u00e7lere B\u00fcy\u00fck Bir \u0130stihdam&rdquo;<\/p>\n<p>UNDP T\u00fcrkiye Mukim Temsilcisi Miodrag Dragisic de Ad\u0131yaman ile uzun soluklu i\u015fbirliklerine de\u011finerek, &ldquo;Gen\u00e7lerin geli\u015fimi, sosyal uyum, ge\u00e7im kaynaklar\u0131 ve deprem sonras\u0131 iyile\u015ftirme \u00e7al\u0131\u015fmalar\u0131 konusunda Ad\u0131yaman Belediyesi ile i\u015fbirli\u011fi yapmaktan mutluluk duyuyoruz&rdquo; dedi.<\/p>\n<p>Avrupa Birli\u011fi \u0130nsan ve Sosyal Kalk\u0131nma B\u00f6l\u00fcm Ba\u015fkan\u0131 Esther Bouma da konu\u015fmas\u0131nda, &ldquo;Ad\u0131yaman ile ge\u00e7mi\u015fe dayal\u0131 \u00e7ok g\u00fc\u00e7l\u00fc bir i\u015fbirli\u011fimiz var. \u00d6zellikle deprem sonras\u0131 toparlanma s\u00fcrecinde bu proje, gen\u00e7lere b\u00fcy\u00fck bir yat\u0131r\u0131m niteli\u011finde. Burada olmaktan dolay\u0131 \u00e7ok mutluyum&rdquo; ifadelerine yer verdi.<\/p>\n<p>D\u0130GEM e\u011fitimlerine kat\u0131lan gen\u00e7ler de kendilerine sunulan imkanlar i\u00e7in Ad\u0131yaman Belediye Ba\u015fkan\u0131 Abdurrahman Tutdere ve projeye destek veren kurulu\u015flara te\u015fekk\u00fcr ederek merkezin kendileri i\u00e7in b\u00fcy\u00fck bir f\u0131rsat oldu\u011funu ifade etti.<\/p>\n<p>Gen\u00e7lerin dijital becerilerini geli\u015ftirmeleri, teknolojiyi etkin kullanmalar\u0131 ve gelece\u011fin mesleklerine haz\u0131rlanabilmeleri amac\u0131yla kurulan Dijital Gen\u00e7lik Merkezi\u2019nde (D\u0130GEM), bilgisayar destekli e\u011fitim s\u0131n\u0131flar\u0131, dijital at\u00f6lyeler ve \u00e7e\u015fitli kurs programlar\u0131 yer al\u0131yor. Proje sonunda ba\u015far\u0131l\u0131 olan gen\u00e7lere ment\u00f6rl\u00fck, staj ve istihdam olanaklar\u0131 da sa\u011flanacak.<\/p><\/p>\n","protected":false},"excerpt":{"rendered":"<p> Ad\u0131yaman Belediyesi, gen\u00e7lere b\u00fcy\u00fck e\u011fitim f\u0131rsat\u0131 sunacak olan \u015fehrin ilk Dijital Gen\u00e7lik Merkezi\u2019nin a\u00e7\u0131l\u0131\u015f\u0131n\u0131 yapt\u0131.<\/p>\n","protected":false},"author":1,"featured_media":18262,"comment_status":"open","ping_status":"open","sticky":false,"template":"","format":"standard","meta":{"om_disable_all_campaigns":false,"_monsterinsights_skip_tracking":false,"_monsterinsights_sitenote_active":false,"_monsterinsights_sitenote_note":"","_monsterinsights_sitenote_category":0,"footnotes":""},"categories":[1,11],"tags":[559,726,540,1747,201],"aioseo_notices":[],"_links":{"self":[{"href":"https:\/\/www.hbrkahta.com\/index.php\/wp-json\/wp\/v2\/posts\/18261"}],"collection":[{"href":"https:\/\/www.hbrkahta.com\/index.php\/wp-json\/wp\/v2\/posts"}],"about":[{"href":"https:\/\/www.hbrkahta.com\/index.php\/wp-json\/wp\/v2\/types\/post"}],"author":[{"embeddable":true,"href":"https:\/\/www.hbrkahta.com\/index.php\/wp-json\/wp\/v2\/users\/1"}],"replies":[{"embeddable":true,"href":"https:\/\/www.hbrkahta.com\/index.php\/wp-json\/wp\/v2\/comments?post=18261"}],"version-history":[{"count":1,"href":"https:\/\/www.hbrkahta.com\/index.php\/wp-json\/wp\/v2\/posts\/18261\/revisions"}],"predecessor-version":[{"id":18263,"href":"https:\/\/www.hbrkahta.com\/index.php\/wp-json\/wp\/v2\/posts\/18261\/revisions\/18263"}],"wp:featuredmedia":[{"embeddable":true,"href":"https:\/\/www.hbrkahta.com\/index.php\/wp-json\/wp\/v2\/media\/18262"}],"wp:attachment":[{"href":"https:\/\/www.hbrkahta.com\/index.php\/wp-json\/wp\/v2\/media?parent=18261"}],"wp:term":[{"taxonomy":"category","embeddable":true,"href":"https:\/\/www.hbrkahta.com\/index.php\/wp-json\/wp\/v2\/categories?post=18261"},{"taxonomy":"post_tag","embeddable":true,"href":"https:\/\/www.hbrkahta.com\/index.php\/wp-json\/wp\/v2\/tags?post=18261"}],"curies":[{"name":"wp","href":"https:\/\/api.w.org\/{rel}","templated":true}]}}