{"id":18258,"date":"2025-09-25T18:36:04","date_gmt":"2025-09-25T15:36:04","guid":{"rendered":"https:\/\/www.hbrkahta.com\/?p=18258"},"modified":"2025-09-25T18:36:04","modified_gmt":"2025-09-25T15:36:04","slug":"kahtada-afet-ve-acil-durum-koordinasyon-toplantisi-yapildi","status":"publish","type":"post","link":"https:\/\/www.hbrkahta.com\/index.php\/2025\/09\/25\/kahtada-afet-ve-acil-durum-koordinasyon-toplantisi-yapildi\/","title":{"rendered":"Kahta\u2019da Afet ve Acil Durum Koordinasyon Toplant\u0131s\u0131 Yap\u0131ld\u0131"},"content":{"rendered":"<p>Olas\u0131 Afetlere Kar\u015f\u0131 Haz\u0131rl\u0131klar Masaya Yat\u0131r\u0131ld\u0131<\/p>\n<p>Kahta Kaymakaml\u0131\u011f\u0131 Toplant\u0131 Salonu\u2019nda d\u00fczenlenen toplant\u0131ya, il\u00e7e protokol\u00fc, kamu kurum ve kurulu\u015flar\u0131n\u0131n temsilcileri, belediye yetkilileri, g\u00fcvenlik g\u00fc\u00e7leri ve ilgili birim amirleri kat\u0131ld\u0131. Toplant\u0131da, afet \u00f6ncesi, afet an\u0131 ve sonras\u0131nda y\u00fcr\u00fct\u00fclmesi gereken \u00e7al\u0131\u015fmalar detayl\u0131 bi\u00e7imde ele al\u0131n\u0131rken, kurumlar aras\u0131 koordinasyonun g\u00fc\u00e7lendirilmesine y\u00f6nelik kararlar al\u0131nd\u0131.<\/p>\n<p>\u0130l Afet ve Acil Durum \u015eube M\u00fcd\u00fcr\u00fc Sedat Bozkurt taraf\u0131ndan yap\u0131lan sunumda, Ad\u0131yaman ve \u00e7evresinde meydana gelebilecek deprem, sel, yang\u0131n ve benzeri afetlere kar\u015f\u0131 haz\u0131rl\u0131k s\u00fcre\u00e7leri, risk analizleri ve al\u0131nan \u00f6nlemler hakk\u0131nda bilgi verildi. Bozkurt, 6 \u015eubat 2023 depreminin ard\u0131ndan y\u00fcr\u00fct\u00fclen \u00e7al\u0131\u015fmalar ile afet m\u00fcdahale kapasitesinin art\u0131r\u0131lmas\u0131 i\u00e7in yap\u0131lan faaliyetleri de anlatt\u0131.<\/p>\n<p>Afet Y\u00f6netiminde Koordinasyon ve H\u0131zl\u0131 M\u00fcdahale Vurgusu<\/p>\n<p>Toplant\u0131da, \u0130l Afet Risk Azaltma Plan\u0131 (\u0130RAP) kapsam\u0131nda y\u00fcr\u00fct\u00fclen \u00e7al\u0131\u015fmalar, afet an\u0131nda kurumlar\u0131n \u00fcstlenece\u011fi g\u00f6revler ve koordinasyon mekanizmalar\u0131 de\u011ferlendirildi. Ana ve destek \u00e7\u00f6z\u00fcm orta\u011f\u0131 kurumlar\u0131n afet \u00f6ncesinde haz\u0131rl\u0131k yapmas\u0131, afet an\u0131nda h\u0131zl\u0131 ve etkili m\u00fcdahalede bulunmas\u0131, afet sonras\u0131nda ise iyile\u015ftirme \u00e7al\u0131\u015fmalar\u0131n\u0131 planl\u0131 \u015fekilde y\u00fcr\u00fctmesi gerekti\u011fi vurguland\u0131.<\/p>\n<p>Kaymakam Muhammed \u00dcsame Soysal, toplant\u0131da yapt\u0131\u011f\u0131 konu\u015fmada afetlere kar\u015f\u0131 haz\u0131rl\u0131kl\u0131 olman\u0131n \u00f6nemine dikkat \u00e7ekerek \u015funlar\u0131 s\u00f6yledi:<\/p>\n<p>&ldquo;Afetlerin ne zaman ve nerede meydana gelece\u011fini bilemeyiz. Bu nedenle afetlere her zaman haz\u0131r olmak, m\u00fcdahaleyi h\u0131zl\u0131 ve etkili bir \u015fekilde ger\u00e7ekle\u015ftirmek zorunday\u0131z. Kurumlar\u0131m\u0131z aras\u0131ndaki i\u015f birli\u011fi ve koordinasyon, afet y\u00f6netiminin en kritik unsurlar\u0131ndand\u0131r. T\u00fcm kurumlar\u0131m\u0131zdan haz\u0131rl\u0131klar\u0131n\u0131 g\u00f6zden ge\u00e7irmelerini ve gerekli tedbirleri en \u00fcst seviyede almalar\u0131n\u0131 istiyoruz.&rdquo;<\/p>\n<p>Risk Azaltma ve Fark\u0131ndal\u0131k \u00c7al\u0131\u015fmalar\u0131 Art\u0131r\u0131lacak<\/p>\n<p>Toplant\u0131da ayr\u0131ca, afet \u00f6ncesi al\u0131nacak \u00f6nlemlerin yaln\u0131zca kamu kurumlar\u0131yla s\u0131n\u0131rl\u0131 olmad\u0131\u011f\u0131, vatanda\u015flar\u0131n da afet bilinci ve fark\u0131ndal\u0131\u011f\u0131n\u0131n art\u0131r\u0131lmas\u0131 gerekti\u011fi vurguland\u0131. Bu kapsamda e\u011fitim, tatbikat ve bilgilendirme faaliyetlerinin \u00f6n\u00fcm\u00fczdeki d\u00f6nemde art\u0131r\u0131lmas\u0131 y\u00f6n\u00fcnde kararlar al\u0131nd\u0131.<\/p>\n<p>Kaymakam Soysal, toplant\u0131n\u0131n sonunda kurum temsilcilerinden afet y\u00f6netim planlar\u0131n\u0131 g\u00fcncellemelerini, tatbikatlara a\u011f\u0131rl\u0131k verilmesini ve \u00f6zellikle deprem ba\u015fta olmak \u00fczere afetlere haz\u0131rl\u0131k \u00e7al\u0131\u015fmalar\u0131n\u0131n yerelde daha etkin bir \u015fekilde y\u00fcr\u00fct\u00fclmesini istedi.<\/p><\/p>\n","protected":false},"excerpt":{"rendered":"<p> Mustafa KAMI\u015e \u2013 Kahta\u2019da olas\u0131 afet ve acil durumlara kar\u015f\u0131 haz\u0131rl\u0131k \u00e7al\u0131\u015fmalar\u0131n\u0131 de\u011ferlendirmek amac\u0131yla d\u00fczenlenen \u0130l Afet ve Acil Durum Koordinasyon Kurulu Toplant\u0131s\u0131, Kaymakam Muhammed \u00dcsame Soysal ba\u015fkanl\u0131\u011f\u0131nda ger\u00e7ekle\u015ftirildi.<\/p>\n","protected":false},"author":1,"featured_media":18259,"comment_status":"open","ping_status":"open","sticky":false,"template":"","format":"standard","meta":{"om_disable_all_campaigns":false,"_monsterinsights_skip_tracking":false,"_monsterinsights_sitenote_active":false,"_monsterinsights_sitenote_note":"","_monsterinsights_sitenote_category":0,"footnotes":""},"categories":[1,11],"tags":[1272,292,2629,787,705],"aioseo_notices":[],"_links":{"self":[{"href":"https:\/\/www.hbrkahta.com\/index.php\/wp-json\/wp\/v2\/posts\/18258"}],"collection":[{"href":"https:\/\/www.hbrkahta.com\/index.php\/wp-json\/wp\/v2\/posts"}],"about":[{"href":"https:\/\/www.hbrkahta.com\/index.php\/wp-json\/wp\/v2\/types\/post"}],"author":[{"embeddable":true,"href":"https:\/\/www.hbrkahta.com\/index.php\/wp-json\/wp\/v2\/users\/1"}],"replies":[{"embeddable":true,"href":"https:\/\/www.hbrkahta.com\/index.php\/wp-json\/wp\/v2\/comments?post=18258"}],"version-history":[{"count":1,"href":"https:\/\/www.hbrkahta.com\/index.php\/wp-json\/wp\/v2\/posts\/18258\/revisions"}],"predecessor-version":[{"id":18260,"href":"https:\/\/www.hbrkahta.com\/index.php\/wp-json\/wp\/v2\/posts\/18258\/revisions\/18260"}],"wp:featuredmedia":[{"embeddable":true,"href":"https:\/\/www.hbrkahta.com\/index.php\/wp-json\/wp\/v2\/media\/18259"}],"wp:attachment":[{"href":"https:\/\/www.hbrkahta.com\/index.php\/wp-json\/wp\/v2\/media?parent=18258"}],"wp:term":[{"taxonomy":"category","embeddable":true,"href":"https:\/\/www.hbrkahta.com\/index.php\/wp-json\/wp\/v2\/categories?post=18258"},{"taxonomy":"post_tag","embeddable":true,"href":"https:\/\/www.hbrkahta.com\/index.php\/wp-json\/wp\/v2\/tags?post=18258"}],"curies":[{"name":"wp","href":"https:\/\/api.w.org\/{rel}","templated":true}]}}