{"id":18174,"date":"2025-09-23T19:12:05","date_gmt":"2025-09-23T16:12:05","guid":{"rendered":"https:\/\/www.hbrkahta.com\/?p=18174"},"modified":"2025-09-23T19:12:05","modified_gmt":"2025-09-23T16:12:05","slug":"adiyamanda-tarim-mukemmeliyet-merkezi-hizmete-sunuldu","status":"publish","type":"post","link":"https:\/\/www.hbrkahta.com\/index.php\/2025\/09\/23\/adiyamanda-tarim-mukemmeliyet-merkezi-hizmete-sunuldu\/","title":{"rendered":"Ad\u0131yaman\u2019da Tar\u0131m M\u00fckemmeliyet Merkezi hizmete sunuldu"},"content":{"rendered":"<p>\u015eeriban \u00d6Z\u00c7AKMAK &ndash; Sar\u0131harman K\u00f6y\u00fc\u2019nde hizmete sunulan Tar\u0131m M\u00fckemmeliyet Merkezi\u2019yle birlikte, Ad\u0131yaman\u2019da, tar\u0131m sekt\u00f6r\u00fcnde \u00fcretimi ve verimlili\u011fi art\u0131rmak, istihdam\u0131n nicelik ve nitelik olarak y\u00fckselmesi ve \u00fcreticilerin birim alandan elde ettikleri katma de\u011ferin arzu edilen seviyelere y\u00fckseltilmesi hedefleniyor.<\/p>\n<p>Merkez Sar\u0131harman K\u00f6y\u00fcnde 4350 m2 arazi \u00fczerine in\u015fa edilen Tar\u0131m M\u00fckemmeliyet Merkezi; 4 adet 1350 m2\u2019lik so\u011fuk hava deposu, badem i\u015fleme tesisi ve makineleri ya\u015f meyve ve sebze i\u015fleme tesisi ve makinelerinden olu\u015fuyor.<\/p>\n<p>Ad\u0131yaman Valisi Dr. Osman Varol, Cumhuriyet Ba\u015fsavc\u0131s\u0131 G\u00f6khan \u015eahin ile birlikte \u0130pekyolu Kalk\u0131nma Ajans\u0131n\u0131n finansal deste\u011fiyle \u0130l \u00d6zel \u0130daresi taraf\u0131ndan yap\u0131m\u0131 tamamlanarak hizmete sunulan ve Adalet Bakanl\u0131\u011f\u0131 \u0130\u015f Yurtlar\u0131 taraf\u0131ndan i\u015fletilmeye ba\u015flanan Tar\u0131m M\u00fckemmeliyet Merkezinde incelemelerde bulunarak merkezin mevcut durumu ve \u00e7al\u0131\u015fmalarla ilgili bilgiler ald\u0131.<\/p>\n<p>Vali Osman Varol hizmete sunulan tar\u0131m merkeziyle ilgili yapt\u0131\u011f\u0131 a\u00e7\u0131klamada, &ldquo;Ekonomisinin b\u00fcy\u00fck bir b\u00f6l\u00fcm\u00fcm\u00fc tar\u0131ma dayanan Ad\u0131yaman\u2019da tar\u0131m sekt\u00f6r\u00fcnde \u00fcretimi ve verimlili\u011fi art\u0131rmak, istihdam\u0131n nicelik ve nitelik olarak y\u00fckselmesi ve \u00fcreticilerin birim alandan elde ettikleri katma de\u011ferin arzu edilen seviyelere y\u00fckseltilmesi amac\u0131yla hizmete sunulan merkezin ilimize hay\u0131rl\u0131 ve u\u011furlu olmas\u0131n\u0131 diliyoruz&rdquo; dedi.<\/p><\/p>\n","protected":false},"excerpt":{"rendered":"<p> Ad\u0131yaman ilinin Merkez il\u00e7esine ba\u011fl\u0131 Sar\u0131harman K\u00f6y\u00fc\u2019nde, tar\u0131msal \u00fcretim desenini her ge\u00e7en g\u00fcn art\u0131ran Ad\u0131yaman&#8217;da, Adalet Bakanl\u0131\u011f\u0131 \u0130\u015f Yurtlar\u0131 taraf\u0131ndan i\u015fletilecek Tar\u0131m M\u00fckemmeliyet Merkezi hizmete sunuldu.<\/p>\n","protected":false},"author":1,"featured_media":18175,"comment_status":"open","ping_status":"open","sticky":false,"template":"","format":"standard","meta":{"om_disable_all_campaigns":false,"_monsterinsights_skip_tracking":false,"_monsterinsights_sitenote_active":false,"_monsterinsights_sitenote_note":"","_monsterinsights_sitenote_category":0,"footnotes":""},"categories":[1,11],"tags":[540,535,102],"aioseo_notices":[],"_links":{"self":[{"href":"https:\/\/www.hbrkahta.com\/index.php\/wp-json\/wp\/v2\/posts\/18174"}],"collection":[{"href":"https:\/\/www.hbrkahta.com\/index.php\/wp-json\/wp\/v2\/posts"}],"about":[{"href":"https:\/\/www.hbrkahta.com\/index.php\/wp-json\/wp\/v2\/types\/post"}],"author":[{"embeddable":true,"href":"https:\/\/www.hbrkahta.com\/index.php\/wp-json\/wp\/v2\/users\/1"}],"replies":[{"embeddable":true,"href":"https:\/\/www.hbrkahta.com\/index.php\/wp-json\/wp\/v2\/comments?post=18174"}],"version-history":[{"count":1,"href":"https:\/\/www.hbrkahta.com\/index.php\/wp-json\/wp\/v2\/posts\/18174\/revisions"}],"predecessor-version":[{"id":18176,"href":"https:\/\/www.hbrkahta.com\/index.php\/wp-json\/wp\/v2\/posts\/18174\/revisions\/18176"}],"wp:featuredmedia":[{"embeddable":true,"href":"https:\/\/www.hbrkahta.com\/index.php\/wp-json\/wp\/v2\/media\/18175"}],"wp:attachment":[{"href":"https:\/\/www.hbrkahta.com\/index.php\/wp-json\/wp\/v2\/media?parent=18174"}],"wp:term":[{"taxonomy":"category","embeddable":true,"href":"https:\/\/www.hbrkahta.com\/index.php\/wp-json\/wp\/v2\/categories?post=18174"},{"taxonomy":"post_tag","embeddable":true,"href":"https:\/\/www.hbrkahta.com\/index.php\/wp-json\/wp\/v2\/tags?post=18174"}],"curies":[{"name":"wp","href":"https:\/\/api.w.org\/{rel}","templated":true}]}}