{"id":18165,"date":"2025-09-23T17:12:04","date_gmt":"2025-09-23T14:12:04","guid":{"rendered":"https:\/\/www.hbrkahta.com\/?p=18165"},"modified":"2025-09-23T17:12:04","modified_gmt":"2025-09-23T14:12:04","slug":"adiyamanda-insaat-iscilerinden-eylem-kolelik-kosullarinda-calisiyoruz-alnimizin-terini-istiyoruz","status":"publish","type":"post","link":"https:\/\/www.hbrkahta.com\/index.php\/2025\/09\/23\/adiyamanda-insaat-iscilerinden-eylem-kolelik-kosullarinda-calisiyoruz-alnimizin-terini-istiyoruz\/","title":{"rendered":"Ad\u0131yaman&#8217;da in\u015faat i\u015f\u00e7ilerinden eylem: \u2018K\u00f6lelik ko\u015fullar\u0131nda \u00e7al\u0131\u015f\u0131yoruz, aln\u0131m\u0131z\u0131n terini istiyoruz\u2019"},"content":{"rendered":"<p>\u015eeriban \u00d6Z\u00c7AKMAK &ndash; Ad\u0131yaman\u2019da \u00c7evre ve \u015eehircilik Bakanl\u0131\u011f\u0131\u2019na ba\u011fl\u0131 deprem konutlar\u0131 k\u00f6y evleri projesinde \u00e7al\u0131\u015fan ve 5 ayd\u0131r maa\u015flar\u0131n\u0131 alamayan i\u015f\u00e7iler, Ad\u0131yaman Valili\u011fi \u00f6n\u00fcnde eylem yapt\u0131ktan sonra Ad\u0131yaman Valisi Dr. Osman Varol ile g\u00f6r\u00fc\u015ft\u00fc. G\u00f6r\u00fc\u015fmenin ard\u0131ndan \u00c7evre, \u015eehircilik ve \u0130klim De\u011fi\u015fikli\u011fi Ad\u0131yaman \u0130l M\u00fcd\u00fcrl\u00fc\u011f\u00fc binas\u0131 \u00f6n\u00fcne gelerek bas\u0131n a\u00e7\u0131klamas\u0131 yapan i\u015f\u00e7iler &ldquo;Bizler aln\u0131m\u0131z\u0131n terini, \u00e7ocuklar\u0131m\u0131z\u0131n r\u0131zk\u0131n\u0131 almak i\u00e7in buraday\u0131z&rdquo; ifadelerini kulland\u0131. \u0130\u015f\u00e7iler, \u00e7al\u0131\u015ft\u0131klar\u0131 ortamda hijyen ko\u015fullar\u0131n\u0131n yetersiz oldu\u011funu da dile getirdi.<\/p>\n<p>\u0130\u015f\u00e7iler ad\u0131na konu\u015fan Saha Topo\u011fraf\u0131 Emre \u00c7iftehan, k\u00f6lelik ko\u015fullar\u0131nda \u00e7al\u0131\u015fmaya mahkum edildiklerini vurgulayarak, &#8220;Bizler 6 \u015eubat depreminin yaralar\u0131n\u0131 sarmak isteyen in\u015faat emek\u00e7ileriyiz. Bizler bu topra\u011f\u0131n \u00e7ocuklar\u0131y\u0131z; kimimiz Malatyal\u0131, kimimiz Elaz\u0131\u011fl\u0131, kimimiz de Ad\u0131yamanl\u0131y\u0131z. Depremin korkun\u00e7 y\u00fcz\u00fcn\u00fc g\u00f6ren bizler, ne yaz\u0131k ki bug\u00fcn yeni bir depremle y\u0131k\u0131ld\u0131k. Be\u015f ayd\u0131r tek bir kuru\u015f para alamad\u0131\u011f\u0131m\u0131z Didoray, \u0130nelsan ve KB in\u015faat ortakl\u0131\u011f\u0131 bizlere \u00f6deme yapamayaca\u011f\u0131n\u0131 s\u00f6ylemektedir&rdquo; ifadelerini kulland\u0131.<\/p>\n<p>\u00c7iftehan, a\u00e7\u0131klamas\u0131n\u0131n devam\u0131nda \u015fu ifadeleri kaydetti:<\/p>\n<p>&ldquo;Ana Firma, Adeta Akl\u0131m\u0131zla Alay Etmektedir&rdquo;<\/p>\n<p>&#8220;Biz in\u015faat emek\u00e7ileri depremin duygusal hisleriyle sabredelim \u00e7al\u0131\u015fal\u0131m derken, konteynerde ve \u00e7ad\u0131rdaki kom\u015fumuzu d\u00fc\u015f\u00fcn\u00fcrken, ana firma &lsquo;para almad\u0131\u011f\u0131n\u0131z yerde niye \u00e7al\u0131\u015f\u0131yorsunuz, i\u015fi b\u0131rak\u0131p gitseydiniz\u2019 diyerek adeta bizim akl\u0131m\u0131zla alay etmektedir. Bizler 46 derece s\u0131ca\u011f\u0131n alt\u0131nda \u00e7al\u0131\u015f\u0131rken onlar, i\u015f\u00e7inin hakk\u0131n\u0131 nas\u0131l gasp ederiz planlar\u0131 kurmu\u015f ve bug\u00fcn bizim anla\u015fma imzalad\u0131\u011f\u0131m\u0131z firmay\u0131 sessiz sedas\u0131z feshederek minareyi k\u0131l\u0131f\u0131na uydurmu\u015flard\u0131r.<\/p>\n<p>&ldquo;Yemekler Kalitesiz, Hijyen Ko\u015fullar\u0131 Yetersiz&rdquo;<\/p>\n<p>\u00c7ekilen s\u0131k\u0131nt\u0131lar\u0131n ve g\u00f6r\u00fclen eziyetlerin haddi var, hesab\u0131 yoktur. Bizler insan onuruna yak\u0131\u015fmayan yerlerde yat\u0131p, i\u00e7inden t\u00fcrl\u00fc b\u00f6cek ve ha\u015ferat\u0131n cirit att\u0131\u011f\u0131 mutfaklarda yemek pi\u015firilip verilen yerlerde yemek yiyip, g\u00fcnde 10 saat \u00e7al\u0131\u015fan emek\u00e7ileriz. Bizler ne dilenmeye, nede duygu s\u00f6m\u00fcr\u00fcs\u00fc yapmaya geldik. Bizler aln\u0131m\u0131z\u0131n terini, \u00e7ocuklar\u0131m\u0131z r\u0131zk\u0131n\u0131 almak i\u00e7in buraday\u0131z.&rdquo;<\/p>\n<\/p><\/p>\n","protected":false},"excerpt":{"rendered":"<p> Ad\u0131yaman K\u00f6yevleri Projesi\u2019nde \u00e7al\u0131\u015fan ve 5 ayd\u0131r maa\u015flar\u0131n\u0131 alamayan in\u015faat i\u015f\u00e7ileri \u00c7evre, \u015eehircilik ve \u0130klim De\u011fi\u015fikli\u011fi Ad\u0131yaman \u0130l M\u00fcd\u00fcrl\u00fc\u011f\u00fc binas\u0131 \u00f6n\u00fcnde bas\u0131n a\u00e7\u0131klamas\u0131 yapt\u0131. Farkl\u0131 illerden \u00e7al\u0131\u015fmaya gelen yakla\u015f\u0131k 150 i\u015f\u00e7i \u201cDepremin korkun\u00e7 y\u00fcz\u00fcn\u00fc g\u00f6ren bizler, ne yaz\u0131k ki bug\u00fcn yeni bir depremle y\u0131k\u0131ld\u0131k. Be\u015f ayd\u0131r tek bir kuru\u015f para alam\u0131yoruz\u201d dedi. \u0130\u015f\u00e7iler, daha \u00f6nce ilgili kurumlarla g\u00f6r\u00fc\u015ft\u00fcklerini, ancak bir sonu\u00e7 alamad\u0131klar\u0131n\u0131 s\u00f6yledi.<\/p>\n","protected":false},"author":1,"featured_media":18166,"comment_status":"open","ping_status":"open","sticky":false,"template":"","format":"standard","meta":{"om_disable_all_campaigns":false,"_monsterinsights_skip_tracking":false,"_monsterinsights_sitenote_active":false,"_monsterinsights_sitenote_note":"","_monsterinsights_sitenote_category":0,"footnotes":""},"categories":[1,11],"tags":[559,2719,588],"aioseo_notices":[],"_links":{"self":[{"href":"https:\/\/www.hbrkahta.com\/index.php\/wp-json\/wp\/v2\/posts\/18165"}],"collection":[{"href":"https:\/\/www.hbrkahta.com\/index.php\/wp-json\/wp\/v2\/posts"}],"about":[{"href":"https:\/\/www.hbrkahta.com\/index.php\/wp-json\/wp\/v2\/types\/post"}],"author":[{"embeddable":true,"href":"https:\/\/www.hbrkahta.com\/index.php\/wp-json\/wp\/v2\/users\/1"}],"replies":[{"embeddable":true,"href":"https:\/\/www.hbrkahta.com\/index.php\/wp-json\/wp\/v2\/comments?post=18165"}],"version-history":[{"count":1,"href":"https:\/\/www.hbrkahta.com\/index.php\/wp-json\/wp\/v2\/posts\/18165\/revisions"}],"predecessor-version":[{"id":18167,"href":"https:\/\/www.hbrkahta.com\/index.php\/wp-json\/wp\/v2\/posts\/18165\/revisions\/18167"}],"wp:featuredmedia":[{"embeddable":true,"href":"https:\/\/www.hbrkahta.com\/index.php\/wp-json\/wp\/v2\/media\/18166"}],"wp:attachment":[{"href":"https:\/\/www.hbrkahta.com\/index.php\/wp-json\/wp\/v2\/media?parent=18165"}],"wp:term":[{"taxonomy":"category","embeddable":true,"href":"https:\/\/www.hbrkahta.com\/index.php\/wp-json\/wp\/v2\/categories?post=18165"},{"taxonomy":"post_tag","embeddable":true,"href":"https:\/\/www.hbrkahta.com\/index.php\/wp-json\/wp\/v2\/tags?post=18165"}],"curies":[{"name":"wp","href":"https:\/\/api.w.org\/{rel}","templated":true}]}}