{"id":18150,"date":"2025-09-23T14:12:03","date_gmt":"2025-09-23T11:12:03","guid":{"rendered":"https:\/\/www.hbrkahta.com\/?p=18150"},"modified":"2025-09-23T14:12:03","modified_gmt":"2025-09-23T11:12:03","slug":"mhp-adiyaman-il-baskani-ali-onattan-ahilik-haftasi-mesaji-ahilik-alin-terinin-semboludur","status":"publish","type":"post","link":"https:\/\/www.hbrkahta.com\/index.php\/2025\/09\/23\/mhp-adiyaman-il-baskani-ali-onattan-ahilik-haftasi-mesaji-ahilik-alin-terinin-semboludur\/","title":{"rendered":"MHP Ad\u0131yaman \u0130l Ba\u015fkan\u0131 Ali \u00d6nat\u2019tan Ahilik Haftas\u0131 mesaj\u0131: \u2018Ahilik, al\u0131n terinin sembol\u00fcd\u00fcr\u2019"},"content":{"rendered":"<p>\u015eeriban \u00d6Z\u00c7AKMAK&shy; &ndash; Ahilik\u2019in T\u00fcrk milletinin birlik ve beraberlik ruhunu y\u00fczy\u0131llard\u0131r ayakta tutan en \u00f6nemli de\u011ferlerden biri oldu\u011funu vurgulayan MHP Ad\u0131yaman \u0130l Ba\u015fkan\u0131 Ali \u00d6nat, &ldquo;Ahilik, d\u00fcr\u00fcstl\u00fc\u011f\u00fcn, karde\u015fli\u011fin, dayan\u0131\u015fman\u0131n ve al\u0131n terinin sembol\u00fcd\u00fcr&rdquo; ifadelerini kulland\u0131.<\/p>\n<p>Ba\u015fkan \u00d6nat &ldquo;Ahilik k\u00fclt\u00fcr\u00fc, sadece ticaret ahlak\u0131n\u0131 de\u011fil, ayn\u0131 zamanda toplumsal d\u00fczeni, yard\u0131mla\u015fmay\u0131 ve karde\u015fli\u011fi esas alan k\u00f6kl\u00fc bir medeniyet miras\u0131d\u0131r&rdquo; diyerek &ldquo;T\u00fcrk-\u0130slam k\u00fclt\u00fcr\u00fcn\u00fcn mayas\u0131nda bulunan bu de\u011ferler, bug\u00fcn de milletimizin birlik ve beraberli\u011fi i\u00e7in yol g\u00f6sterici olmaktad\u0131r. Ahilik Haftas\u0131 vesilesiyle, helal kazanc\u0131, eme\u011fe sayg\u0131y\u0131 ve adaleti yeniden hat\u0131rlamak b\u00fcy\u00fck \u00f6nem ta\u015f\u0131maktad\u0131r&rdquo; ifadelerine yer verdi.<\/p>\n<p>MHP \u0130l Ba\u015fkan\u0131 Ali \u00d6nat, a\u00e7\u0131klamas\u0131nda Genel Ba\u015fkan Devlet Bah\u00e7eli\u2019nin Ahilik anlay\u0131\u015f\u0131na verdi\u011fi \u00f6neme de de\u011finerek, &ldquo;Say\u0131n Genel Ba\u015fkan\u0131m\u0131z Devlet Bah\u00e7eli\u2019nin de ifade etti\u011fi gibi \u00fcretim kutsald\u0131r, al\u0131n teri mukaddestir. Ahilik gelene\u011fiyle yo\u011frulan esnaf ve sanatk&acirc;rlar\u0131m\u0131z, milli ekonomimizin temel ta\u015flar\u0131d\u0131r. Bu anlay\u0131\u015fla, Ahilik de\u011ferlerini bug\u00fcne ta\u015f\u0131yarak, hem ekonomik hem de sosyal alanda g\u00fc\u00e7l\u00fc bir T\u00fcrkiye in\u015fa etmek hepimizin g\u00f6revidir. Bu vesileyle, t\u00fcm esnaf ve sanatk&acirc;rlar\u0131m\u0131z\u0131n Ahilik Haftas\u0131\u2019n\u0131 kutluyor, ecdad\u0131m\u0131zdan miras kalan bu y\u00fcce k\u00fclt\u00fcr\u00fcn nesiller boyu ya\u015fat\u0131lmas\u0131n\u0131 temenni ediyorum&rdquo; ifadelerini kulland\u0131.<\/p><\/p>\n","protected":false},"excerpt":{"rendered":"<p> Milliyet\u00e7i Hareket Partisi (MHP) Ad\u0131yaman \u0130l Ba\u015fkan\u0131 Ali \u00d6nat, Ahilik Haftas\u0131 dolay\u0131s\u0131yla bir mesaj yay\u0131mlad\u0131. Ba\u015fkan \u00d6nat, \u201cAhilik k\u00fclt\u00fcr\u00fc, karde\u015fli\u011fi esas alan k\u00f6kl\u00fc bir medeniyet miras\u0131d\u0131r\u201d dedi.<\/p>\n","protected":false},"author":1,"featured_media":18151,"comment_status":"open","ping_status":"open","sticky":false,"template":"","format":"standard","meta":{"om_disable_all_campaigns":false,"_monsterinsights_skip_tracking":false,"_monsterinsights_sitenote_active":false,"_monsterinsights_sitenote_note":"","_monsterinsights_sitenote_category":0,"footnotes":""},"categories":[1,11],"tags":[1199,540],"aioseo_notices":[],"_links":{"self":[{"href":"https:\/\/www.hbrkahta.com\/index.php\/wp-json\/wp\/v2\/posts\/18150"}],"collection":[{"href":"https:\/\/www.hbrkahta.com\/index.php\/wp-json\/wp\/v2\/posts"}],"about":[{"href":"https:\/\/www.hbrkahta.com\/index.php\/wp-json\/wp\/v2\/types\/post"}],"author":[{"embeddable":true,"href":"https:\/\/www.hbrkahta.com\/index.php\/wp-json\/wp\/v2\/users\/1"}],"replies":[{"embeddable":true,"href":"https:\/\/www.hbrkahta.com\/index.php\/wp-json\/wp\/v2\/comments?post=18150"}],"version-history":[{"count":1,"href":"https:\/\/www.hbrkahta.com\/index.php\/wp-json\/wp\/v2\/posts\/18150\/revisions"}],"predecessor-version":[{"id":18152,"href":"https:\/\/www.hbrkahta.com\/index.php\/wp-json\/wp\/v2\/posts\/18150\/revisions\/18152"}],"wp:featuredmedia":[{"embeddable":true,"href":"https:\/\/www.hbrkahta.com\/index.php\/wp-json\/wp\/v2\/media\/18151"}],"wp:attachment":[{"href":"https:\/\/www.hbrkahta.com\/index.php\/wp-json\/wp\/v2\/media?parent=18150"}],"wp:term":[{"taxonomy":"category","embeddable":true,"href":"https:\/\/www.hbrkahta.com\/index.php\/wp-json\/wp\/v2\/categories?post=18150"},{"taxonomy":"post_tag","embeddable":true,"href":"https:\/\/www.hbrkahta.com\/index.php\/wp-json\/wp\/v2\/tags?post=18150"}],"curies":[{"name":"wp","href":"https:\/\/api.w.org\/{rel}","templated":true}]}}