{"id":18135,"date":"2025-09-22T23:36:04","date_gmt":"2025-09-22T20:36:04","guid":{"rendered":"https:\/\/www.hbrkahta.com\/?p=18135"},"modified":"2025-09-22T23:36:04","modified_gmt":"2025-09-22T20:36:04","slug":"muhendis-mehmet-celebi-bademdeki-verginin-dusurulmesi-ciftciyi-hayal-kirikligina-ugratmistir","status":"publish","type":"post","link":"https:\/\/www.hbrkahta.com\/index.php\/2025\/09\/22\/muhendis-mehmet-celebi-bademdeki-verginin-dusurulmesi-ciftciyi-hayal-kirikligina-ugratmistir\/","title":{"rendered":"M\u00fchendis Mehmet \u00c7elebi: \u2018Bademdeki verginin d\u00fc\u015f\u00fcr\u00fclmesi, \u00e7ift\u00e7iyi hayal k\u0131r\u0131kl\u0131\u011f\u0131na u\u011fratm\u0131\u015ft\u0131r\u2019"},"content":{"rendered":"<\/p>\n<p>\u015eeriban \u00d6Z\u00c7AKMAK &ndash; Ad\u0131yaman\u2019\u0131n Kahta il\u00e7esinde Ziraat M\u00fchendisli\u011fi yapan Mehmet \u00c7elebi, badem fiyatlar\u0131n\u0131n a\u00e7\u0131klanmamas\u0131n\u0131n ve ithal badem vergilerinin d\u00fc\u015f\u00fclmesinin \u00e7ift\u00e7iyi ma\u011fdur edeceklerini ifade etti.<\/p>\n<p>&#8220;\u00c7ift\u00e7iler, Badem Al\u0131m Fiyatlar\u0131n\u0131n A\u00e7\u0131klanmas\u0131n\u0131 Bekliyor&rdquo;<\/p>\n<p>\u00c7elebi, iklim de\u011fi\u015fikli\u011fi ve k\u00fcresel \u0131s\u0131nman\u0131n sonucunda \u00fcr\u00fcnleri zarar g\u00f6ren \u00e7ift\u00e7inin, badem ithalat\u0131ndaki g\u00fcmr\u00fck vergisi de\u011fi\u015fikli\u011fi kar\u015f\u0131s\u0131nda daha \u00e7ok zorlanaca\u011f\u0131n\u0131 vurgulayarak, &ldquo;Badem diyar\u0131 Ad\u0131yaman ve T\u00fcrkiye genelinde badem \u00fcreticileri don, dolu ve kurakl\u0131k gibi nedenlerle \u00e7ok ciddi s\u0131k\u0131nt\u0131lar \u00e7ekti. T\u00fcm bu sorun ve s\u0131k\u0131nt\u0131lara ra\u011fmen, buruk ge\u00e7en hasat sezonuyla birlikte yakla\u015f\u0131k bir ayd\u0131r \u00fcreticiler d\u00f6rt g\u00f6zle t\u00fcccara kar\u015f\u0131 ezilmemek i\u00e7in badem al\u0131m\u0131 ve badem al\u0131m fiyatlar\u0131n\u0131n a\u00e7\u0131klanmas\u0131n\u0131 d\u00f6rt g\u00f6zle bekliyor.<\/p>\n<p>\u00c7ift\u00e7iler, badem al\u0131m fiyatlar\u0131n\u0131n a\u00e7\u0131klamas\u0131n\u0131n beklendi\u011fi bu d\u00f6nemde, bademdeki verginin d\u00fc\u015f\u00fcr\u00fclerek %10 \u00e7ekilmesi kar\u015f\u0131s\u0131nda, hayal k\u0131r\u0131kl\u0131\u011f\u0131na u\u011fram\u0131\u015ft\u0131r. Badem al\u0131m fiyatlar\u0131n\u0131n a\u00e7\u0131klanmas\u0131n\u0131n beklendi\u011fi bu d\u00f6nemde ve badem al\u0131m fiyatlar\u0131n\u0131 d\u00f6rt g\u00f6zle bekliyor. Bademdeki verginin d\u00fc\u015f\u00fcr\u00fclerek %10 \u00e7ekilmesi kar\u015f\u0131s\u0131nda hayal k\u0131r\u0131kl\u0131\u011f\u0131na u\u011fram\u0131\u015ft\u0131r.<\/p>\n<p>Yetkililerin bu durum kar\u015f\u0131s\u0131nda duyarl\u0131 olmas\u0131 ve badem \u00e7ift\u00e7isinin yerli badem \u00fcretimini engelleyici bu t\u00fcr durumlar\u0131n kald\u0131r\u0131lmas\u0131 gerekmektedir.&rdquo;<\/p><\/p>\n","protected":false},"excerpt":{"rendered":"<p> Kahta&#8217;da uzun y\u0131llard\u0131r tar\u0131m sekt\u00f6r\u00fcnde faaliyet g\u00f6steren Ziraat M\u00fchendisi Mehmet \u00c7elebi, Cumhurba\u015fkan\u0131 Kararnamesi ile ithal badem vergisinin y\u00fczde 10&#8217;a d\u00fc\u015f\u00fcr\u00fclmesinin \u00e7ift\u00e7inin beklentisini kar\u015f\u0131layamayaca\u011f\u0131n\u0131 s\u00f6yledi.<\/p>\n","protected":false},"author":1,"featured_media":18136,"comment_status":"open","ping_status":"open","sticky":false,"template":"","format":"standard","meta":{"om_disable_all_campaigns":false,"_monsterinsights_skip_tracking":false,"_monsterinsights_sitenote_active":false,"_monsterinsights_sitenote_note":"","_monsterinsights_sitenote_category":0,"footnotes":""},"categories":[1,11],"tags":[2713,2714,534],"aioseo_notices":[],"_links":{"self":[{"href":"https:\/\/www.hbrkahta.com\/index.php\/wp-json\/wp\/v2\/posts\/18135"}],"collection":[{"href":"https:\/\/www.hbrkahta.com\/index.php\/wp-json\/wp\/v2\/posts"}],"about":[{"href":"https:\/\/www.hbrkahta.com\/index.php\/wp-json\/wp\/v2\/types\/post"}],"author":[{"embeddable":true,"href":"https:\/\/www.hbrkahta.com\/index.php\/wp-json\/wp\/v2\/users\/1"}],"replies":[{"embeddable":true,"href":"https:\/\/www.hbrkahta.com\/index.php\/wp-json\/wp\/v2\/comments?post=18135"}],"version-history":[{"count":1,"href":"https:\/\/www.hbrkahta.com\/index.php\/wp-json\/wp\/v2\/posts\/18135\/revisions"}],"predecessor-version":[{"id":18137,"href":"https:\/\/www.hbrkahta.com\/index.php\/wp-json\/wp\/v2\/posts\/18135\/revisions\/18137"}],"wp:featuredmedia":[{"embeddable":true,"href":"https:\/\/www.hbrkahta.com\/index.php\/wp-json\/wp\/v2\/media\/18136"}],"wp:attachment":[{"href":"https:\/\/www.hbrkahta.com\/index.php\/wp-json\/wp\/v2\/media?parent=18135"}],"wp:term":[{"taxonomy":"category","embeddable":true,"href":"https:\/\/www.hbrkahta.com\/index.php\/wp-json\/wp\/v2\/categories?post=18135"},{"taxonomy":"post_tag","embeddable":true,"href":"https:\/\/www.hbrkahta.com\/index.php\/wp-json\/wp\/v2\/tags?post=18135"}],"curies":[{"name":"wp","href":"https:\/\/api.w.org\/{rel}","templated":true}]}}