{"id":18129,"date":"2025-09-22T19:36:03","date_gmt":"2025-09-22T16:36:03","guid":{"rendered":"https:\/\/www.hbrkahta.com\/?p=18129"},"modified":"2025-09-22T19:36:03","modified_gmt":"2025-09-22T16:36:03","slug":"adiyamandaki-panel-tartisma-yaratti-eren-keskinin-aciklamalarina-gonderden-sert-yanit","status":"publish","type":"post","link":"https:\/\/www.hbrkahta.com\/index.php\/2025\/09\/22\/adiyamandaki-panel-tartisma-yaratti-eren-keskinin-aciklamalarina-gonderden-sert-yanit\/","title":{"rendered":"Ad\u0131yaman\u2019daki Panel Tart\u0131\u015fma Yaratt\u0131: Eren Keskin\u2019in A\u00e7\u0131klamalar\u0131na G\u00f6nder\u2019den Sert Yan\u0131t"},"content":{"rendered":"<p>Panelde Cumhuriyet ve K\u00fcrt Meselesi \u00dczerine Konu\u015fma<\/p>\n<p>Panele konu\u015fmac\u0131 olarak kat\u0131lan \u0130HD E\u015f Genel Ba\u015fkan\u0131 Av. Eren Keskin, Cumhuriyet\u2019in tek kimlik \u00fczerine in\u015fa edildi\u011fini savunarak, bu durumun farkl\u0131 kimlikleri yok sayd\u0131\u011f\u0131n\u0131 ileri s\u00fcrd\u00fc. Keskin, K\u00fcrt meselesini &ldquo;K\u00fcrdistan meselesi&rdquo; olarak tan\u0131mlad\u0131 ve \u015fu ifadeleri kulland\u0131:<\/p>\n<p>&ldquo;Bu Cumhuriyet, kurulu\u015fundan itibaren T\u00fcrk ve S\u00fcnni M\u00fcsl\u00fcman kimli\u011fi temel al\u0131narak \u015fekillendirildi. Di\u011fer t\u00fcm etnik, inan\u00e7 ve cinsiyet kimlikleri ya yok say\u0131ld\u0131 ya da asimile edildi. Bize \u00e7ocuklu\u011fumuzdan itibaren \u00f6\u011fretilen tarih b\u00fcy\u00fck \u00f6l\u00e7\u00fcde yaland\u0131r. Bug\u00fcn ya\u015fad\u0131\u011f\u0131m\u0131z sorunlar da bunun sonucudur. Bana g\u00f6re as\u0131l mesele K\u00fcrt meselesi de\u011fil, K\u00fcrdistan meselesidir.&rdquo;<\/p>\n<p>Keskin ayr\u0131ca bar\u0131\u015f s\u00fcrecine ili\u015fkin de\u011ferlendirmesinde, s\u00fcrecin i\u00e7 dinamiklerle de\u011fil d\u0131\u015f bask\u0131larla ba\u015flad\u0131\u011f\u0131n\u0131 savunarak, &ldquo;Devlet bu s\u00fcreci i\u00e7eriden gelen bir taleple de\u011fil, Suriye\u2019deki geli\u015fmeler ve b\u00f6lgesel zorunluluklar nedeniyle ba\u015flatt\u0131&rdquo; dedi.<\/p>\n<p>G\u00f6nder: &lsquo;K\u00fcrt Meselesi Yoktur, K\u00fcrt\u00e7\u00fcl\u00fck Sorunu Vard\u0131r\u2019<\/p>\n<p>Keskin\u2019in s\u00f6zleri \u00fczerine yaz\u0131l\u0131 a\u00e7\u0131klama yapan Hedef K\u0131z\u0131lelma Derne\u011fi Genel Ba\u015fkan\u0131 \u0130brahim Halil G\u00f6nder, &ldquo;Son g\u00fcnlerde baz\u0131 \u00e7evreler s\u00f6zde &lsquo;bar\u0131\u015f\u2019, &lsquo;hak\u2019, &lsquo;demokrasi\u2019 gibi kavramlar\u0131n ard\u0131na saklanarak devletimize, Cumhuriyetimize ve milletimize sald\u0131rmaktad\u0131r. Bu kirli s\u00f6ylemlere en net cevab\u0131 veriyoruz: K\u00fcrt meselesi yoktur! K\u00fcrt\u00e7\u00fcl\u00fck sorunu vard\u0131r!&rdquo; ifadelerini kulland\u0131.<\/p>\n<p>G\u00f6nder, T\u00fcrkler ve K\u00fcrtlerin tarih boyunca ayn\u0131 sofray\u0131, ayn\u0131 cepheyi payla\u015ft\u0131\u011f\u0131n\u0131 vurgulayarak, &ldquo;Bu \u00fclkede hi\u00e7bir zaman T\u00fcrk ile K\u00fcrt aras\u0131nda ayr\u0131m yap\u0131lmam\u0131\u015ft\u0131r. Bug\u00fcn TBMM\u2019de, h\u00fck\u00fcmette ve b\u00fcrokraside \u00e7ok say\u0131da K\u00fcrt k\u00f6kenli vatanda\u015f\u0131m\u0131z g\u00f6rev almaktad\u0131r. Ancak K\u00fcrt\u00e7\u00fcl\u00fck, b\u00f6l\u00fcc\u00fcl\u00fck ve ihanet vard\u0131r&rdquo; dedi.<\/p>\n<p>Tarihsel Referanslarla Sert Ele\u015ftiri<\/p>\n<p>G\u00f6nder, tarihsel \u00f6rnekler \u00fczerinden yapt\u0131\u011f\u0131 a\u00e7\u0131klamada, &ldquo;D\u00fcn \u0130ngilizlerin ma\u015fas\u0131 olan \u015eeyh Sait isyan\u0131 nas\u0131l Musul ve Kerk\u00fck\u2019\u00fcn elimizden al\u0131nmas\u0131na yol a\u00e7t\u0131ysa, bug\u00fcn de benzer oyun K\u00fcrt\u00e7\u00fcl\u00fck \u00fczerinden \u0130ngiltere, ABD, \u0130srail ve Siyonist yap\u0131lar eliyle s\u00fcrd\u00fcr\u00fclmektedir. Hedef T\u00fcrk milletini par\u00e7alamak ve T\u00fcrkiye\u2019yi s\u00f6m\u00fcrge haline getirmektir&rdquo; ifadelerini kulland\u0131.<\/p>\n<p>1915 olaylar\u0131na ili\u015fkin ele\u015ftirilerde de bulunan G\u00f6nder, &ldquo;Devletimizi su\u00e7layanlar, Ermeni \u00e7etelerinin K\u00fcrt kad\u0131n ve \u00e7ocuklar\u0131na yapt\u0131\u011f\u0131 vah\u015feti neden g\u00fcndeme getirmez? \u00c7\u00fcnk\u00fc d\u00fcn ihanet edenlerle bug\u00fcn K\u00fcrt halk\u0131n\u0131 istismar edenlerin kayna\u011f\u0131 ayn\u0131d\u0131r&rdquo; dedi.<\/p>\n<p>&lsquo;Cumhuriyetimizi Karalayamayacaks\u0131n\u0131z\u2019<\/p>\n<p>G\u00f6nder, a\u00e7\u0131klamas\u0131n\u0131n sonunda Cumhuriyet\u2019in ve milletin b\u00f6l\u00fcnmesine izin vermeyeceklerini belirterek, &ldquo;Bu \u00fclkede bir K\u00fcrt sorunu yoktur; ihanet ve K\u00fcrt\u00e7\u00fcl\u00fck sorunu vard\u0131r. Bu millet, d\u00fcn Sevr\u2019i nas\u0131l y\u0131rtt\u0131ysa, bug\u00fcn de ayn\u0131 ruhla her t\u00fcrl\u00fc ihaneti yerle bir edecektir. Cumhuriyetimizi karalayamayacaks\u0131n\u0131z, milletimizi b\u00f6lemeyeceksiniz&rdquo; dedi.<\/p>\n<p>Hedef K\u0131z\u0131lelma Derne\u011fi Genel Ba\u015fkan\u0131 \u0130brahim Halil G\u00f6nder\u2019in a\u00e7\u0131klamas\u0131n\u0131n tamam\u0131 \u015f\u00f6yle:<\/p>\n<p>&ldquo;Son g\u00fcnlerde baz\u0131 \u00e7evreler, s\u00f6zde &ldquo;bar\u0131\u015f&rdquo;, &ldquo;hak&rdquo;, &ldquo;demokrasi&rdquo; gibi kavramlar\u0131n ard\u0131na saklanarak devletimize, Cumhuriyetimize ve milletimize sald\u0131rmaktad\u0131r. Bu kirli s\u00f6ylemlere buradan en net cevab\u0131 veriyoruz:<\/p>\n<p>K\u00fcrt meselesi yoktur! K\u00fcrt\u00e7\u00fcl\u00fck sorunu vard\u0131r!<\/p>\n<p>T\u00fcrkler ve K\u00fcrtler, tarih boyunca ayn\u0131 sofrada ekme\u011fini b\u00f6l\u00fc\u015fm\u00fc\u015f, ayn\u0131 cephede omuz omuza sava\u015fm\u0131\u015f, ayn\u0131 sevin\u00e7 ve ac\u0131y\u0131 payla\u015fm\u0131\u015f, k\u0131z al\u0131p vermi\u015f, torunlar\u0131n\u0131 ayn\u0131 kuca\u011fa s\u0131\u011fd\u0131rm\u0131\u015f karde\u015flerdir. Bu \u00fclkede hi\u00e7bir zaman K\u00fcrt ile T\u00fcrk aras\u0131nda ayr\u0131m yap\u0131lmam\u0131\u015ft\u0131r. Bug\u00fcn TBMM\u2019de, h\u00fck\u00fcmette, b\u00fcrokraside say\u0131s\u0131z K\u00fcrt k\u00f6kenli vatanda\u015f\u0131m\u0131z g\u00f6rev almakta; haklarda, \u00f6zg\u00fcrl\u00fcklerde en ufak bir fark g\u00f6zetilmemektedir.<\/p>\n<p>Ama ne vard\u0131r? K\u00fcrt\u00e7\u00fcl\u00fck vard\u0131r, b\u00f6l\u00fcc\u00fcl\u00fck vard\u0131r, ihanet vard\u0131r!<\/p>\n<p>D\u00fcn \u0130ngilizlerin ma\u015fas\u0131 olan \u015eeyh Sait isyan\u0131 nas\u0131l Musul ve Kerk\u00fck\u2019\u00fcn elimizden al\u0131nmas\u0131na sebep olduysa, bug\u00fcn de ayn\u0131 oyun K\u00fcrt\u00e7\u00fcl\u00fck \u00fczerinden \u0130ngiltere, ABD, \u0130srail ve siyonist yap\u0131lar eliyle s\u00fcrd\u00fcr\u00fclmektedir. Hedef bellidir: T\u00fcrk milletini par\u00e7alamak, T\u00fcrkiye\u2019yi lokmalara ay\u0131r\u0131p s\u00f6m\u00fcrge yapmak!<\/p>\n<p>&ldquo;Bar\u0131\u015f&rdquo; diyenlerin sicili kanl\u0131d\u0131r! Kad\u0131n, \u00e7ocuk, hamile demeden katliam yapanlar; hayvanlara bile k\u0131yan katiller, bug\u00fcn utanmadan &ldquo;hak&rdquo; ve &ldquo;demokrasi&rdquo; nutuklar\u0131 atmaktad\u0131r.<\/p>\n<p>1915 tehcirini bahane ederek devletimizi su\u00e7layanlar, Ermeni Ta\u015fnak, H\u0131n\u00e7ak ve Rum \u00e7etelerinin K\u00fcrtlere yapt\u0131\u011f\u0131 vah\u015feti ni\u00e7in g\u00f6rmezden gelir? Van\u2019da, Erzurum\u2019da K\u00fcrt kad\u0131nlar\u0131n\u0131, \u00e7ocuklar\u0131n\u0131 diri diri yakan, hamile kad\u0131nlar\u0131n kar\u0131nlar\u0131n\u0131 de\u015fip bebeklerini duvarlara \u00e7ivileyen al\u00e7aklar\u0131 neden saklarlar? \u00c7\u00fcnk\u00fc d\u00fcn ihanet edenler ile bug\u00fcn K\u00fcrt halk\u0131n\u0131 istismar edenlerin k\u00f6keni ayn\u0131d\u0131r: Ermeni d\u00f6nmeleri ve i\u015fbirlik\u00e7iler!<\/p>\n<p>Evet, tarihe bak\u0131n! Ermenilere en a\u011f\u0131r darbeyi, onlar\u0131n masum K\u00fcrtleri katletmesinden dolay\u0131 bizzat K\u00fcrtler vurmu\u015ftur. Ama bug\u00fcn ayn\u0131 odaklar, K\u00fcrtleri de\u011fil, K\u00fcrt\u00e7\u00fcl\u00fc\u011f\u00fc savunmaktad\u0131r.<\/p>\n<p>Biz buradan ilan ediyoruz:<\/p>\n<p>Bu \u00fclkede bir K\u00fcrt sorunu yoktur; bir ihanet ve K\u00fcrt\u00e7\u00fcl\u00fck sorunu vard\u0131r!<\/p>\n<p>Bu millet, b\u00f6l\u00fcc\u00fclere boyun e\u011fmeyecek, karde\u015fli\u011fini bozdurmayacakt\u0131r.<\/p>\n<p>Cumhuriyetimize, \u015fehitlerimizin miras\u0131na dil uzatanlar\u0131 asla affetmeyece\u011fiz!<\/p>\n<p>T\u00fcrk milleti, d\u00fcn Sevr\u2019i y\u0131rt\u0131p att\u0131; bug\u00fcn de ayn\u0131 ruhla her ihaneti yerle bir edecektir.<\/p>\n<p>Ne Cumhuriyetimizi karalayabileceksiniz ne de milletimizi b\u00f6lebileceksiniz!<\/p>\n<p>Kamuoyuna sayg\u0131yla duyurulur.&rdquo;<\/p><\/p>\n","protected":false},"excerpt":{"rendered":"<p> \u015eeriban \u00d6Z\u00c7AKMAK \u2013 Ad\u0131yaman Emek ve Demokrasi Platformu taraf\u0131ndan Ticaret ve Sanayi Odas\u0131 Konferans Salonu\u2019nda d\u00fczenlenen \u201cBar\u0131\u015f Hakk\u0131, Demokratik Ya\u015fam\u201d konulu panelde \u0130HD E\u015f Genel Ba\u015fkan\u0131 Av. Eren Keskin\u2019in Cumhuriyet\u2019in kurulu\u015fu, K\u00fcrt meselesi ve y\u00fcr\u00fct\u00fclen s\u00fcrece ili\u015fkin a\u00e7\u0131klamalar\u0131 kamuoyunda geni\u015f yank\u0131 uyand\u0131rd\u0131. Panelin ard\u0131ndan Hedef K\u0131z\u0131lelma Derne\u011fi Genel Ba\u015fkan\u0131 \u0130brahim Halil G\u00f6nder, yapt\u0131\u011f\u0131 yaz\u0131l\u0131 a\u00e7\u0131klamayla Keskin\u2019in s\u00f6zlerine sert tepki g\u00f6sterdi.<\/p>\n","protected":false},"author":1,"featured_media":18130,"comment_status":"open","ping_status":"open","sticky":false,"template":"","format":"standard","meta":{"om_disable_all_campaigns":false,"_monsterinsights_skip_tracking":false,"_monsterinsights_sitenote_active":false,"_monsterinsights_sitenote_note":"","_monsterinsights_sitenote_category":0,"footnotes":""},"categories":[1,11],"tags":[2376,2101,2712,1036,105],"aioseo_notices":[],"_links":{"self":[{"href":"https:\/\/www.hbrkahta.com\/index.php\/wp-json\/wp\/v2\/posts\/18129"}],"collection":[{"href":"https:\/\/www.hbrkahta.com\/index.php\/wp-json\/wp\/v2\/posts"}],"about":[{"href":"https:\/\/www.hbrkahta.com\/index.php\/wp-json\/wp\/v2\/types\/post"}],"author":[{"embeddable":true,"href":"https:\/\/www.hbrkahta.com\/index.php\/wp-json\/wp\/v2\/users\/1"}],"replies":[{"embeddable":true,"href":"https:\/\/www.hbrkahta.com\/index.php\/wp-json\/wp\/v2\/comments?post=18129"}],"version-history":[{"count":1,"href":"https:\/\/www.hbrkahta.com\/index.php\/wp-json\/wp\/v2\/posts\/18129\/revisions"}],"predecessor-version":[{"id":18131,"href":"https:\/\/www.hbrkahta.com\/index.php\/wp-json\/wp\/v2\/posts\/18129\/revisions\/18131"}],"wp:featuredmedia":[{"embeddable":true,"href":"https:\/\/www.hbrkahta.com\/index.php\/wp-json\/wp\/v2\/media\/18130"}],"wp:attachment":[{"href":"https:\/\/www.hbrkahta.com\/index.php\/wp-json\/wp\/v2\/media?parent=18129"}],"wp:term":[{"taxonomy":"category","embeddable":true,"href":"https:\/\/www.hbrkahta.com\/index.php\/wp-json\/wp\/v2\/categories?post=18129"},{"taxonomy":"post_tag","embeddable":true,"href":"https:\/\/www.hbrkahta.com\/index.php\/wp-json\/wp\/v2\/tags?post=18129"}],"curies":[{"name":"wp","href":"https:\/\/api.w.org\/{rel}","templated":true}]}}