{"id":18117,"date":"2025-09-22T14:12:04","date_gmt":"2025-09-22T11:12:04","guid":{"rendered":"https:\/\/www.hbrkahta.com\/?p=18117"},"modified":"2025-09-22T14:12:04","modified_gmt":"2025-09-22T11:12:04","slug":"17inci-gap-oscar-odul-toreninin-on-hazirlik-toplantisi-bukreste-gerceklestirildi","status":"publish","type":"post","link":"https:\/\/www.hbrkahta.com\/index.php\/2025\/09\/22\/17inci-gap-oscar-odul-toreninin-on-hazirlik-toplantisi-bukreste-gerceklestirildi\/","title":{"rendered":"17\u2019inci GAP Oscar \u00d6d\u00fcl T\u00f6reni\u2019nin \u00f6n haz\u0131rl\u0131k toplant\u0131s\u0131 B\u00fckre\u015f\u2019te ger\u00e7ekle\u015ftirildi"},"content":{"rendered":"<p>\u015eeriban \u00d6Z\u00c7AKMAK &#8211; G\u00fcneydo\u011fu Anadolu Gazeteciler Birli\u011fi (GAP) taraf\u0131ndan her y\u0131l geleneksel olarak d\u00fczenlenen ve d\u00fcnyan\u0131n farkl\u0131 \u00fclkelerinden davetlilerin kat\u0131laca\u011f\u0131 17\u2019nci GAP Oscar \u00d6d\u00fcl T\u00f6reni\u2019nde siyaset, sanat, spor ve i\u015f d\u00fcnyas\u0131ndan bir\u00e7ok isim \u00f6d\u00fcllerini alacak.<\/p>\n<p>Romanya-T\u00fcrkiye Ticaret ve Sanayi Odas\u0131\u2019nda yap\u0131lan \u00f6n toplant\u0131da j\u00fcri heyeti, baz\u0131 \u00f6d\u00fcl sahiplerini de a\u00e7\u0131klad\u0131.<\/p>\n<p>Filenin Sultanlar\u0131\u2019na \u00d6zel \u00d6d\u00fcl<\/p>\n<p>D\u00fcnya ikincili\u011fi ba\u015far\u0131s\u0131 sonras\u0131 Voleybol Federasyonu Ba\u015fkan\u0131 Mehmet Akif \u00dcst\u00fcnda\u011f, &ldquo;Y\u0131l\u0131n En Ba\u015far\u0131l\u0131 Federasyon Ba\u015fkan\u0131&rdquo; \u00f6d\u00fcl\u00fcne lay\u0131k g\u00f6r\u00fcld\u00fc.<\/p>\n<p>T\u00fcrk K\u00fclt\u00fcr\u00fcne Hizmet \u00d6d\u00fcl\u00fc<\/p>\n<p>\u0130lteri\u015f Vakf\u0131 Ba\u015fkan\u0131 Mustafa Kaptan Can, T\u00fcrk k\u00fclt\u00fcr\u00fcn\u00fcn korunmas\u0131 ve geli\u015ftirilmesi y\u00f6n\u00fcndeki \u00e7al\u0131\u015fmalar\u0131 nedeniyle &ldquo;Y\u0131l\u0131n Ba\u015far\u0131l\u0131 Vakf\u0131&rdquo; \u00f6d\u00fcl\u00fcn\u00fc alacak.<\/p>\n<p>Y\u0131l\u0131n Valisi Mu\u011fla\u2019dan<\/p>\n<p>Devlet-vatanda\u015f ili\u015fkilerini geli\u015ftirmede g\u00f6sterdi\u011fi \u00e7abalardan dolay\u0131 Mu\u011fla Valisi \u0130dris Akb\u0131y\u0131k, &ldquo;Y\u0131l\u0131n En Ba\u015far\u0131l\u0131 Valisi&rdquo; se\u00e7ildi.<\/p>\n<p>Sel\u00e7uk \u00d6zda\u011f\u2019a &lsquo;Muhalefet \u00f6d\u00fcl\u00fc\u2019<\/p>\n<p>Her y\u0131l bir muhalefet temsilcisinin \u00f6d\u00fcllendirildi\u011fi GAP Oscarlar\u0131nda bu y\u0131l &ldquo;Y\u0131l\u0131n En Ba\u015far\u0131l\u0131 Muhalefeti&rdquo; \u00f6d\u00fcl\u00fc, TBMM\u2019deki performans\u0131 ve soru \u00f6nergeleriyle dikkat \u00e7eken Yeni Yol Partisi Grup Ba\u015fkanvekili Dr. Sel\u00e7uk \u00d6zda\u011f\u2019a verilecek.<\/p>\n<p>K\u0131ymaz: &ldquo;Romanya-T\u00fcrkiye \u0130li\u015fkilerine Katk\u0131 Sa\u011flayaca\u011f\u0131z&rdquo;<\/p>\n<p>GAP Gazeteciler Birli\u011fi Genel Ba\u015fkan\u0131 Zeynel Abidin K\u0131ymaz, B\u00fckre\u015f\u2019teki haz\u0131rl\u0131k toplant\u0131s\u0131 sonras\u0131 yapt\u0131\u011f\u0131 a\u00e7\u0131klamada, &ldquo;17. GAP Oscarlar\u0131, Romanya-T\u00fcrkiye ili\u015fkilerine \u00f6nemli katk\u0131 sa\u011flayacakt\u0131r&rdquo; dedi.<\/p>\n<p>K\u0131ymaz\u2019a toplant\u0131da GAP gazeteciler birli\u011fi Genel Ba\u015fkan Vekili Hamit \u00d6zpolat, Ba\u015fdan\u0131\u015fman \u0130smail T\u00fcrk e\u015flik ederken, Romanya-T\u00fcrkiye Ticaret ve Sanayi Odas\u0131 Ba\u015fkan\u0131 Tamer Atalay, oda y\u00f6netim kurulundan Gazi Demirel ve \u00d6zg\u00fcr Alp e\u015flik etti.<\/p>\n<p>Atalay: &lsquo;Ev Sahipli\u011fini Ba\u015far\u0131yla Yapaca\u011f\u0131z\u2019<\/p>\n<p>T\u00f6renin sponsoru olan Romanya-T\u00fcrkiye Ticaret ve Sanayi Odas\u0131 Ba\u015fkan\u0131 i\u015f insan\u0131 Tamer Atalay, &ldquo;Misafirlerimizi en iyi \u015fekilde a\u011f\u0131rlayaca\u011f\u0131z. Bu y\u0131l hem 30. kurulu\u015f y\u0131l d\u00f6n\u00fcm\u00fcm\u00fcz\u00fc kutluyoruz hem de GAP Oscarlar\u0131na ev sahipli\u011fi yap\u0131yoruz. Bu organizasyonla \u0130ki \u00fclke ili\u015fkilerine yeni katk\u0131lar sunaca\u011f\u0131z&rdquo; ifadelerini kulland\u0131.<\/p>\n<p>B\u00fckre\u015f\u2019te ger\u00e7ekle\u015ftirilecek t\u00f6rene, T\u00fcrkiye\u2019den ve d\u00fcnyan\u0131n farkl\u0131 \u00fclkelerinden bakanlar, milletvekilleri, sanat\u00e7\u0131lar, i\u015f insanlar\u0131 ve gazetecilerin kat\u0131lmas\u0131 bekleniyor.<\/p><\/p>\n","protected":false},"excerpt":{"rendered":"<p> 17\u2019inci GAP Oscar \u00d6d\u00fcl T\u00f6reni haz\u0131rl\u0131klar\u0131, Romanya\u2019n\u0131n ba\u015fkenti B\u00fckre\u015f\u2019te tamamland\u0131. \u00d6d\u00fcl t\u00f6reni, 25 Ekim\u2019de Romanya Cumhurba\u015fkanl\u0131\u011f\u0131 Parlamento Saray\u0131 toplant\u0131 salonunda ger\u00e7ekle\u015ftirilecek.<\/p>\n","protected":false},"author":1,"featured_media":18118,"comment_status":"open","ping_status":"open","sticky":false,"template":"","format":"standard","meta":{"om_disable_all_campaigns":false,"_monsterinsights_skip_tracking":false,"_monsterinsights_sitenote_active":false,"_monsterinsights_sitenote_note":"","_monsterinsights_sitenote_category":0,"footnotes":""},"categories":[1,11],"tags":[726,2615,320,105,708],"aioseo_notices":[],"_links":{"self":[{"href":"https:\/\/www.hbrkahta.com\/index.php\/wp-json\/wp\/v2\/posts\/18117"}],"collection":[{"href":"https:\/\/www.hbrkahta.com\/index.php\/wp-json\/wp\/v2\/posts"}],"about":[{"href":"https:\/\/www.hbrkahta.com\/index.php\/wp-json\/wp\/v2\/types\/post"}],"author":[{"embeddable":true,"href":"https:\/\/www.hbrkahta.com\/index.php\/wp-json\/wp\/v2\/users\/1"}],"replies":[{"embeddable":true,"href":"https:\/\/www.hbrkahta.com\/index.php\/wp-json\/wp\/v2\/comments?post=18117"}],"version-history":[{"count":1,"href":"https:\/\/www.hbrkahta.com\/index.php\/wp-json\/wp\/v2\/posts\/18117\/revisions"}],"predecessor-version":[{"id":18119,"href":"https:\/\/www.hbrkahta.com\/index.php\/wp-json\/wp\/v2\/posts\/18117\/revisions\/18119"}],"wp:featuredmedia":[{"embeddable":true,"href":"https:\/\/www.hbrkahta.com\/index.php\/wp-json\/wp\/v2\/media\/18118"}],"wp:attachment":[{"href":"https:\/\/www.hbrkahta.com\/index.php\/wp-json\/wp\/v2\/media?parent=18117"}],"wp:term":[{"taxonomy":"category","embeddable":true,"href":"https:\/\/www.hbrkahta.com\/index.php\/wp-json\/wp\/v2\/categories?post=18117"},{"taxonomy":"post_tag","embeddable":true,"href":"https:\/\/www.hbrkahta.com\/index.php\/wp-json\/wp\/v2\/tags?post=18117"}],"curies":[{"name":"wp","href":"https:\/\/api.w.org\/{rel}","templated":true}]}}