{"id":18102,"date":"2025-09-21T20:12:02","date_gmt":"2025-09-21T17:12:02","guid":{"rendered":"https:\/\/www.hbrkahta.com\/?p=18102"},"modified":"2025-09-21T20:12:02","modified_gmt":"2025-09-21T17:12:02","slug":"ihd-es-genel-baskani-eren-keskinden-baris-sureci-mesaji-kurt-meselesi-ak-parti-ile-bir-anlasma-meselesi-degildir","status":"publish","type":"post","link":"https:\/\/www.hbrkahta.com\/index.php\/2025\/09\/21\/ihd-es-genel-baskani-eren-keskinden-baris-sureci-mesaji-kurt-meselesi-ak-parti-ile-bir-anlasma-meselesi-degildir\/","title":{"rendered":"\u0130HD E\u015f Genel Ba\u015fkan\u0131 Eren Keskin\u2019den \u2018bar\u0131\u015f s\u00fcreci\u2019 mesaj\u0131: \u2018K\u00fcrt meselesi, AK Parti ile bir anla\u015fma meselesi de\u011fildir\u2019"},"content":{"rendered":"<p>\u015eeriban \u00d6Z\u00c7AKMAK &ndash; Ad\u0131yaman Emek ve Demokrasi Platformu taraf\u0131ndan Ticaret ve Sanayi Odas\u0131 Toplant\u0131 Salonu\u2019nda &ldquo;Bar\u0131\u015f Hakk\u0131, Demokratik Ya\u015fam&rdquo; konulu bir panel d\u00fczenlendi. Bar\u0131\u015f s\u00fcrecinin \u00f6nemli isimlerinden S\u0131rr\u0131 S\u00fcreyya \u00d6nder\u2019in de an\u0131ld\u0131\u011f\u0131 panele ilgi yo\u011fun oldu.<\/p>\n<p>Moderat\u00f6rl\u00fc\u011f\u00fcn\u00fc E\u011fitim-Sen Ad\u0131yaman \u015eubesi Ba\u015fkan\u0131 Zeynel Polat\u2019\u0131n yapt\u0131\u011f\u0131 panelde, konu\u015fmac\u0131 olarak kat\u0131lan \u0130HD E\u015f Genel Ba\u015fkan\u0131 Eren Keskin, Bar\u0131\u015f Vakf\u0131 Kurucusu Hakan Tahmaz, KESK Genel Sekreteri Sevgi Y\u0131lmaz ve Siyaset Bilimci ve \u0130nsan Haklar\u0131 Savunucusu Fatma Bostan \u00dcnsal taraf\u0131ndan T\u00fcrkiye\u2019nin i\u00e7inde bulundu\u011fu s\u00fcre\u00e7 ve gelinen son durum de\u011ferlendirildi.<\/p>\n<p>Sayg\u0131 duru\u015funun ard\u0131ndan ba\u015flayan panele, Halklar\u0131n E\u015fitlik ve Demokrasi Partisi (DEM Parti) \u0130l ve \u0130l\u00e7e \u00f6rg\u00fctleri, demokratik kitle \u00f6rg\u00fct\u00fc temsilcileri ve \u00e7ok say\u0131da vatanda\u015f kat\u0131ld\u0131.<\/p>\n<p>Panelde a\u00e7\u0131l\u0131\u015f konu\u015fmas\u0131n\u0131 yapan, E\u011fitim-Sen Ad\u0131yaman \u015eubesi Ba\u015fkan\u0131 Zeynel Polat, Bar\u0131\u015f\u0131 konu\u015faca\u011f\u0131z. Ama buna ge\u00e7meden \u00f6nce bar\u0131\u015f\u0131n el\u00e7isi olarak and\u0131\u011f\u0131m\u0131z rahmetli S\u0131rr\u0131 S\u00fcreyya \u00d6nder yolda\u015f\u0131m\u0131z\u0131 tekrar buradan rahmet, sevgi ve minnetle an\u0131yoruz. \u015eunun s\u00f6z\u00fcn\u00fc de veriyorum S\u0131rr\u0131 yolda\u015fa, hep s\u00f6yledik bu topraklara bir g\u00fcn bar\u0131\u015f mutlaka gelecek. Ama bu bar\u0131\u015f, ge\u00e7 olmadan bir an \u00f6nce gelebilmesi i\u00e7in de hepimizin elini ta\u015f\u0131n alt\u0131na koymas\u0131 laz\u0131m diyorum&rdquo; ifadelerine yer verdi.<\/p>\n<p>&ldquo;Yalan \u00dczerine Kurulmu\u015f Cumhuriyet\u2019ten S\u00f6z Ediyoruz&rdquo;<\/p>\n<p>\u0130HD E\u015f Genel Ba\u015fkan\u0131 Eren Keskin ise, Diyarbak\u0131r&#8217;da u\u011frad\u0131\u011f\u0131 silahl\u0131 sald\u0131r\u0131 sonucu hayat\u0131n\u0131 kaybeden yazar Musa Alter\u2019in \u00f6l\u00fcm y\u0131l d\u00f6n\u00fcm\u00fc oldu\u011funu hat\u0131rlatarak, &ldquo;Bug\u00fcn Musa amcan\u0131n \u00f6l\u00fcm y\u0131l d\u00f6n\u00fcm\u00fc. Daha do\u011frusu katledildi\u011fi g\u00fcn. 33 y\u0131l oldu. 33 y\u0131l \u00f6nce bug\u00fcn 3 kur\u015funla devlet onun ya\u015fam\u0131na son verdi. Hi\u00e7 kimse ceza almad\u0131. Katilleri hala \u00f6zg\u00fcrce aram\u0131zda dola\u015f\u0131yor. A\u00e7\u0131lan g\u00f6stermelik dava da zaman a\u015f\u0131m\u0131ndan dolay\u0131 d\u00fc\u015ft\u00fc. Asl\u0131nda Musa amcan\u0131n do\u011fumundan itibaren b\u00fct\u00fcn hayat\u0131 bana g\u00f6re K\u00fcrt meselesinin kendisi zaten. Zor bir co\u011frafyada ya\u015f\u0131yoruz. 100 y\u0131l\u0131n en b\u00fcy\u00fck su\u00e7unun i\u015flendi\u011fi, 1915 Soyk\u0131r\u0131m\u0131\u2019n\u0131n i\u015flendi\u011fi ve bu i\u015flenen soyk\u0131r\u0131m\u0131n konu\u015fulmas\u0131n\u0131n dahi yasakland\u0131\u011f\u0131 ve bu b\u00fcy\u00fck su\u00e7u i\u015fleyen zihniyetin kurdu\u011fu bir Cumhuriyet\u2019ten s\u00f6z ediyoruz. \u015eimdi herkes bug\u00fcn konu\u015fuyor da mesele Cumhurba\u015fkan\u0131 Recep Tayyip Erdo\u011fan de\u011fil. Bu Cumhuriyet kurulu\u015fundan itibaren tek bir kimli\u011fi temel alan, T\u00fcrk ve S\u00fcnni M\u00fcsl\u00fcman kimli\u011fini temel alan, bu co\u011frafyada \u00e7ok zengin olan di\u011fer t\u00fcm etnik, inan\u00e7 kimlikleri, cinsiyet kimlikleri, t\u00fcm kimlikleri ya yok eden ya yok sayan ya da asimile eden bir resmi ideolojiye sahip. Ve yalan bir tarih \u00f6\u011fretiliyor bu co\u011frafyada. Bize \u00e7ocuklu\u011fumuzdan itibaren \u00f6\u011fretilen her \u015fey yalan. Bir yalan \u00fczerine kurulmu\u015f Cumhuriyet\u2019ten s\u00f6z ediyoruz. Bug\u00fcn ya\u015fad\u0131\u011f\u0131m\u0131z her \u015fey zaten bunun sonucu&rdquo; ifadelerini kulland\u0131.<\/p>\n<p>&ldquo;Birbirinden Farkl\u0131 D\u00fc\u015f\u00fcnmeyen, Bir \u0130ktidar Ve Muhalefet Var&rdquo;<\/p>\n<p>&ldquo;K\u00fcrt sorununa y\u00f6nelik iktidar ve muhalefetin ayn\u0131 kaynaktan beslendi\u011fini ele\u015ftiren Keskin, &ldquo;Maalesef ki, k\u0131rm\u0131z\u0131 \u00e7izgiler s\u00f6z konusu oldu\u011funda, K\u00fcrt meselesi, -ki bana g\u00f6re esas olarak meselenin ismi K\u00fcrdistan meselesidir- Ermeni ve di\u011fer Hristiyan halklara y\u00f6nelik soyk\u0131r\u0131m, antidemokratik laiklik,-laiklik \u00e7ok \u00f6nemli ama kurulan bask\u0131c\u0131 antidemokratik laiklik- militarizm, K\u0131br\u0131s&#8217;taki askeri varl\u0131k, b\u00fct\u00fcn bu konularda birbirinden hi\u00e7 farkl\u0131 d\u00fc\u015f\u00fcnmeyen, bir iktidar ve muhalefet var. Hi\u00e7 farkl\u0131 de\u011filler. Yapt\u0131klar\u0131 kavga sadece bir iktidar kavgas\u0131, demokrasi kavgas\u0131 de\u011fil. Bir kere bunun alt\u0131n\u0131 \u00e7izmek gerekiyor. \u00c7\u00fcnk\u00fc, bu \u00e7ok temel bir sorun&rdquo; dedi.<\/p>\n<p>&ldquo;PKK, Ya\u015fanan Hak \u0130hlallerinin Bir Sonucu Olarak Ortaya \u00c7\u0131kt\u0131&rdquo;<\/p>\n<p>&ldquo;1990&#8217;l\u0131 y\u0131llardan itibaren ya\u015fanan b\u00fct\u00fcn hak ihlallerinin en b\u00fcy\u00fck tan\u0131\u011f\u0131y\u0131z&rdquo; diyen Keskin, &ldquo;Bug\u00fcn insan haklar\u0131 savunucular\u0131 olarak \u015funu s\u00f6yleyeyim, tabi ki Cumhuriyet\u2019in kurulu\u015fundan \u00f6nce ve kurulu\u015fundan itibaren \u00e7ok yo\u011fun hak ihlalleri i\u015flendi. Yani, bug\u00fcn PKK&#8217;y\u0131 neden olarak g\u00f6renlere \u015funu s\u00f6ylemek gerekiyor: \u015eeyh Said\u2019in, Seyit R\u0131za&#8217;n\u0131n katledilmesi ve ard\u0131ndan mezarlar\u0131n\u0131n bile kaybedilmesi, K\u00fcrdistan&#8217;da ya\u015fanan katliamlar, Dersim Soyk\u0131r\u0131m\u0131 oldu\u011funda PKK yoktu. Demek ki burada sorun temelden kaynaklanan devletin bak\u0131\u015f a\u00e7\u0131s\u0131. Demek ki burada sorun temelden kaynaklanan devletin bak\u0131\u015f a\u00e7\u0131s\u0131. B\u00f6yle tart\u0131\u015fmak gerekiyor, PKK bir sonu\u00e7 olarak \u00e7\u0131kt\u0131 ortaya. Ve PKK&#8217;n\u0131 n ortaya \u00e7\u0131kmas\u0131yla birlikte 90&#8217;lardan itibaren ya\u015fanan b\u00fct\u00fcn hak ihlallerinin en b\u00fcy\u00fck tan\u0131\u011f\u0131y\u0131z. Ve belki tek tan\u0131\u011f\u0131y\u0131z. \u0130nsan Haklar\u0131 Derne\u011fi. E\u011fer bug\u00fcn akademi ya da bu konuyla ilgilenenler 90&#8217;lar \u00e7al\u0131\u015fmas\u0131 yapabiliyorlarsa, \u0130nsan Haklar\u0131 Derne\u011fi sayesindedir. Bunu da unutmamak gerek. Her olaya gittik, her olay\u0131 raporlad\u0131k. G\u00f6z\u00fcm\u00fcz\u00fcn \u00f6n\u00fcnde insanlar katledildi. Vajinalar\u0131, g\u00f6\u011f\u00fcsleri kesilen kad\u0131nlar\u0131n otopsilerine girdik. G\u00f6z\u00fcm\u00fcz\u00fcn \u00f6n\u00fcnde askeri ara\u00e7larla sokaklarda s\u00fcr\u00fcklenen insanlara tan\u0131kl\u0131k ettik. Bu iktidarda kim varsa bir filmde anlatsan\u0131z, g\u00f6sterseniz inanmayaca\u011f\u0131n\u0131z kadar b\u00fcy\u00fck hak ihlallerinin tan\u0131kl\u0131\u011f\u0131n\u0131 yapt\u0131k&rdquo; \u015feklinde konu\u015ftu.<\/p>\n<p>&ldquo;Bar\u0131\u015f s\u00fcreci, d\u0131\u015f dinamiklerin sayesinde ba\u015flad\u0131&rdquo;<\/p>\n<p>&ldquo;Her \u015feye ra\u011fmen bar\u0131\u015f istiyoruz&rdquo; diyen Keskin, &ldquo;Bar\u0131\u015f\u0131n konu\u015fuluyor olmas\u0131 bile \u00f6nemli. \u0130nsan haklar\u0131 savunucular\u0131 olarak bu s\u00fcreci ger\u00e7ekten \u00e7ok \u00f6nemli buluyoruz. Ama \u015funu iyi bilelim ki, bu s\u00fcre\u00e7 i\u00e7 dinamiklerin zorlad\u0131\u011f\u0131 bir s\u00fcre\u00e7 de\u011fil, tamamen d\u0131\u015f dinamiklerin zorlad\u0131\u011f\u0131 bir s\u00fcre\u00e7. D\u0131\u015f dinamik derken de Suriye&#8217;deki, Rojava&#8217;daki K\u00fcrtlerin b\u00fcy\u00fck varl\u0131\u011f\u0131, g\u00fc\u00e7l\u00fc varl\u0131\u011f\u0131, \u0130srail ve Amerika&#8217;n\u0131n birlikteli\u011fi ve \u0130srail&#8217;in f\u00fctursuz g\u00fcc\u00fc ve f\u00fctursuz sald\u0131rganl\u0131\u011f\u0131. B\u00fct\u00fcn bizim bu ya\u015fad\u0131klar\u0131m\u0131z\u0131n temel nedeni bu. Yoksa bu co\u011frafyada b\u00fcy\u00fck kitleler bar\u0131\u015f istiyor diye olmuyor bu s\u00fcre\u00e7. Bunun bir kere alt\u0131n\u0131 \u00e7izmek gerekiyor. Ve devlet bug\u00fcn bu s\u00fcreci ba\u015flatt\u0131ysa, MHP lideri Devlet Bah\u00e7eli gibi \u0131rk\u00e7\u0131 milliyet\u00e7ili\u011fin en b\u00fcy\u00fck temsilcisi olan siyasi partinin s\u00f6z sahibi olan ba\u015fkan\u0131 ba\u015flatt\u0131ysa demek ki zor durumdalar. Bu net. Ve ben bu s\u00fcrecin eski, \u00f6nceki s\u00fcre\u00e7lerden farkl\u0131 oldu\u011funu d\u00fc\u015f\u00fcn\u00fcyorum. Yine s\u00f6yl\u00fcyorum, bunun nedeni de i\u00e7 dinamikler de\u011fil, d\u0131\u015f dinamikler zorlad\u0131\u011f\u0131 i\u00e7in&rdquo; dedi.<\/p>\n<p>&ldquo;Devlet, Bar\u0131\u015f S\u00fcrecine Sahip \u00c7\u0131kmal\u0131&rdquo;<\/p>\n<p>Bar\u0131\u015f s\u00fcreci i\u00e7in kaybedilecek bir vaktin olmad\u0131\u011f\u0131n\u0131n alt\u0131n\u0131 \u00e7izen Keskin, &ldquo;Evet, \u00e7ok kolay olmayacak \u00e7\u00fcnk\u00fc i\u00e7eriden bir sahipleni\u015f yok. Neden sahiplenilmiyor mesela? En b\u00fcy\u00fck nedeni \u015fu: &lsquo;K\u00fcrtler\u2019e siz AK Parti ile mi anla\u015f\u0131yorsunuz\u2019 diyorlar. Bu bir anla\u015fma meselesi de\u011fil. Bunun bir kere alt\u0131n\u0131 \u00e7izmek gerekiyor. Yani K\u00fcrtler\u2019in CHP&#8217;nin ya da sosyalistlerin iktidar\u0131n\u0131n gelmesini beklemek gibi bir l\u00fcksleri yok. B\u00f6yle bir \u015fey olamaz zaten. Kimse o tarihte devletin ve iktidar\u0131n temsilcisi, do\u011fal olarak bu g\u00f6r\u00fc\u015fmeler onunla yap\u0131l\u0131r. Bunu \u00e7ok net ve a\u00e7\u0131k bir \u015fekilde savunmak gerekiyor. Bu zorunlu bir s\u00fcre\u00e7. K\u00fcrtler de &lsquo;Bundan yararlanarak bir bar\u0131\u015f sonucu \u00e7\u0131karabilir miyiz diye\u2019 bu s\u00fcreci yerine getirmek istiyorlar. Bunun i\u00e7in de i\u015fte b\u00fcy\u00fck bir t\u00f6ren yap\u0131ld\u0131. \u0130nsan Haklar\u0131 Derne\u011fi\u2019ne teslim edildi. O yak\u0131lan silahlar\u0131n envanteri, bug\u00fcn bizim genel merkezimizde. \u00c7\u00fcnk\u00fc \u0130HD&#8217;ye teslim edildi, bu envanterler&rdquo; dedi.<\/p>\n<p>Keskin, a\u00e7\u0131klamas\u0131n\u0131n devam\u0131nda \u015fu ifadeleri kaydetti:<\/p>\n<p>&ldquo;T\u00fcrkiye Cumhuriyeti, Anayasa Mahkemesi Kararlar\u0131n\u0131 Dahi Uygulam\u0131yor&rdquo;<\/p>\n<p>Peki, bu s\u00fcre\u00e7te devlet samimi mi? Bu devlet bence hi\u00e7bir zaman samimiyet olmaz zaten. B\u00f6yle bir yap\u0131ya sahip. Samimi davranmaya ve ger\u00e7ek\u00e7i davranmaya zorlayacak olan i\u00e7 dinami\u011fi yaratmak gerekiyor. \u015eimdi samimi olmad\u0131\u011f\u0131n\u0131 nereden anl\u0131yoruz? Say\u0131n Erdo\u011fan yapt\u0131\u011f\u0131 konu\u015fmada &lsquo;T\u00fcrk-K\u00fcrt ittifak\u0131 dedi, Beyaz Toroslar d\u00f6nemi \u00e7ok yanl\u0131\u015ft\u0131\u2019 dedi. Peki o zaman \u015fu soruyu soruyoruz. Beyaz Toros&#8217;un \u015fof\u00f6r\u00fc Mehmet A\u011far neden hala senin yan\u0131nda? Senin yan\u0131ndaysa neden konu\u015fmuyor? Neden bu kadar hak ihlalinin hala \u00fcst\u00fc \u00f6rt\u00fcl\u00fcyor? Neden hala g\u00f6zalt\u0131ndaki kay\u0131plar\u0131n ak\u0131betleri a\u00e7\u0131klanm\u0131yor? B\u0131rak\u0131n onlar\u0131, onlar daha sonraki i\u015fler. Neden Avrupa \u0130nsan Haklar\u0131 Mahkemesi kararlar\u0131 uygulanm\u0131yor? Selahattin Demirta\u015f, Figen Y\u00fcksekda\u011f, di\u011fer HDP vekilleri, gezi mahpuslar\u0131 neden serbest b\u0131rak\u0131lm\u0131yorlar? \u015eu anda T\u00fcrkiye Cumhuriyeti Devleti Kendi en y\u00fcksek mahkemesinin kararlar\u0131n\u0131 dahi uygulam\u0131yor. Anayasa Mahkemesi kararlar\u0131n\u0131 dahi uygulam\u0131yor. Bak\u0131n, daha d\u00fcn bir davaya girdik. Dava kent uzla\u015f\u0131s\u0131, Fatih&#8217;te parti meclisine giren 67 ya\u015f\u0131ndaki bir mimar kad\u0131n olan G\u00fczin Alparslan&#8217;\u0131n avukat\u0131yd\u0131m ben. Hi\u00e7bir \u015fey yok dosyada. Hi\u00e7bir \u015fey. 10 tane tutuklu var ve bu insanlar\u0131 ikinci celsede yine tahliye etmediler. \u015eimdi siz i\u00e7eriden bir dinamik bekliyorsan\u0131z, bir tak\u0131m \u015feyler yapmak zorundas\u0131n\u0131z.<\/p>\n<p>&ldquo;Adli T\u0131p Raporu \u0130le \u0130nsanlar Cezaevinden \u00d6lerek \u00c7\u0131k\u0131yor&rdquo;<\/p>\n<p>\u015eu anda en \u00f6nemli sorun hepimizin dile getirdi\u011fi gibi hasta mahpuslar sorunu. Cezaevlerinde bin 412 tane hasta mahpus var ve bunlar\u0131n 358 tanesi bildi\u011fim kadar\u0131yla a\u011f\u0131r hasta mahpus, \u00f6l\u00fcmc\u00fcl hastal\u0131klar\u0131 olan mahpuslar. Ve maalesef hukuki bir zorunluluk olmamas\u0131na ra\u011fmen T\u00fcrkiye Cumhuriyet Devleti yarg\u0131s\u0131 gerek i\u015fkencenin belgelenmesinde gerekse de hasta mahpuslar\u0131n hastal\u0131klar\u0131n\u0131n belgelenmesinde sadece resmi bilirki\u015fi olan Adli T\u0131p Raporu\u2019nu delil kabul ediyor. Adli T\u0131p\u2019ta, &lsquo;cezaevinde kalabilir\u2019 raporlar\u0131 veriliyor ve insanlar cezaevinden \u00f6lerek \u00e7\u0131k\u0131yor. Cezaevinde, kadar \u00e7ok insan ya\u015fam\u0131n\u0131 yitirdi ki ge\u00e7ti\u011fimiz y\u0131llarda. Bunu bile \u015fu ana kadar yapmad\u0131lar. Bekliyoruz. Meclis, Ekim ay\u0131nda a\u00e7\u0131lacak. Bir komisyon var \u015fu anda. Her \u015feye ra\u011fmen \u00f6nemli buluyoruz bu komisyonu. Her \u00e7evreyi dinliyorlar, \u0130HD&#8217;yi de dinlediler, Cumartesi bar\u0131\u015f annelerini dinlediler. Umar\u0131m iyi sonu\u00e7lar \u00e7\u0131kar ve Ekim ay\u0131ndan itibaren umar\u0131m olumlu \u00e7al\u0131\u015fmalar ba\u015flar, yasal d\u00fczenlemeler ba\u015flar. \u00c7\u00fcnk\u00fc T\u00fcrk Devleti&#8217;nin yarg\u0131s\u0131 tamamen \u00e7ifte standartl\u0131, \u0131rk\u00e7\u0131 ve ayr\u0131mc\u0131 bir yarg\u0131. Bu devletin hukuk yap\u0131c\u0131s\u0131 Mahmut Esat Bozkurt, unutmayal\u0131m. E\u011fer bu co\u011frafyada T\u00fcrk de\u011filsen tek g\u00f6revin var, T\u00fcrk\u2019e hizmet etmek. Ger\u00e7ekten de \u00f6yle bir yarg\u0131 olu\u015fturmu\u015flar. Ve infaz hukukunda da \u00e7ok net ortaya \u00e7\u0131k\u0131yor. Bak\u0131n Cov\u0131d d\u00f6neminde bile h\u0131rs\u0131zlar\u0131, katilleri b\u0131rakt\u0131lar ama bir Tweet atan, d\u00fc\u015f\u00fcnceleri nedeniyle yarg\u0131lanan insanlar\u0131 cezaevinden \u00e7\u0131karmad\u0131lar.<\/p>\n<p>&ldquo;Hepimiz, Bu Devlete Benziyoruz&rdquo;<\/p>\n<p>\u015eimdi ben biraz da kendimize de\u011finmek istiyorum. Ben de esas meselenin bize oldu\u011funu d\u00fc\u015f\u00fcn\u00fcyorum. T\u00fcrkiye Cumhuriyeti Devleti, Suriye\u2019de illegal bir yap\u0131 kurdu. T\u00fcrkiye\u2019nin orada hastaneleri, hapishaneleri var, cihat\u00e7\u0131 \u00f6rg\u00fctleri var. Emek\u00e7ilerimize \u00f6deyecekleri para yerine Suriye\u2019ye askeri ara\u00e7 sa\u011fland\u0131 ve bu ara\u00e7larla sokaklarda s\u00fcr\u00fcklenen insanlara tan\u0131kl\u0131k ettik. Ama ben bug\u00fcne kadar tek bir sendika duymad\u0131m, &lsquo;cihat\u00e7\u0131lara verece\u011fim paray\u0131 bize ver\u2019 diye y\u00fcksek ses \u00e7\u0131karan. Tek tek ufak ufak olabilir ama b\u00f6ylesine bir co\u011frafyada, sava\u015f\u0131n bu kadar a\u011f\u0131rl\u0131\u011f\u0131n\u0131 hissetti\u011fimiz bir co\u011frafyada, bir g\u00fcn bile bar\u0131\u015f i\u00e7in genel grev yapamam\u0131\u015f bir i\u015f\u00e7i s\u0131n\u0131f\u0131 var. Bunlar\u0131 da g\u00f6zden ka\u00e7\u0131rmayal\u0131m. Ya da kendi \u00f6rg\u00fctlerimiz, kendi \u00f6rg\u00fct\u00fcm\u00fc de katarak s\u00f6yl\u00fcyorum. Erkek egemenlikten, militer anlay\u0131\u015ftan, feodal anlay\u0131\u015ftan ne kadar kurtulabiliyoruz? Hepimiz, bu devlete benziyoruz. Bu devlete benzedi\u011fimiz i\u00e7in zaten y\u00fcksek ses \u00e7\u0131karam\u0131yoruz, do\u011fru tav\u0131r alam\u0131yoruz bir\u00e7ok olayda. O nedenle kendimizden ba\u015flatmam\u0131z gerekti\u011fini d\u00fc\u015f\u00fcn\u00fcyorum. B\u00f6ylece bu s\u00fcreci kendi taraf\u0131m\u0131za evirtebiliriz ve ger\u00e7ek anlamda bir bar\u0131\u015f s\u00fcrecine d\u00f6n\u00fc\u015ft\u00fcrebiliriz. Ama bunun i\u00e7in y\u00fcksek sesli talepte bulunmak gerekiyor. Peki, bu y\u00fcksek sesli talep var m\u0131? Maalesef eksik. Bunu g\u00f6r\u00fcyor musunuz? Evet, 1 Eyl\u00fcl D\u00fcnya Bar\u0131\u015f G\u00fcn\u00fc etkinliklerinde g\u00f6rd\u00fck ya da di\u011fer etkinliklerde de y\u00fcksek sesle bir bar\u0131\u015f talebi olmuyor ne yaz\u0131k ki bu co\u011frafyada. O nedenle de \u00e7ok istedi\u011fimiz gibi ilerlemiyor. Ama tekrarl\u0131yorum, bunu istersek yapabiliriz.<\/p>\n<p>&ldquo;Mardin\u2019de K\u00fcrtler Katledildi, Dava Ka\u00e7\u0131r\u0131ld\u0131&rdquo;<\/p>\n<p>Bug\u00fcn buraya gelirken \u00f6\u011frendi\u011fim bir ger\u00e7eklik benim kafamda daha da netle\u015fti. \u00c7\u00fcnk\u00fc bu dava buraya ka\u00e7\u0131r\u0131ld\u0131. O nedenle burada anlat\u0131yorum. 29 Ekim 1995 g\u00fcn\u00fcyd\u00fc. Mardin Darge\u00e7it\u2019te, 8 ki\u015fi gece yar\u0131s\u0131 evlere bas\u0131larak g\u00f6zalt\u0131na al\u0131nd\u0131lar. Bu al\u0131nanlardan 5 tanesi \u00e7ocuktu. En k\u00fc\u00e7\u00fc\u011f\u00fc 9 ya\u015f\u0131ndaki Hazni&#8217;ydi. Hazni&#8217;yi ve di\u011ferlerini Darge\u00e7it Komutanl\u0131\u011f\u0131&#8217;nda ask\u0131lara asm\u0131\u015flard\u0131. O s\u0131rada Hazni&#8217;nin s\u0131n\u0131f arkada\u015f\u0131 Komutan Mehmet Tire&#8217;nin o\u011flu babas\u0131ndan \u00e7ikolata paras\u0131 almak i\u00e7in oraya girdi. Ne kadar insani de\u011fil mi? \u00c7ocuk babas\u0131na, &lsquo;Baba niye benim arkada\u015f\u0131m\u0131 ast\u0131n\u0131z\u2019 dedi. Utan\u0131p Hazne&#8217;yi b\u0131rakt\u0131lar. 9 ya\u015f\u0131ndaki Hazne&#8217;yi. Hazne bug\u00fcn yurt d\u0131\u015f\u0131nda ya\u015f\u0131yor. Hazne&#8217;yi b\u0131rakt\u0131lar ama di\u011fer 7 ki\u015fi g\u00f6zalt\u0131nda kaybedildi. Onlar\u0131n g\u00f6zalt\u0131nda kaybedilmesinin ard\u0131ndan, Mehmet Tire komutan\u0131n yard\u0131mc\u0131s\u0131 bir uzman \u00e7avu\u015f, Bilal Bat\u0131r, MHP&#8217;li \u00fcstelik kendisi, g\u00f6rd\u00fcklerine dayanamayarak her yerde olay\u0131 anlatmaya ba\u015flayarak, &lsquo;Komutan i\u015fkence ederek \u00f6ld\u00fcrd\u00fc, \u00f6ld\u00fcrd\u00fck biz bu insanlar\u0131 ve asit kuyular\u0131na att\u0131k\u2019 diyor. Sonra da kemiklerini g\u00f6md\u00fcler. Her yerde konu\u015fmaya ba\u015flay\u0131nca Bilal Bat\u0131r&#8217;\u0131 da ald\u0131lar. Bilal Bat\u0131r da kaybedildi. Y\u0131llarca aileler, biz insan haklar\u0131 savunucusu avukatlar\u0131 olarak, ve ailenin avukatlar\u0131 olarak y\u0131llarca u\u011fra\u015ft\u0131k. Aileleri her zaman Darge\u00e7it\u2019te (Kerboran) o mezarlar\u0131n oldu\u011fu bir toplu mezar\u0131 g\u00f6steriyorlard\u0131. &lsquo;Burada g\u00f6m\u00fcl\u00fc diyorlard\u0131 bu kemikler, biz biliyoruz\u2019 diyorlard\u0131. Sonunda ben o g\u00fcn g\u00f6revliydim. Ve i\u015fte Darge\u00e7it\u2019te savc\u0131ya ba\u015fvurdum. &lsquo;Bak\u0131n defalard\u0131r biz talep ediyoruz bu \u015feyin a\u00e7\u0131lmas\u0131n\u0131\u2019 dedim. Hemen belediyeye haber verildi. \u0130n\u015faat ara\u00e7lar\u0131 g\u00f6nderildi. Aileler bizim yan\u0131m\u0131zda. Ve o kuyu a\u00e7\u0131lmaya ba\u015fland\u0131. Birdenbire o 9 ya\u015f\u0131ndaki Hazni art\u0131k kocaman bir adam olmu\u015ftu. Bu anlatt\u0131\u011f\u0131m 2012 y\u0131l\u0131, Hazni birden &lsquo;abimin kaza\u011f\u0131\u2019 diye ba\u011f\u0131rd\u0131 ve kuyuya atlad\u0131. Aileler, tek tek kemikleri \u00e7\u0131karmaya ba\u015flad\u0131 ve oradan bir dolu insan kemi\u011fi \u00e7\u0131kt\u0131. Adli T\u0131p Kurumu\u2019na g\u00f6nderildi bu kemikler ve o kemiklerin ger\u00e7ekten dar ge\u00e7i\u015fte g\u00f6zalt\u0131na al\u0131n\u0131p kaybedilen insanlar\u0131n kemikleri oldu\u011fu Adli T\u0131p Raporu ile belgelendi. Bu dava a\u00e7\u0131ld\u0131. Dava oradan ka\u00e7\u0131r\u0131ld\u0131. \u0130zlenmesin, kamuoyu deste\u011fi olmas\u0131n diye Ad\u0131yaman&#8217;a g\u00f6nderildi.<\/p>\n<p>&ldquo;Katillerin Avukatl\u0131\u011f\u0131n\u0131, Ad\u0131yaman Belediye Ba\u015fkan\u0131 Tutdere\u2019nin Karde\u015fi Yapm\u0131\u015f&rdquo;<\/p>\n<p>Peki, Komutan Mehmet Tire\u2019ye ne oldu? \u0130\u015fte bu toplum bu su\u00e7u sorgulamad\u0131\u011f\u0131 i\u00e7in, Mehmet Tire Demokrat Parti&#8217;den, bu co\u011frafyan\u0131n en devrimcilerinin, en solcular\u0131n\u0131n, en liberallerinin tatil yapt\u0131\u011f\u0131 Bodrum G\u00fcm\u00fc\u015fl\u00fck&#8217;te belediye ba\u015fkan\u0131 oldu 5 y\u0131l boyunca. Yard\u0131mc\u0131s\u0131 Sivas \u00c7etni&#8217;de CHP&#8217;den belediye ba\u015fkan\u0131 oldu. Ve bug\u00fcn \u00f6\u011frendi\u011fim ger\u00e7ek beni daha da etkiledi. Darge\u00e7itte\u2019ki bu i\u015fkenceci katillerin avukatl\u0131\u011f\u0131n\u0131 da Ad\u0131yaman Belediye Ba\u015fkan\u0131 Abdurrahman Tutdere\u2019nin karde\u015fi yapm\u0131\u015f. Bence bu co\u011frafyada &lsquo;neden bir \u015fey olmuyor\u2019un \u00f6zeti bu.<\/p>\n<p>&ldquo;\u00d6zg\u00fcr \u00d6zel\u2019e Sayg\u0131 Duyuyorum&rdquo;<\/p>\n<p>Bug\u00fcn evet CHP\u2019ye b\u00fcy\u00fck sald\u0131r\u0131lar yap\u0131l\u0131yor, kabul ediyorum bunu. Ve ben \u00d6zg\u00fcr \u00d6zel\u2019i CHP\u2019den ayr\u0131 tutuyorum. \u00c7\u00fcnk\u00fc \u00f6zg\u00fcr \u00f6zel devletten gelmiyor, Sivil Toplum\u2019dan geliyor. Ama \u00d6zg\u00fcr \u00d6zel\u2019in partisi, onun gibi d\u00fc\u015f\u00fcnm\u00fcyor. Yani bir an \u00f6nce CHP, o komisyondan ayr\u0131ls\u0131n diye bak\u0131yor. Ama \u00d6zg\u00fcr \u00d6zel\u2019e ben sayg\u0131 duyuyorum. Partiyi nereye kadar g\u00f6t\u00fcr\u00fcr bilemiyorum ama ger\u00e7ekten dik duruyor. Ama daha \u00f6nce anlatm\u0131\u015ft\u0131m, birbirlerine \u00e7ok benzeyen iktidar ve muhalefet. Bizim temel sorunumuz bu.<\/p>\n<p>&ldquo;Her \u015eeye Ra\u011fmen M\u00fccadeleye Devam Eden Bir K\u00fcrt Hareketi Var&rdquo;<\/p>\n<p>K\u00fcrt sorununu \u00e7\u00f6zmek istemeyen bir devlet akl\u0131 var ve bu devlet akl\u0131 herkesi bi\u00e7imlemi\u015f. Kim iktidarda olursa olsun, sadece &lsquo;kavgalar\u0131 ben y\u00f6netece\u011fim\u2019 kavgas\u0131 var. Bu oldu\u011fu s\u00fcrece bu co\u011frafyada \u00e7ok b\u00fcy\u00fck bir de\u011fi\u015fiklik maalesef olmuyor. Ancak i\u015fte b\u00f6yle d\u0131\u015f dinamiklerin zorlamas\u0131yla b\u00f6yle bir s\u00fcre\u00e7 ba\u015flad\u0131. Umutsuz de\u011filim hi\u00e7bir zaman. \u00c7\u00fcnk\u00fc, evet \u00e7ok kalabal\u0131k de\u011filiz ama bu co\u011frafyada biats\u0131z, geri ad\u0131m atmayan, her \u015feye ra\u011fmen m\u00fccadeleye devam eden bir K\u00fcrt hareketi var, kad\u0131n hareketi var, bir k\u0131s\u0131m sosyalist hareketi var, bir k\u0131s\u0131m sendikal hareketi var ve LGBT hareketi var. Ben bunlara g\u00fcveniyorum. Bizim g\u00f6revimiz bu s\u00fcreci kendi lehimize \u00e7evirmek. Umar\u0131m bunu ba\u015far\u0131r\u0131z.&rdquo;<\/p><\/p>\n","protected":false},"excerpt":{"rendered":"<p> Ad\u0131yaman Emek ve Demokrasi Platformu, \u201cBar\u0131\u015f Hakk\u0131, Demokratik Ya\u015fam\u201d konulu bir panel d\u00fczenledi.<\/p>\n","protected":false},"author":1,"featured_media":18103,"comment_status":"open","ping_status":"open","sticky":false,"template":"","format":"standard","meta":{"om_disable_all_campaigns":false,"_monsterinsights_skip_tracking":false,"_monsterinsights_sitenote_active":false,"_monsterinsights_sitenote_note":"","_monsterinsights_sitenote_category":0,"footnotes":""},"categories":[1,11],"tags":[174,651,540,366,810],"aioseo_notices":[],"_links":{"self":[{"href":"https:\/\/www.hbrkahta.com\/index.php\/wp-json\/wp\/v2\/posts\/18102"}],"collection":[{"href":"https:\/\/www.hbrkahta.com\/index.php\/wp-json\/wp\/v2\/posts"}],"about":[{"href":"https:\/\/www.hbrkahta.com\/index.php\/wp-json\/wp\/v2\/types\/post"}],"author":[{"embeddable":true,"href":"https:\/\/www.hbrkahta.com\/index.php\/wp-json\/wp\/v2\/users\/1"}],"replies":[{"embeddable":true,"href":"https:\/\/www.hbrkahta.com\/index.php\/wp-json\/wp\/v2\/comments?post=18102"}],"version-history":[{"count":1,"href":"https:\/\/www.hbrkahta.com\/index.php\/wp-json\/wp\/v2\/posts\/18102\/revisions"}],"predecessor-version":[{"id":18104,"href":"https:\/\/www.hbrkahta.com\/index.php\/wp-json\/wp\/v2\/posts\/18102\/revisions\/18104"}],"wp:featuredmedia":[{"embeddable":true,"href":"https:\/\/www.hbrkahta.com\/index.php\/wp-json\/wp\/v2\/media\/18103"}],"wp:attachment":[{"href":"https:\/\/www.hbrkahta.com\/index.php\/wp-json\/wp\/v2\/media?parent=18102"}],"wp:term":[{"taxonomy":"category","embeddable":true,"href":"https:\/\/www.hbrkahta.com\/index.php\/wp-json\/wp\/v2\/categories?post=18102"},{"taxonomy":"post_tag","embeddable":true,"href":"https:\/\/www.hbrkahta.com\/index.php\/wp-json\/wp\/v2\/tags?post=18102"}],"curies":[{"name":"wp","href":"https:\/\/api.w.org\/{rel}","templated":true}]}}