{"id":18099,"date":"2025-09-21T18:12:03","date_gmt":"2025-09-21T15:12:03","guid":{"rendered":"https:\/\/www.hbrkahta.com\/?p=18099"},"modified":"2025-09-21T18:12:03","modified_gmt":"2025-09-21T15:12:03","slug":"hakan-tahmaz-baris-sureci-icin-zaman-kaybedilmemeli-tutarsizliga-yer-verilmemelidir","status":"publish","type":"post","link":"https:\/\/www.hbrkahta.com\/index.php\/2025\/09\/21\/hakan-tahmaz-baris-sureci-icin-zaman-kaybedilmemeli-tutarsizliga-yer-verilmemelidir\/","title":{"rendered":"Hakan Tahmaz: \u2018Bar\u0131\u015f s\u00fcreci i\u00e7in zaman kaybedilmemeli, tutars\u0131zl\u0131\u011fa yer verilmemelidir\u2019"},"content":{"rendered":"<p>Murat KAYI\u015e &ndash; Ad\u0131yaman Emek ve Demokrasi Platformu taraf\u0131ndan Ticaret ve Sanayi Odas\u0131 Toplant\u0131 Salonu\u2019nda &ldquo;Bar\u0131\u015f Hakk\u0131, Demokratik Ya\u015fam&rdquo; konulu bir panel d\u00fczenlendi. Bar\u0131\u015f s\u00fcrecinin \u00f6nemli isimlerinden S\u0131rr\u0131 S\u00fcreyya \u00d6nder\u2019in de an\u0131ld\u0131\u011f\u0131 panele ilgi yo\u011fun oldu.<\/p>\n<p>Moderat\u00f6rl\u00fc\u011f\u00fcn\u00fc E\u011fitim-Sen Ad\u0131yaman \u015eubesi Ba\u015fkan\u0131 Zeynel Polat\u2019\u0131n yapt\u0131\u011f\u0131 panelde, konu\u015fmac\u0131 olarak kat\u0131lan \u0130HD E\u015f Genel Ba\u015fkan\u0131 Eren Keskin, Bar\u0131\u015f Vakf\u0131 Kurucusu Hakan Tahmaz, KESK Genel Sekreteri Sevgi Y\u0131lmaz ve Siyaset Bilimci ve \u0130nsan Haklar\u0131 Savunucusu Fatma Bostan \u00dcnsal taraf\u0131ndan T\u00fcrkiye\u2019nin i\u00e7inde bulundu\u011fu s\u00fcre\u00e7 ve gelinen son durum de\u011ferlendirildi.<\/p>\n<p>Sayg\u0131 duru\u015funun ard\u0131ndan ba\u015flayan panele, Halklar\u0131n E\u015fitlik ve Demokrasi Partisi (DEM Parti) \u0130l ve \u0130l\u00e7e \u00f6rg\u00fctleri, demokratik kitle \u00f6rg\u00fct\u00fc temsilcileri ve \u00e7ok say\u0131da vatanda\u015f kat\u0131ld\u0131.<\/p>\n<p>Panelde a\u00e7\u0131l\u0131\u015f konu\u015fmas\u0131n\u0131 yapan, E\u011fitim-Sen Ad\u0131yaman \u015eubesi Ba\u015fkan\u0131 Zeynel Polat, Bar\u0131\u015f\u0131 konu\u015faca\u011f\u0131z. Ama buna ge\u00e7meden \u00f6nce bar\u0131\u015f\u0131n el\u00e7isi olarak and\u0131\u011f\u0131m\u0131z rahmetli S\u0131rr\u0131 S\u00fcreyya \u00d6nder yolda\u015f\u0131m\u0131z\u0131 tekrar buradan rahmet, sevgi ve minnetle an\u0131yoruz. \u015eunun s\u00f6z\u00fcn\u00fc de veriyorum S\u0131rr\u0131 yolda\u015fa, hep s\u00f6yledik bu topraklara bir g\u00fcn bar\u0131\u015f mutlaka gelecek. Ama bu bar\u0131\u015f, ge\u00e7 olmadan bir an \u00f6nce gelebilmesi i\u00e7in de hepimizin elini ta\u015f\u0131n alt\u0131na koymas\u0131 laz\u0131m diyorum&rdquo; ifadelerine yer verdi.<\/p>\n<p>&ldquo;Bar\u0131\u015f S\u00fcreci, Belirsizlik \u0130\u00e7erisinde \u0130lerleyemez&rdquo;<\/p>\n<p>Bar\u0131\u015f Vakf\u0131 Kurucusu Hakan Tahmaz ise, bar\u0131\u015f s\u00fcrecinin bir belirsizlikle ilerledi\u011finin alt\u0131n\u0131 \u00e7izerek &ldquo;Bar\u0131\u015f s\u00fcrecini \u00e7ok tart\u0131\u015ft\u0131k. \u00dczerinden d\u00fczenleme zaman\u0131 ge\u00e7iyor. Neden ge\u00e7iyor? Bu i\u015f, bu kadar belirsizlik i\u00e7inde izlemeyle yani toplumsal dinamiklerin izledi\u011fi bir s\u00fcre\u00e7le; ya ne oluyor, ne gidiyor, gidelim bakal\u0131m, g\u00f6relim diye de olacak bir s\u00fcre\u00e7 de\u011fil. \u015eimdi ortada \u00e7\u00f6z\u00fcm s\u00fcrecini, bu s\u00fcreci ba\u015flamas\u0131na yol a\u00e7an nedenleri \u00fczerinde d\u00fc\u015f\u00fcnd\u00fc\u011f\u00fcm\u00fczde asl\u0131nda Jackson&#8217;\u0131n cevab\u0131n\u0131 vermi\u015f olal\u0131m: Bir kez bir demokratikle\u015fme ihtiyac\u0131 ile bar\u0131\u015f, -bizim anlam\u0131m\u0131zda evrensel bir de\u011fer olan- ya\u015fam\u0131n \u00f6z\u00fc olan bir arada bar\u0131\u015f hakk\u0131n\u0131 tan\u0131ma s\u00fcreci ile hareket edilmiyor. Esas olarak g\u00fcvenlik gerek\u00e7esiyle, bir K\u00fcrt meselesini, K\u00fcrt sorununu bir yola koyma ihtiyac\u0131ndan bahsediyorum. Burada da tamamen g\u00fcvenlik eksenli\u011fine giriyor; hem Suriye&#8217;deki hem de T\u00fcrkiye&#8217;deki g\u00fcvenlik eksenli\u011fi. Bununla ilgili \u0130kinci Y\u00fczy\u0131l\u2019da Cumhuriyet\u2019in Birinci Y\u00fczy\u0131l\u2019daki gibi devam edip, diyalog edilece\u011fi a\u00e7\u0131\u011fa \u00e7\u0131kt\u0131. K\u00fcrt m\u00fccadelesi, demokratik ya\u015fam, k\u00fcresel ya\u015fam, b\u00f6lgesel ya\u015fam, a\u00e7\u0131\u011fa \u00e7\u0131kt\u0131. B\u00f6yle olunca, g\u00fcvenlik eksenli bir s\u00fcre\u00e7 \u00f6ng\u00f6r\u00fcld\u00fc\u011f\u00fc i\u00e7in devlet taraf\u0131ndan burada bir tutarl\u0131l\u0131k arayamay\u0131z. Yani tutarl\u0131\u011f\u0131 merkeze alamay\u0131z&rdquo; ifadelerini kulland\u0131.<\/p>\n<p>Meclis\u2019te Olu\u015fturulan Ama Demokratik Olmayan Bir Komisyon Bulunuyor&rdquo;<\/p>\n<p>Bar\u0131\u015f s\u00fcrecine y\u00f6nelik olu\u015fturulan komisyonun demokratik olmad\u0131\u011f\u0131n\u0131 belirten Tahmaz, &ldquo;Merkeze al\u0131nabilecek as\u0131l mesele; demokrasi ve bar\u0131\u015f hakk\u0131 savunucular\u0131n\u0131n bar\u0131\u015f fikrinin K\u00fcrtler ile e\u015fit yurtta\u015fl\u0131k temelinde bir arada ya\u015famak \u00fczerine g\u00fcvenilir olmal\u0131d\u0131r. Bu g\u00fcvenlik eksenli politikalardan uzakla\u015fmay\u0131 sa\u011flayabilecek olan esas unsurun bu oldu\u011funu kan\u0131tlan\u0131yor. 27 \u015eubat Abdullah \u00d6calan\u2019n\u0131n yapm\u0131\u015f oldu\u011fu \u00e7a\u011fr\u0131n\u0131n ruhunun da ben esas olarak burada oldu\u011funu d\u00fc\u015f\u00fcn\u00fcyorum. S\u0131rr\u0131 S\u00fcreyya \u00d6nder\u2019in hastalanmadan bir ay \u00f6nce Mezopotamya Ajans\u0131&#8217;na verdi\u011fi bir r\u00f6portaj vard\u0131, k\u0131sa bir r\u00f6portaj. Bizim mahallede, &ldquo;\u00d6calan neden bu i\u015fi ba\u015flatt\u0131, AK Parti ne yapmak istiyor? AK Parti yine K\u00fcrtleri mi kand\u0131racak?&rdquo; s\u00f6ylemlerinin gibi \u00e7ok yayg\u0131n oldu\u011fu d\u00f6nemde S\u0131rr\u0131 S\u00fcreyya \u00d6nder \u015fu c\u00fcmleyi kulland\u0131: &ldquo;\u00d6calan K\u00fcrdistani olmad\u0131\u011f\u0131 i\u00e7in de\u011fil ama K\u00fcrtler\u2019in \u00f6zg\u00fcrl\u00fc\u011f\u00fc kadar g\u00fcvenli\u011fini de d\u00fc\u015f\u00fcn\u00fcyor&rdquo; demi\u015fti. Bar\u0131\u015f\u0131n toplumsalla\u015fmas\u0131na olan inanc\u0131m\u0131z bu \u015fekilde hareket edebildiyse kazan\u0131r\u0131z. Bu konuda yeni d\u00f6nemde \u00f6nemli f\u0131rsatlar \u00e7\u0131kt\u0131. Bunlardan bir tanesi, Meclis\u2019 te olu\u015fturulan hi\u00e7 de demokratik olmayan bir komisyon&rdquo; dedi.<\/p><\/p>\n","protected":false},"excerpt":{"rendered":"<p> Ad\u0131yaman Emek ve Demokrasi Platformu, \u201cBar\u0131\u015f Hakk\u0131, Demokratik Ya\u015fam\u201d konulu bir panel d\u00fczenledi.<\/p>\n","protected":false},"author":1,"featured_media":18100,"comment_status":"open","ping_status":"open","sticky":false,"template":"","format":"standard","meta":{"om_disable_all_campaigns":false,"_monsterinsights_skip_tracking":false,"_monsterinsights_sitenote_active":false,"_monsterinsights_sitenote_note":"","_monsterinsights_sitenote_category":0,"footnotes":""},"categories":[1,11],"tags":[174,540,1437,535,1833],"aioseo_notices":[],"_links":{"self":[{"href":"https:\/\/www.hbrkahta.com\/index.php\/wp-json\/wp\/v2\/posts\/18099"}],"collection":[{"href":"https:\/\/www.hbrkahta.com\/index.php\/wp-json\/wp\/v2\/posts"}],"about":[{"href":"https:\/\/www.hbrkahta.com\/index.php\/wp-json\/wp\/v2\/types\/post"}],"author":[{"embeddable":true,"href":"https:\/\/www.hbrkahta.com\/index.php\/wp-json\/wp\/v2\/users\/1"}],"replies":[{"embeddable":true,"href":"https:\/\/www.hbrkahta.com\/index.php\/wp-json\/wp\/v2\/comments?post=18099"}],"version-history":[{"count":1,"href":"https:\/\/www.hbrkahta.com\/index.php\/wp-json\/wp\/v2\/posts\/18099\/revisions"}],"predecessor-version":[{"id":18101,"href":"https:\/\/www.hbrkahta.com\/index.php\/wp-json\/wp\/v2\/posts\/18099\/revisions\/18101"}],"wp:featuredmedia":[{"embeddable":true,"href":"https:\/\/www.hbrkahta.com\/index.php\/wp-json\/wp\/v2\/media\/18100"}],"wp:attachment":[{"href":"https:\/\/www.hbrkahta.com\/index.php\/wp-json\/wp\/v2\/media?parent=18099"}],"wp:term":[{"taxonomy":"category","embeddable":true,"href":"https:\/\/www.hbrkahta.com\/index.php\/wp-json\/wp\/v2\/categories?post=18099"},{"taxonomy":"post_tag","embeddable":true,"href":"https:\/\/www.hbrkahta.com\/index.php\/wp-json\/wp\/v2\/tags?post=18099"}],"curies":[{"name":"wp","href":"https:\/\/api.w.org\/{rel}","templated":true}]}}