{"id":18096,"date":"2025-09-21T17:12:03","date_gmt":"2025-09-21T14:12:03","guid":{"rendered":"https:\/\/www.hbrkahta.com\/?p=18096"},"modified":"2025-09-21T17:12:03","modified_gmt":"2025-09-21T14:12:03","slug":"fatma-bostan-unsaldan-birlesmis-milletlere-cifte-standart-tepkisi","status":"publish","type":"post","link":"https:\/\/www.hbrkahta.com\/index.php\/2025\/09\/21\/fatma-bostan-unsaldan-birlesmis-milletlere-cifte-standart-tepkisi\/","title":{"rendered":"Fatma Bostan \u00dcnsal\u2019dan Birle\u015fmi\u015f Milletler\u2019e \u2018\u00c7ifte Standart\u2019 Tepkisi"},"content":{"rendered":"<p>Murat KAYI\u015e &ndash; Ad\u0131yaman Emek ve Demokrasi Platformu taraf\u0131ndan Ticaret ve Sanayi Odas\u0131 Toplant\u0131 Salonu\u2019nda &ldquo;Bar\u0131\u015f Hakk\u0131, Demokratik Ya\u015fam&rdquo; konulu bir panel d\u00fczenlendi. Bar\u0131\u015f s\u00fcrecinin \u00f6nemli isimlerinden S\u0131rr\u0131 S\u00fcreyya \u00d6nder\u2019in de an\u0131ld\u0131\u011f\u0131 panele ilgi yo\u011fun oldu.<\/p>\n<p>Moderat\u00f6rl\u00fc\u011f\u00fcn\u00fc E\u011fitim-Sen Ad\u0131yaman \u015eubesi Ba\u015fkan\u0131 Zeynel Polat\u2019\u0131n yapt\u0131\u011f\u0131 panelde, konu\u015fmac\u0131 olarak kat\u0131lan \u0130HD E\u015f Genel Ba\u015fkan\u0131 Eren Keskin, Bar\u0131\u015f Vakf\u0131 Kurucusu Hakan Tahmaz, KESK Genel Sekreteri Sevgi Y\u0131lmaz ve Siyaset Bilimci ve \u0130nsan Haklar\u0131 Savunucusu Fatma Bostan \u00dcnsal taraf\u0131ndan T\u00fcrkiye\u2019nin i\u00e7inde bulundu\u011fu s\u00fcre\u00e7 ve gelinen son durum de\u011ferlendirildi.<\/p>\n<p>Sayg\u0131 duru\u015funun ard\u0131ndan ba\u015flayan panele, Halklar\u0131n E\u015fitlik ve Demokrasi Partisi (DEM Parti) \u0130l ve \u0130l\u00e7e \u00f6rg\u00fctleri, demokratik kitle \u00f6rg\u00fct\u00fc temsilcileri ve \u00e7ok say\u0131da vatanda\u015f kat\u0131ld\u0131.<\/p>\n<p>Panelde a\u00e7\u0131l\u0131\u015f konu\u015fmas\u0131n\u0131 yapan, E\u011fitim-Sen Ad\u0131yaman \u015eubesi Ba\u015fkan\u0131 Zeynel Polat, Bar\u0131\u015f\u0131 konu\u015faca\u011f\u0131z. Ama buna ge\u00e7meden \u00f6nce bar\u0131\u015f\u0131n el\u00e7isi olarak and\u0131\u011f\u0131m\u0131z rahmetli S\u0131rr\u0131 S\u00fcreyya \u00d6nder yolda\u015f\u0131m\u0131z\u0131 tekrar buradan rahmet, sevgi ve minnetle an\u0131yoruz. \u015eunun s\u00f6z\u00fcn\u00fc de veriyorum S\u0131rr\u0131 yolda\u015fa, hep s\u00f6yledik bu topraklara bir g\u00fcn bar\u0131\u015f mutlaka gelecek. Ama bu bar\u0131\u015f, ge\u00e7 olmadan bir an \u00f6nce gelebilmesi i\u00e7in de hepimizin elini ta\u015f\u0131n alt\u0131na koymas\u0131 laz\u0131m diyorum&rdquo; ifadelerine yer verdi.<\/p>\n<p>&ldquo;\u0130nsan Haklar\u0131,Bar\u0131\u015f Sistemiyle Var Olabilir&rdquo;<\/p>\n<p>\u0130nsan haklar\u0131n\u0131n ancak bar\u0131\u015f sistemiyle var olabilece\u011fini vurgulayan Siyaset Bilimci ve \u0130nsan Haklar\u0131 Savunucusu Fatma Bostan \u00dcnsal ise, &ldquo;21 Eyl\u00fcl, Birle\u015fmi\u015f Milletler Kurumlar\u0131&#8217;n\u0131n b\u00fct\u00fcn insan haklar\u0131 alan\u0131ndaki b\u00fct\u00fcn m\u00fcktesebat\u0131n bir giri\u015fi. \u00c7\u00fcnk\u00fc, ancak insan haklar\u0131 bar\u0131\u015f sistemiyle var olabilir. D\u00fcnya Sava\u015f\u0131&#8217;n\u0131n y\u0131k\u0131c\u0131l\u0131\u011f\u0131 ve milyonlarca insan\u0131n \u00f6l\u00fcm\u00fcnden sonra bir daha ya\u015fanmas\u0131n diye insanlara bar\u0131\u015f \u00fczerinden herkese insan haklar\u0131 tan\u0131mlanabildi. Bu y\u00fczden ba\u015flang\u0131\u00e7 noktas\u0131 olarak bar\u0131\u015f\u0131 \u00f6nemsiyoruz. Bar\u0131\u015f G\u00fcn\u00fc daha \u00f6nce 1 Eyl\u00fcl\u2019de kutlan\u0131yordu. 1 Eyl\u00fcl daha bilinir olmu\u015f oldu\u011fu i\u00e7in 21 Eyl\u00fcl&#8217;de yap\u0131lmas\u0131 bu a\u00e7\u0131dan daha \u00f6nemli. Birle\u015fmi\u015f Milletler ne kadar etkisiz de olsa, -mesela bug\u00fcn g\u00f6r\u00fcyoruz ki Gazze\u2019de \u00e7ok etkin olam\u0131yor- ama bunu tespit edecek mahkemeler yine Birle\u015fmi\u015f Milletler Kurumlar\u0131 ve s\u00f6zle\u015fmeleri neticesinde yer al\u0131yor. Dolay\u0131s\u0131yla, Birle\u015fmi\u015f Milletler etkisiz oldu\u011fu i\u00e7in yani \u00e7ifte standart\u0131 nedeniyle bize g\u00fcvensizlik verse de bir referans noktas\u0131 olarak \u00e7ok \u00f6nemli&rdquo; dedi.<\/p>\n<p>&ldquo;Birle\u015fmi\u015f Milletler, G\u00fcveni Temin Eden Bir Mekanizma Olmaktan \u00c7\u0131k\u0131yor&rdquo;<\/p>\n<p>Birle\u015fmi\u015f Milletler\u2019in \u00e7ifte standart uygulamas\u0131yla g\u00fcvenilirli\u011fini kaybetti\u011fini vurgulayan \u00dcnsal, &ldquo;\u0130\u015fte Uluslararas\u0131 Ceza Mahkemesi diyoruz, bu \u00e7ok \u00f6nemli. Yarg\u0131\u00e7lar\u0131, \u0130srail Ba\u015fbakan\u0131 Netanyahu&#8217;yu sava\u015f su\u00e7lusu olarak tahmin ettiler ve asl\u0131nda yakalama karar\u0131 bile \u00e7\u0131kart\u0131lm\u0131\u015f durumda ama maalesef yakalanmam\u0131\u015f oluyor. Dolay\u0131s\u0131yla, bu uluslararas\u0131 insan haklar\u0131 mekanizmalar\u0131na kar\u015f\u0131 insanlar g\u00fcvenlerini kaybetmi\u015f durumda. \u0130\u015fte Irak&#8217;ta veya ba\u015fka yerde ya da Afganistan&#8217;da insan haklar\u0131 ihlalleri bir sava\u015f sebebi olurken, bug\u00fcn Gazze\u2019de \u0130srail\u2019in herhangi bir sava\u015f\u0131 soyk\u0131r\u0131m say\u0131lm\u0131yor. Ama \u00e7ifte standart sadece Bat\u0131l\u0131 kurumlar\u0131n sahip oldu\u011fu bir sorun de\u011fil. Bizim d\u00fcnyam\u0131zda da, bizim co\u011frafyam\u0131zda da bir \u00e7ifte standart oldu\u011funu g\u00f6r\u00fcyoruz. Gazze&#8217;deki olaylar soyk\u0131r\u0131md\u0131r, elbette ki kar\u015f\u0131 \u00e7\u0131k\u0131yoruz. Ama yine ayn\u0131 d\u00f6nemde olan D\u00fcrzi katliamlar\u0131 veya Alevi katliamlar\u0131 ayn\u0131 d\u00fczeyde ilgi alan\u0131m\u0131za girmiyor. Hatta \u0130\u015e\u0130D&#8217;in o Ezidi kad\u0131nlar\u0131 k\u00f6le pazar\u0131na satmas\u0131 bile b\u00fcy\u00fck oranda tepkiye ula\u015fmam\u0131\u015ft\u0131. Yine, Bosna&#8217;daki kad\u0131nlar\u0131n tecav\u00fcze u\u011framas\u0131 bir sava\u015f su\u00e7u olarak g\u00f6r\u00fcld\u00fc. Biz de elbette ki bunu destekledik ama Ezidiler\u2019e y\u00f6nelik k\u00f6le pazar\u0131nda satma olay\u0131 asl\u0131nda bununla benzer bir durum. K\u00f6le olarak al\u0131p sat\u0131lan kad\u0131nlar asl\u0131nda ayn\u0131, belki de daha da k\u00f6t\u00fc muameleye tabi tutuluyordu ama bu co\u011frafyam\u0131zda b\u00fcy\u00fck bir ses getiren bir husus olmam\u0131\u015ft\u0131. Bu \u00e7ifte standart\u0131n her yerde olmas\u0131 s\u0131radan insan\u0131n zay\u0131fl\u0131\u011f\u0131n\u0131 devam ettiriyor. Yani, g\u00fcveni temin eden bir mekanizma olmaktan \u00e7\u0131km\u0131\u015f oluyor&rdquo; ifadelerini kulland\u0131.<\/p><\/p>\n","protected":false},"excerpt":{"rendered":"<p> Ad\u0131yaman Emek ve Demokrasi Platformu, \u201cBar\u0131\u015f Hakk\u0131, Demokratik Ya\u015fam\u201d konulu bir panel d\u00fczenledi.<\/p>\n","protected":false},"author":1,"featured_media":18097,"comment_status":"open","ping_status":"open","sticky":false,"template":"","format":"standard","meta":{"om_disable_all_campaigns":false,"_monsterinsights_skip_tracking":false,"_monsterinsights_sitenote_active":false,"_monsterinsights_sitenote_note":"","_monsterinsights_sitenote_category":0,"footnotes":""},"categories":[1,11],"tags":[2211,174,540,1069,918],"aioseo_notices":[],"_links":{"self":[{"href":"https:\/\/www.hbrkahta.com\/index.php\/wp-json\/wp\/v2\/posts\/18096"}],"collection":[{"href":"https:\/\/www.hbrkahta.com\/index.php\/wp-json\/wp\/v2\/posts"}],"about":[{"href":"https:\/\/www.hbrkahta.com\/index.php\/wp-json\/wp\/v2\/types\/post"}],"author":[{"embeddable":true,"href":"https:\/\/www.hbrkahta.com\/index.php\/wp-json\/wp\/v2\/users\/1"}],"replies":[{"embeddable":true,"href":"https:\/\/www.hbrkahta.com\/index.php\/wp-json\/wp\/v2\/comments?post=18096"}],"version-history":[{"count":1,"href":"https:\/\/www.hbrkahta.com\/index.php\/wp-json\/wp\/v2\/posts\/18096\/revisions"}],"predecessor-version":[{"id":18098,"href":"https:\/\/www.hbrkahta.com\/index.php\/wp-json\/wp\/v2\/posts\/18096\/revisions\/18098"}],"wp:featuredmedia":[{"embeddable":true,"href":"https:\/\/www.hbrkahta.com\/index.php\/wp-json\/wp\/v2\/media\/18097"}],"wp:attachment":[{"href":"https:\/\/www.hbrkahta.com\/index.php\/wp-json\/wp\/v2\/media?parent=18096"}],"wp:term":[{"taxonomy":"category","embeddable":true,"href":"https:\/\/www.hbrkahta.com\/index.php\/wp-json\/wp\/v2\/categories?post=18096"},{"taxonomy":"post_tag","embeddable":true,"href":"https:\/\/www.hbrkahta.com\/index.php\/wp-json\/wp\/v2\/tags?post=18096"}],"curies":[{"name":"wp","href":"https:\/\/api.w.org\/{rel}","templated":true}]}}