{"id":18066,"date":"2025-09-20T11:36:04","date_gmt":"2025-09-20T08:36:04","guid":{"rendered":"https:\/\/www.hbrkahta.com\/?p=18066"},"modified":"2025-09-20T11:36:04","modified_gmt":"2025-09-20T08:36:04","slug":"ses-adiyaman-sube-es-baskani-aydin-adiyaman-halki-toza-ve-camura-mahkum-edilemez","status":"publish","type":"post","link":"https:\/\/www.hbrkahta.com\/index.php\/2025\/09\/20\/ses-adiyaman-sube-es-baskani-aydin-adiyaman-halki-toza-ve-camura-mahkum-edilemez\/","title":{"rendered":"SES Ad\u0131yaman \u015eube E\u015f Ba\u015fkan\u0131 Ayd\u0131n: &#8216;Ad\u0131yaman halk\u0131 toza ve \u00e7amura mahkum edilemez&#8217;"},"content":{"rendered":"<p>\u015eeriban \u00d6Z\u00c7AKMAK &mdash; SES Ad\u0131yaman \u015eubesi E\u015f Ba\u015fkan\u0131 \u0130brahim Halil Ayd\u0131n, deprem b\u00f6lgesi Ad\u0131yaman\u2019da altyap\u0131 \u00e7al\u0131\u015fmalar\u0131n\u0131n devam etmesiyle ya\u015fanan en b\u00fcy\u00fck sorunlardan birinin &lsquo;toz\u2019 oldu\u011funu vurgulayarak, &ldquo;Depremin \u00fczerinden uzun zaman ge\u00e7mesine ra\u011fmen Ad\u0131yaman hala enkaz, moloz, yar\u0131m kalan altyap\u0131 ve plans\u0131z yap\u0131la\u015fman\u0131n yaratt\u0131\u011f\u0131 sorunlarla bo\u011fu\u015fuyor. Bug\u00fcn kentimizin en temel g\u00fcndemi, toz. Son iki g\u00fcnd\u00fcr etkili olan r\u00fczg&acirc;r, bu sorunun boyutunu bir kez daha g\u00f6zler \u00f6n\u00fcne serdi. Kent nefes alamaz h&acirc;le geldi, ya\u015fam kalitemiz d\u00fc\u015f\u00fc\u015fte. \u00c7ocuklar\u0131m\u0131z, ya\u015fl\u0131lar\u0131m\u0131z ve kronik hastalar\u0131m\u0131z do\u011frudan tehdit alt\u0131nda&rdquo; ifadelerini kulland\u0131.<\/p>\n<p>Ba\u015fkan Ayd\u0131n a\u00e7\u0131klamas\u0131nda \u015fu ifadeleri kaydetti:<\/p>\n<p>&ldquo;Son \u0130ki G\u00fcnd\u00fcr Etkili Olan R\u00fczgar, Kenti Ya\u015fanmaz Hale Getirdi&rdquo;<\/p>\n<p>&ldquo;Depremin \u00fczerinden uzun zaman ge\u00e7mesine ra\u011fmen Ad\u0131yaman hala enkaz, moloz, yar\u0131m kalan altyap\u0131 ve plans\u0131z yap\u0131la\u015fman\u0131n yaratt\u0131\u011f\u0131 sorunlarla bo\u011fu\u015fuyor. Bug\u00fcn kentimizin en temel g\u00fcndemi TOZ. Enkaz kald\u0131rma s\u00fcre\u00e7lerinden, kontrols\u00fcz hafriyat ta\u015f\u0131malar\u0131ndan, yeni in\u015faatlardan ve tamamlanmam\u0131\u015f altyap\u0131 \u00e7al\u0131\u015fmalar\u0131ndan yay\u0131lan toz; kentin \u00fczerine kara bir bulut gibi \u00e7\u00f6km\u00fc\u015f durumda. Son iki g\u00fcnd\u00fcr etkili olan r\u00fczgar, bu sorunun boyutunu bir kez daha g\u00f6zler \u00f6n\u00fcne serdi. Kent nefes alamaz hale geldi, ya\u015fam kalitemiz d\u00fc\u015f\u00fc\u015fte.<\/p>\n<p>&ldquo;\u00c7ocuklar\u0131n\u0131 Tozlu Bir Ortamda B\u00fcy\u00fctmek \u0130stemeyen Aileler, Memleketini Terk Etti&rdquo;<\/p>\n<p>Tozun sa\u011fl\u0131k \u00fczerindeki etkileri ciddi ve kal\u0131c\u0131d\u0131r. Akci\u011fer ve solunum yolu hastal\u0131klar\u0131, alerjiler, g\u00f6z tahri\u015fi ve kronik rahats\u0131zl\u0131klar art\u0131yor. \u00d6zellikle \u00e7ocuklar, ya\u015fl\u0131lar ve kronik hastalar do\u011frudan risk alt\u0131nda. Bu sorun sadece kentte ya\u015fayanlar\u0131 de\u011fil, kenti terk edenleri de derinden etkiliyor. Bir\u00e7ok Ad\u0131yamanl\u0131, \u00e7ocuklar\u0131n\u0131 tozlu bir ortamda b\u00fcy\u00fctmek istemedi\u011fi i\u00e7in memleketini terk etti. Gidenlerle konu\u015ftu\u011fumuzda, bulunduklar\u0131 yerde memnun olmad\u0131klar\u0131n\u0131, hep memleket hasreti \u00e7ektiklerini s\u00f6yl\u00fcyorlar. Ancak kentteki toz sorunu \u00e7\u00f6z\u00fclmedi\u011fi s\u00fcrece geri d\u00f6nmek istemiyorlar.<\/p>\n<p>Ba\u015fkan Ayd\u0131n\u2019dan Ad\u0131yaman Belediyesi\u2019ne \u00c7a\u011fr\u0131<\/p>\n<p>\u00d6n\u00fcm\u00fczde uzun ve zorlu bir k\u0131\u015f var. Her r\u00fczg&acirc;rda Ad\u0131yaman halk\u0131 toza, her ya\u011fmur ve kar ya\u011f\u0131\u015f\u0131nda \u00e7amura mahk&ucirc;m olacak. Bu sorun art\u0131k ertelenemez; bir an \u00f6nce \u00e7\u00f6z\u00fclmelidir.<\/p>\n<p>Belediyeye soruyoruz:<\/p>\n<p>Alt yap\u0131 \u00e7al\u0131\u015fmas\u0131 biten mahallerde, sokaklarda neden hala asfalt yap\u0131lm\u0131yor?<\/p>\n<p>Kald\u0131r\u0131mlar neden yar\u0131m b\u0131rak\u0131l\u0131yor?<\/p>\n<p>Bo\u015f alanlarda biriken moloz ve in\u015faat at\u0131klar\u0131 neden kald\u0131r\u0131lm\u0131yor?<\/p>\n<p>\u00c7imento, kire\u00e7 ve al\u00e7\u0131 torbalar\u0131 sokaklarda u\u00e7u\u015furken neredesiniz?<\/p>\n<p>Belediye ve ilgili kurumlar\u0131 g\u00f6reve \u00e7a\u011f\u0131r\u0131yoruz:<\/p>\n<p>B\u00fcrokratik ve siyasi \u00e7eki\u015fmelere girmeden Ad\u0131yaman toparlanmal\u0131<\/p>\n<p>Kurumlar\u0131n kendi aras\u0131ndaki ve belediye ile aras\u0131ndaki koordinasyonsuzluk \u00e7\u00f6z\u00fclmeli<\/p>\n<p>Alt yap\u0131 \u00e7al\u0131\u015fmas\u0131 biten mahallelerde asfaltlama derhal yap\u0131lmal\u0131d\u0131r.<\/p>\n<p>Kald\u0131r\u0131mlar h\u0131zl\u0131ca tamamlanmal\u0131d\u0131r.<\/p>\n<p>Bo\u015f alanlarda biriken moloz ve in\u015faat at\u0131klar\u0131 kald\u0131r\u0131lmal\u0131, bu alanlara tozun \u00f6nlenmesi i\u00e7in mucur d\u00f6k\u00fclmelidir.<\/p>\n<p>\u0130n\u015faat alanlar\u0131 denetlenmeli, sulama ve toz bast\u0131rma \u00e7al\u0131\u015fmalar\u0131 zorunlu hale getirilmelidir.<\/p>\n<p>&ldquo;\u00c7ocuklar\u0131m\u0131z, Ya\u015fl\u0131lar\u0131m\u0131z ve Kronik Hastalar\u0131m\u0131z Do\u011frudan Tehdit Alt\u0131ndad\u0131r&rdquo;<\/p>\n<p>Bug\u00fcn al\u0131nmayan her \u00f6nlem, yar\u0131n halk sa\u011fl\u0131\u011f\u0131nda ciddi sonu\u00e7lara yol a\u00e7acakt\u0131r. Toz sadece \u00e7evre sorunu de\u011fil, bir halk sa\u011fl\u0131\u011f\u0131 sorunudur. \u00c7ocuklar\u0131m\u0131z, ya\u015fl\u0131lar\u0131m\u0131z ve kronik hastalar\u0131m\u0131z do\u011frudan tehdit alt\u0131ndad\u0131r. Toplumun sa\u011fl\u0131k hakk\u0131n\u0131 savunan demokratik kitle \u00f6rg\u00fct\u00fc olarak uyar\u0131yoruz: Ad\u0131yaman halk\u0131 nefes almak istiyor!<\/p>\n<p>Nefes almak en temel insan hakk\u0131d\u0131r. Bu hakk\u0131n korunmas\u0131 i\u00e7in kamu kurumlar\u0131n\u0131, belediyeyi ve t\u00fcm yetkilileri acilen g\u00f6reve \u00e7a\u011f\u0131r\u0131yoruz. \u00c7ar\u015f\u0131s\u0131, parklar\u0131, sosyal ve i\u015f alanlar\u0131 olmayan bir memlekette kalanlar, bari toza mahk&ucirc;m edilmesin. \u0130lk s\u00f6yledi\u011fimiz gibi; Ad\u0131yaman halk\u0131 toza ve \u00e7amura mahkum edilemez!&rdquo;<\/p>\n<\/p><\/p>\n","protected":false},"excerpt":{"rendered":"<p> Sa\u011fl\u0131k ve Sosyal Hizmet Emek\u00e7ileri (SES) Ad\u0131yaman \u015eubesi E\u015f Ba\u015fkan\u0131 \u0130brahim Halil Ayd\u0131n, Ad\u0131yaman\u2019da ya\u015fanan depremin ard\u0131ndan y\u0131k\u0131m ve enkaz kald\u0131rma \u00e7al\u0131\u015fmalar\u0131 s\u0131ras\u0131nda ortaya \u00e7\u0131kan yo\u011fun toz ve asbestin ya\u015fatt\u0131\u011f\u0131 sorunlara dair bas\u0131n a\u00e7\u0131klamas\u0131 yapt\u0131.<\/p>\n","protected":false},"author":1,"featured_media":18067,"comment_status":"open","ping_status":"open","sticky":false,"template":"","format":"standard","meta":{"om_disable_all_campaigns":false,"_monsterinsights_skip_tracking":false,"_monsterinsights_sitenote_active":false,"_monsterinsights_sitenote_note":"","_monsterinsights_sitenote_category":0,"footnotes":""},"categories":[1,11],"tags":[559,540,719,949,1259],"aioseo_notices":[],"_links":{"self":[{"href":"https:\/\/www.hbrkahta.com\/index.php\/wp-json\/wp\/v2\/posts\/18066"}],"collection":[{"href":"https:\/\/www.hbrkahta.com\/index.php\/wp-json\/wp\/v2\/posts"}],"about":[{"href":"https:\/\/www.hbrkahta.com\/index.php\/wp-json\/wp\/v2\/types\/post"}],"author":[{"embeddable":true,"href":"https:\/\/www.hbrkahta.com\/index.php\/wp-json\/wp\/v2\/users\/1"}],"replies":[{"embeddable":true,"href":"https:\/\/www.hbrkahta.com\/index.php\/wp-json\/wp\/v2\/comments?post=18066"}],"version-history":[{"count":1,"href":"https:\/\/www.hbrkahta.com\/index.php\/wp-json\/wp\/v2\/posts\/18066\/revisions"}],"predecessor-version":[{"id":18068,"href":"https:\/\/www.hbrkahta.com\/index.php\/wp-json\/wp\/v2\/posts\/18066\/revisions\/18068"}],"wp:featuredmedia":[{"embeddable":true,"href":"https:\/\/www.hbrkahta.com\/index.php\/wp-json\/wp\/v2\/media\/18067"}],"wp:attachment":[{"href":"https:\/\/www.hbrkahta.com\/index.php\/wp-json\/wp\/v2\/media?parent=18066"}],"wp:term":[{"taxonomy":"category","embeddable":true,"href":"https:\/\/www.hbrkahta.com\/index.php\/wp-json\/wp\/v2\/categories?post=18066"},{"taxonomy":"post_tag","embeddable":true,"href":"https:\/\/www.hbrkahta.com\/index.php\/wp-json\/wp\/v2\/tags?post=18066"}],"curies":[{"name":"wp","href":"https:\/\/api.w.org\/{rel}","templated":true}]}}