{"id":18001,"date":"2025-09-19T12:12:05","date_gmt":"2025-09-19T09:12:05","guid":{"rendered":"https:\/\/www.hbrkahta.com\/?p=18001"},"modified":"2025-09-19T12:12:05","modified_gmt":"2025-09-19T09:12:05","slug":"adiyamanda-19-eylul-gaziler-gunu-torenle-kutlandi","status":"publish","type":"post","link":"https:\/\/www.hbrkahta.com\/index.php\/2025\/09\/19\/adiyamanda-19-eylul-gaziler-gunu-torenle-kutlandi\/","title":{"rendered":"Ad\u0131yaman\u2019da, 19 Eyl\u00fcl \u2018Gaziler G\u00fcn\u00fc\u2019 t\u00f6renle kutland\u0131"},"content":{"rendered":"<p>\u015eeriban \u00d6Z\u00c7AKMAK &ndash; Ad\u0131yaman\u2019da, 19 Eyl\u00fcl Gaziler G\u00fcn\u00fc \u00e7e\u015fitli etkinliklerle an\u0131ld\u0131. Anma etkinli\u011fi, kortej y\u00fcr\u00fcy\u00fc\u015f\u00fc ile ba\u015flad\u0131. Mimar Sinan K\u00fclt\u00fcr Park\u0131 \u00f6n\u00fcnden Ad\u0131yaman Valili\u011fi bah\u00e7esine kadar ger\u00e7ekle\u015ftirilen y\u00fcr\u00fcy\u00fc\u015f\u00fcn ard\u0131ndan Atat\u00fcrk B\u00fcst\u00fc&#8217;ne \u00e7elenk b\u0131rak\u0131ld\u0131.<\/p>\n<p>Sayg\u0131 duru\u015fu ve \u0130stiklal Mar\u015f\u0131\u2019n\u0131n okunmas\u0131n\u0131n ard\u0131ndan T\u00fcrkiye Muharip Gaziler Derne\u011fi Ad\u0131yaman \u015eube Ba\u015fkan\u0131 Ahmet Okutan, g\u00fcn\u00fcn anlam ve \u00f6nemine y\u00f6nelik konu\u015fma yapt\u0131. Okutan, bu miras\u0131n bir evlad\u0131 olarak vatan i\u00e7in g\u00f6rev yaparken Gazilik onuruna eri\u015ftim. Bug\u00fcn huzurunuzda bu y\u00fcce unvan\u0131 ta\u015f\u0131yan bir Gazi olarak durmaktay\u0131m ve bununla gurur duyuyorum. Gazilik yaln\u0131zca bir unvan de\u011fil, milletimizin varolu\u015f iradesinin sars\u0131lmaz bir abidesidir. Biz Gaziler, vatan i\u00e7in can\u0131n\u0131 veren \u015fehitlerin bize b\u0131rakt\u0131\u011f\u0131 bu kutlu miras\u0131 ta\u015f\u0131yan milletin neferleriyiz. Bug\u00fcn 81 ilde ayn\u0131 anda d\u00fczenlenen bu y\u00fcr\u00fcy\u00fc\u015f as\u0131rlar\u0131 a\u015fan Malazgirt, \u00c7anakkale, Sakarya, 15 Temmuz kahramanl\u0131k zincirinin bir halkas\u0131d\u0131r&rdquo; ifadelerini kulland\u0131.<\/p>\n<p>Okutan konu\u015fmas\u0131n\u0131n sonunda, Ter\u00f6rs\u00fcz ve ayd\u0131nl\u0131k bir T\u00fcrkiye\u2019de ya\u015famay\u0131 ama\u00e7lad\u0131klar\u0131n\u0131n alt\u0131n\u0131 \u00e7izdi. Yap\u0131lan konu\u015fman\u0131n ard\u0131ndan program sona erdi.<\/p>\n<p>Programa, Ad\u0131yaman Valisi Dr. Osman Varol, \u0130l Jandarma Komutan\u0131 K\u0131demli Albay Fahri Semiz, \u0130l Emniyet M\u00fcd\u00fcr\u00fc Arzum Nazman, Ad\u0131yaman Belediye Ba\u015fkan Yard\u0131mc\u0131s\u0131 Ufuk Bay\u0131r, \u0130l Milli E\u011fitim M\u00fcd\u00fcr\u00fc Ali Tosun, Ad\u0131yaman Baro Ba\u015fkan\u0131 Bilal Do\u011fan, T\u00fcrkiye Muharip Gaziler Derne\u011fi Ad\u0131yaman \u015eube Ba\u015fkan\u0131 Ahmet Okutan, T\u00fcrkiye Harp Malul\u00fc Gaziler, \u015eehit, Dul ve Yetimleri Derne\u011fi Ad\u0131yaman \u015eube Ba\u015fkan\u0131 Hac\u0131 Erdengi, kurum m\u00fcd\u00fcrleri, STK temsilcileri, emniyet ve jandarma g\u00f6revlileri ile \u00e7ok say\u0131da ki\u015fi kat\u0131l\u0131m g\u00f6sterdi.<\/p><\/p>\n","protected":false},"excerpt":{"rendered":"<p> Gazi Mustafa Kemal Atat\u00fcrk\u2019e Gazi unvan\u0131 ve Mare\u015fal r\u00fctbesi verilmesinin y\u0131l d\u00f6n\u00fcm\u00fc, Ad\u0131yaman\u2019da \u00e7elenk sunumu, sayg\u0131 duru\u015fu ve \u0130stiklal Mar\u015f\u0131 ile an\u0131ld\u0131.<\/p>\n","protected":false},"author":1,"featured_media":18002,"comment_status":"open","ping_status":"open","sticky":false,"template":"","format":"standard","meta":{"om_disable_all_campaigns":false,"_monsterinsights_skip_tracking":false,"_monsterinsights_sitenote_active":false,"_monsterinsights_sitenote_note":"","_monsterinsights_sitenote_category":0,"footnotes":""},"categories":[1,11],"tags":[559,545,540,1064,535],"aioseo_notices":[],"_links":{"self":[{"href":"https:\/\/www.hbrkahta.com\/index.php\/wp-json\/wp\/v2\/posts\/18001"}],"collection":[{"href":"https:\/\/www.hbrkahta.com\/index.php\/wp-json\/wp\/v2\/posts"}],"about":[{"href":"https:\/\/www.hbrkahta.com\/index.php\/wp-json\/wp\/v2\/types\/post"}],"author":[{"embeddable":true,"href":"https:\/\/www.hbrkahta.com\/index.php\/wp-json\/wp\/v2\/users\/1"}],"replies":[{"embeddable":true,"href":"https:\/\/www.hbrkahta.com\/index.php\/wp-json\/wp\/v2\/comments?post=18001"}],"version-history":[{"count":1,"href":"https:\/\/www.hbrkahta.com\/index.php\/wp-json\/wp\/v2\/posts\/18001\/revisions"}],"predecessor-version":[{"id":18003,"href":"https:\/\/www.hbrkahta.com\/index.php\/wp-json\/wp\/v2\/posts\/18001\/revisions\/18003"}],"wp:featuredmedia":[{"embeddable":true,"href":"https:\/\/www.hbrkahta.com\/index.php\/wp-json\/wp\/v2\/media\/18002"}],"wp:attachment":[{"href":"https:\/\/www.hbrkahta.com\/index.php\/wp-json\/wp\/v2\/media?parent=18001"}],"wp:term":[{"taxonomy":"category","embeddable":true,"href":"https:\/\/www.hbrkahta.com\/index.php\/wp-json\/wp\/v2\/categories?post=18001"},{"taxonomy":"post_tag","embeddable":true,"href":"https:\/\/www.hbrkahta.com\/index.php\/wp-json\/wp\/v2\/tags?post=18001"}],"curies":[{"name":"wp","href":"https:\/\/api.w.org\/{rel}","templated":true}]}}