{"id":17995,"date":"2025-09-18T21:36:04","date_gmt":"2025-09-18T18:36:04","guid":{"rendered":"https:\/\/www.hbrkahta.com\/?p=17995"},"modified":"2025-09-18T21:36:04","modified_gmt":"2025-09-18T18:36:04","slug":"ak-parti-adiyaman-il-baskani-faruk-bulent-kablanin-gorevden-alindigi-iddiasi","status":"publish","type":"post","link":"https:\/\/www.hbrkahta.com\/index.php\/2025\/09\/18\/ak-parti-adiyaman-il-baskani-faruk-bulent-kablanin-gorevden-alindigi-iddiasi\/","title":{"rendered":"AK Parti Ad\u0131yaman \u0130l Ba\u015fkan\u0131 Faruk B\u00fclent Kablan\u2019\u0131n g\u00f6revden al\u0131nd\u0131\u011f\u0131 iddias\u0131"},"content":{"rendered":"<p><span><span>\u0130ddialar Sosyal Medyada ve Yerel Kaynaklarda Dola\u015f\u0131yor<\/span><\/span><br \/>\n<span><span>Ad\u0131yaman\u2019da siyasi kulislerde ve sosyal medyada, AK Parti \u0130l Ba\u015fkan\u0131 Faruk B\u00fclent Kablan\u2019\u0131n genel merkez taraf\u0131ndan g\u00f6revden al\u0131nd\u0131\u011f\u0131 y\u00f6n\u00fcnde \u00e7e\u015fitli iddialar g\u00fcndeme geldi. Konuya ili\u015fkin olarak farkl\u0131 kaynaklardan benzer duyumlar\u0131n payla\u015f\u0131ld\u0131\u011f\u0131 ifade ediliyor.<\/span><\/span><br \/>\n<span><span>Resmi Teyit Bulunmuyor<\/span><\/span><br \/>\n<span><span>AK Parti\u2019nin resmi internet sitesinde yer alan &ldquo;\u0130l Ba\u015fkanlar\u0131&rdquo; b\u00f6l\u00fcm\u00fcnde Faruk B\u00fclent Kablan\u2019\u0131n halen \u0130l Ba\u015fkan\u0131 olarak g\u00f6r\u00fcnd\u00fc\u011f\u00fc dikkat \u00e7ekiyor. Parti genel merkezi ya da Ad\u0131yaman il te\u015fkilat\u0131 taraf\u0131ndan hen\u00fcz resmi bir a\u00e7\u0131klama yap\u0131lmad\u0131.<\/span><\/span><br \/>\n<span><span>Kablan H&acirc;len G\u00f6revde G\u00f6r\u00fcn\u00fcyor<\/span><\/span><br \/>\n<span><span>Faruk B\u00fclent Kablan\u2019\u0131n sosyal medya hesaplar\u0131 \u00fczerinden de rutin payla\u015f\u0131mlar\u0131n\u0131 s\u00fcrd\u00fcrd\u00fc\u011f\u00fc ve aktif g\u00f6revde oldu\u011funa dair izlenim verdi\u011fi g\u00f6zleniyor. Parti te\u015fkilat\u0131na yak\u0131n baz\u0131 \u00e7evreler de resmi a\u00e7\u0131klama yap\u0131lmadan g\u00f6rev de\u011fi\u015fikli\u011fi iddialar\u0131na ihtiyatla yakla\u015f\u0131lmas\u0131 gerekti\u011fini dile getiriyor.<\/span><\/span><br \/>\n<span><span>A\u00e7\u0131klama Bekleniyor<\/span><\/span><br \/>\n<span><span>AK Parti Genel Merkezi\u2019nin olas\u0131 g\u00f6rev de\u011fi\u015fikliklerine ili\u015fkin kamuoyunu bilgilendirmesi bekleniyor. Parti i\u00e7i atamalar ve g\u00f6revden almalar, resmi yaz\u0131l\u0131 a\u00e7\u0131klamalar veya genel merkez taraf\u0131ndan yap\u0131lan duyurularla kesinlik kazan\u0131yor.<\/span><\/span><\/p><\/p>\n","protected":false},"excerpt":{"rendered":"<p> AK Parti Ad\u0131yaman \u0130l Ba\u015fkan\u0131 Faruk B\u00fclent Kablan\u2019\u0131n g\u00f6revden al\u0131nd\u0131\u011f\u0131na y\u00f6nelik iddialar kamuoyuna yans\u0131d\u0131. Ancak s\u00f6z konusu iddialar resmi makamlarca do\u011frulanmad\u0131.<\/p>\n","protected":false},"author":1,"featured_media":17996,"comment_status":"open","ping_status":"open","sticky":false,"template":"","format":"standard","meta":{"om_disable_all_campaigns":false,"_monsterinsights_skip_tracking":false,"_monsterinsights_sitenote_active":false,"_monsterinsights_sitenote_note":"","_monsterinsights_sitenote_category":0,"footnotes":""},"categories":[1,11],"tags":[558,535,129,2697],"aioseo_notices":[],"_links":{"self":[{"href":"https:\/\/www.hbrkahta.com\/index.php\/wp-json\/wp\/v2\/posts\/17995"}],"collection":[{"href":"https:\/\/www.hbrkahta.com\/index.php\/wp-json\/wp\/v2\/posts"}],"about":[{"href":"https:\/\/www.hbrkahta.com\/index.php\/wp-json\/wp\/v2\/types\/post"}],"author":[{"embeddable":true,"href":"https:\/\/www.hbrkahta.com\/index.php\/wp-json\/wp\/v2\/users\/1"}],"replies":[{"embeddable":true,"href":"https:\/\/www.hbrkahta.com\/index.php\/wp-json\/wp\/v2\/comments?post=17995"}],"version-history":[{"count":1,"href":"https:\/\/www.hbrkahta.com\/index.php\/wp-json\/wp\/v2\/posts\/17995\/revisions"}],"predecessor-version":[{"id":17997,"href":"https:\/\/www.hbrkahta.com\/index.php\/wp-json\/wp\/v2\/posts\/17995\/revisions\/17997"}],"wp:featuredmedia":[{"embeddable":true,"href":"https:\/\/www.hbrkahta.com\/index.php\/wp-json\/wp\/v2\/media\/17996"}],"wp:attachment":[{"href":"https:\/\/www.hbrkahta.com\/index.php\/wp-json\/wp\/v2\/media?parent=17995"}],"wp:term":[{"taxonomy":"category","embeddable":true,"href":"https:\/\/www.hbrkahta.com\/index.php\/wp-json\/wp\/v2\/categories?post=17995"},{"taxonomy":"post_tag","embeddable":true,"href":"https:\/\/www.hbrkahta.com\/index.php\/wp-json\/wp\/v2\/tags?post=17995"}],"curies":[{"name":"wp","href":"https:\/\/api.w.org\/{rel}","templated":true}]}}