{"id":17992,"date":"2025-09-18T20:12:03","date_gmt":"2025-09-18T17:12:03","guid":{"rendered":"https:\/\/www.hbrkahta.com\/?p=17992"},"modified":"2025-09-18T20:12:03","modified_gmt":"2025-09-18T17:12:03","slug":"dem-parti-adiyaman-il-es-baskani-bayirdan-baris-istiyoruz-imza-kampanyasina-destek-cagrisi","status":"publish","type":"post","link":"https:\/\/www.hbrkahta.com\/index.php\/2025\/09\/18\/dem-parti-adiyaman-il-es-baskani-bayirdan-baris-istiyoruz-imza-kampanyasina-destek-cagrisi\/","title":{"rendered":"DEM Parti Ad\u0131yaman \u0130l E\u015f Ba\u015fkan\u0131 Bay\u0131r\u2019dan \u2018Bar\u0131\u015f istiyoruz&#8217; imza kampanyas\u0131na destek \u00e7a\u011fr\u0131s\u0131"},"content":{"rendered":"<p>Murat KAYI\u015e &#8211; \u015eeriban \u00d6Z\u00c7AKMAK &ndash; Halklar\u0131n E\u015fitlik ve Demokrasi Partisi (DEM Parti), Meclis Ba\u015fkanl\u0131\u011f\u0131&#8217;na sunmak \u00fczere ba\u015flatt\u0131\u011f\u0131 &ldquo;Bar\u0131\u015f istiyoruz&rdquo; imza kampanyas\u0131 \u00e7al\u0131\u015fmalar\u0131 kapsam\u0131nda Ad\u0131yaman\u2019da da stant kuruldu. Kampanya i\u00e7in Mimar Sinan K\u00fclt\u00fcr Park\u0131\u2019nda kurulan stand\u0131 ziyaret eden DEM Parti \u0130l E\u015f Ba\u015fkan Mehmet Bay\u0131r, &ldquo;Sava\u015fa hay\u0131r, bar\u0131\u015fa hemen \u015fimdi&rdquo; diyoruz. T\u00fcm halk\u0131m\u0131z\u0131 imza kampanyas\u0131na destek olmaya davet ediyoruz&rdquo; dedi.<\/p>\n<p>DEM Parti \u0130l E\u015f Ba\u015fkan\u0131 Mehmet Bay\u0131r yapt\u0131\u011f\u0131 a\u00e7\u0131klamada, &ldquo;T\u00fcrkiye B\u00fcy\u00fck millet Meclisi\u2019nde, DEM Parti\u2019li E\u015f Genel Ba\u015fkanlar\u0131m\u0131z\u0131n alm\u0131\u015f oldu\u011fu bar\u0131\u015fa y\u00f6nelik ba\u015flatt\u0131klar\u0131 imza kampanyas\u0131n\u0131 T\u00fcrkiye\u2019de ba\u015flatt\u0131k. Biz de bug\u00fcn Ad\u0131yaman\u2019da &lsquo;bar\u0131\u015fa imza at\u0131n\u2019 \u015fiar\u0131yla a\u00e7t\u0131\u011f\u0131m\u0131z stand\u0131m\u0131zda imza kampanyas\u0131n\u0131 ba\u015flatm\u0131\u015f bulunmaktay\u0131z&rdquo; dedi.<\/p>\n<p>&ldquo;Bar\u0131\u015fa Hizmet \u0130\u00e7in Gelin \u0130mzan\u0131z\u0131 At\u0131n&rdquo;<\/p>\n<p>\u0130mza kampanyas\u0131na destek \u00e7a\u011fr\u0131s\u0131nda bulunan \u0130l E\u015f Ba\u015fkan\u0131 Mehmet Bay\u0131r, &ldquo;T\u00fcm Ad\u0131yaman halk\u0131m\u0131za \u00e7a\u011fr\u0131m\u0131zd\u0131r. Bar\u0131\u015f herkese laz\u0131m olan bir konudur. &lsquo;Sava\u015fa hay\u0131r, bar\u0131\u015fa hemen \u015fimdi\u2019 diyoruz. Duyarl\u0131 olan t\u00fcm vatanda\u015flar\u0131m\u0131za ve t\u00fcm ailelerimize &lsquo;bar\u0131\u015fa hizmet i\u00e7in gelin imzan\u0131z\u0131 at\u0131n\u2019 diyoruz&rdquo; ifadelerini kulland\u0131.<\/p>\n<p>Standa gelen vatanda\u015flar ise,  bar\u0131\u015f i\u00e7in imzalar\u0131n\u0131 atarak kampanyaya destek verdi.<\/p>\n<\/p><\/p>\n","protected":false},"excerpt":{"rendered":"<p> DEM Parti Ad\u0131yaman \u0130l E\u015f Ba\u015fkanlar\u0131 Mehmet Bay\u0131r ve G\u00f6n\u00fcl \u015eahin, DEM Parti Ad\u0131yaman \u0130l \u00d6rg\u00fct\u00fc taraf\u0131ndan a\u00e7\u0131lan \u201cBar\u0131\u015f istiyoruz\u201d imza kampanyas\u0131 i\u00e7in kurulan stand\u0131 ziyaret etti.<\/p>\n","protected":false},"author":1,"featured_media":17993,"comment_status":"open","ping_status":"open","sticky":false,"template":"","format":"standard","meta":{"om_disable_all_campaigns":false,"_monsterinsights_skip_tracking":false,"_monsterinsights_sitenote_active":false,"_monsterinsights_sitenote_note":"","_monsterinsights_sitenote_category":0,"footnotes":""},"categories":[1,11],"tags":[2695,545,1548,2696,129],"aioseo_notices":[],"_links":{"self":[{"href":"https:\/\/www.hbrkahta.com\/index.php\/wp-json\/wp\/v2\/posts\/17992"}],"collection":[{"href":"https:\/\/www.hbrkahta.com\/index.php\/wp-json\/wp\/v2\/posts"}],"about":[{"href":"https:\/\/www.hbrkahta.com\/index.php\/wp-json\/wp\/v2\/types\/post"}],"author":[{"embeddable":true,"href":"https:\/\/www.hbrkahta.com\/index.php\/wp-json\/wp\/v2\/users\/1"}],"replies":[{"embeddable":true,"href":"https:\/\/www.hbrkahta.com\/index.php\/wp-json\/wp\/v2\/comments?post=17992"}],"version-history":[{"count":1,"href":"https:\/\/www.hbrkahta.com\/index.php\/wp-json\/wp\/v2\/posts\/17992\/revisions"}],"predecessor-version":[{"id":17994,"href":"https:\/\/www.hbrkahta.com\/index.php\/wp-json\/wp\/v2\/posts\/17992\/revisions\/17994"}],"wp:featuredmedia":[{"embeddable":true,"href":"https:\/\/www.hbrkahta.com\/index.php\/wp-json\/wp\/v2\/media\/17993"}],"wp:attachment":[{"href":"https:\/\/www.hbrkahta.com\/index.php\/wp-json\/wp\/v2\/media?parent=17992"}],"wp:term":[{"taxonomy":"category","embeddable":true,"href":"https:\/\/www.hbrkahta.com\/index.php\/wp-json\/wp\/v2\/categories?post=17992"},{"taxonomy":"post_tag","embeddable":true,"href":"https:\/\/www.hbrkahta.com\/index.php\/wp-json\/wp\/v2\/tags?post=17992"}],"curies":[{"name":"wp","href":"https:\/\/api.w.org\/{rel}","templated":true}]}}