{"id":17968,"date":"2025-09-18T10:12:04","date_gmt":"2025-09-18T07:12:04","guid":{"rendered":"https:\/\/www.hbrkahta.com\/?p=17968"},"modified":"2025-09-18T10:12:04","modified_gmt":"2025-09-18T07:12:04","slug":"adiyamanin-yeni-il-emniyet-muduru-arzum-nazman-torenle-karsilandi","status":"publish","type":"post","link":"https:\/\/www.hbrkahta.com\/index.php\/2025\/09\/18\/adiyamanin-yeni-il-emniyet-muduru-arzum-nazman-torenle-karsilandi\/","title":{"rendered":"Ad\u0131yaman\u2019\u0131n yeni \u0130l Emniyet M\u00fcd\u00fcr\u00fc Arzum Nazman t\u00f6renle kar\u015f\u0131land\u0131"},"content":{"rendered":"<p>\u015eeriban \u00d6Z\u00c7AKMAK &ndash; Cumhurba\u015fkanl\u0131\u011f\u0131 Kararnamesi ile Ad\u0131yaman Emniyet M\u00fcd\u00fcr\u00fc olarak atanan \u0130l Emniyet M\u00fcd\u00fcr\u00fc Arzum Nazman, \u0130l Emniyet M\u00fcd\u00fcr Yard\u0131mc\u0131lar\u0131 ve \u015eube M\u00fcd\u00fcrlerinin kat\u0131l\u0131m\u0131yla \u0130l Emniyet hizmet binas\u0131 \u00f6n\u00fcnde d\u00fczenlenen t\u00f6renle kar\u015f\u0131land\u0131.<\/p>\n<p>\u0130\u00e7i\u015fleri Bakan\u0131 Ali Yerlikaya, d\u00fcn yeni atanan \u0130l Emniyet M\u00fcd\u00fcrleri Ve Daire Ba\u015fkanlar\u0131yla Bakanl\u0131k\u2019ta bir araya gelerek, &ldquo;&#8217;T\u00fcrkiye Y\u00fczy\u0131l\u0131&#8217;n\u0131 huzurun y\u00fczy\u0131l\u0131 yapma&#8217; hedefiyle \u00e7al\u0131\u015fmaya devam edece\u011fiz. Bu ulvi ama\u00e7 u\u011fruna atamas\u0131 ger\u00e7ekle\u015fen il emniyet m\u00fcd\u00fcrlerimizin her birine yeni g\u00f6revlerinde ba\u015far\u0131lar diliyorum. Bayra\u011f\u0131 devreden arkada\u015flar\u0131m\u0131za hizmetleri i\u00e7in te\u015fekk\u00fcr ediyorum. K\u0131ymetli emniyet m\u00fcd\u00fcrlerimiz, yeni g\u00f6reve ba\u015flayaca\u011f\u0131n\u0131z illerimizdeki t\u00fcm vatanda\u015flar\u0131m\u0131za selamlar\u0131m\u0131z\u0131 iletin&#8221; ifadelerini kullanm\u0131\u015ft\u0131.<\/p><\/p>\n","protected":false},"excerpt":{"rendered":"<p> Ad\u0131yaman \u0130l Emniyet M\u00fcd\u00fcrl\u00fc\u011f\u00fc\u2019ne atanan Arzum Nazman, Emniyet M\u00fcd\u00fcr\u00fc personeli taraf\u0131ndan \u00e7i\u00e7eklerle kar\u015f\u0131land\u0131.<\/p>\n","protected":false},"author":1,"featured_media":17969,"comment_status":"open","ping_status":"open","sticky":false,"template":"","format":"standard","meta":{"om_disable_all_campaigns":false,"_monsterinsights_skip_tracking":false,"_monsterinsights_sitenote_active":false,"_monsterinsights_sitenote_note":"","_monsterinsights_sitenote_category":0,"footnotes":""},"categories":[1,11],"tags":[2692,1249],"aioseo_notices":[],"_links":{"self":[{"href":"https:\/\/www.hbrkahta.com\/index.php\/wp-json\/wp\/v2\/posts\/17968"}],"collection":[{"href":"https:\/\/www.hbrkahta.com\/index.php\/wp-json\/wp\/v2\/posts"}],"about":[{"href":"https:\/\/www.hbrkahta.com\/index.php\/wp-json\/wp\/v2\/types\/post"}],"author":[{"embeddable":true,"href":"https:\/\/www.hbrkahta.com\/index.php\/wp-json\/wp\/v2\/users\/1"}],"replies":[{"embeddable":true,"href":"https:\/\/www.hbrkahta.com\/index.php\/wp-json\/wp\/v2\/comments?post=17968"}],"version-history":[{"count":1,"href":"https:\/\/www.hbrkahta.com\/index.php\/wp-json\/wp\/v2\/posts\/17968\/revisions"}],"predecessor-version":[{"id":17970,"href":"https:\/\/www.hbrkahta.com\/index.php\/wp-json\/wp\/v2\/posts\/17968\/revisions\/17970"}],"wp:featuredmedia":[{"embeddable":true,"href":"https:\/\/www.hbrkahta.com\/index.php\/wp-json\/wp\/v2\/media\/17969"}],"wp:attachment":[{"href":"https:\/\/www.hbrkahta.com\/index.php\/wp-json\/wp\/v2\/media?parent=17968"}],"wp:term":[{"taxonomy":"category","embeddable":true,"href":"https:\/\/www.hbrkahta.com\/index.php\/wp-json\/wp\/v2\/categories?post=17968"},{"taxonomy":"post_tag","embeddable":true,"href":"https:\/\/www.hbrkahta.com\/index.php\/wp-json\/wp\/v2\/tags?post=17968"}],"curies":[{"name":"wp","href":"https:\/\/api.w.org\/{rel}","templated":true}]}}