{"id":17949,"date":"2025-09-17T15:12:04","date_gmt":"2025-09-17T12:12:04","guid":{"rendered":"https:\/\/www.hbrkahta.com\/?p=17949"},"modified":"2025-09-17T15:12:04","modified_gmt":"2025-09-17T12:12:04","slug":"tutdere-kocali-barajinda-onceki-firmayla-yapilan-protokol-iptal-edilmelidir","status":"publish","type":"post","link":"https:\/\/www.hbrkahta.com\/index.php\/2025\/09\/17\/tutdere-kocali-barajinda-onceki-firmayla-yapilan-protokol-iptal-edilmelidir\/","title":{"rendered":"Tutdere: \u2018Ko\u00e7ali Baraj\u0131\u2019nda \u00f6nceki firmayla yap\u0131lan protokol iptal edilmelidir\u2019"},"content":{"rendered":"<p>\u015eeriban \u00d6Z\u00c7AKMAK &ndash; Ad\u0131yaman Belediye Ba\u015fkan\u0131 Av. Abdurrahman Tutdere, Alt\u0131n\u015fehir Sosyal Tesisleri\u2019nde d\u00fczenlenen bas\u0131n toplant\u0131s\u0131nda gazetecilerin sorular\u0131n\u0131 yan\u0131tlad\u0131. Tutdere, \u00f6zellikle Ko\u00e7ali Baraj\u0131\u2019n\u0131n in\u015faat\u0131 ve ihale s\u00fcreci ile ilgili \u00e7ok sert ifadeler kullan\u0131rken, CHP\u2019nin kurultay s\u00fcrecinin yarg\u0131ya ta\u015f\u0131nmas\u0131na ili\u015fkin de \u00f6nemli de\u011ferlendirmelerde bulundu.<\/p>\n<p>&lsquo;Ad\u0131yaman\u2019\u0131n Kaybedecek Zaman\u0131 Yok\u2019<\/p>\n<p>Tutdere, kentin i\u00e7me suyu ihtiyac\u0131n\u0131n kar\u015f\u0131lanmas\u0131 konusunda acil ad\u0131mlar at\u0131lmas\u0131 gerekti\u011fini belirterek, Ko\u00e7ali Baraj\u0131\u2019n\u0131n s\u00fcr\u00fcncemede b\u0131rak\u0131lmas\u0131n\u0131n kabul edilemeyece\u011fini s\u00f6yledi:<\/p>\n<p>&ldquo;Burada yap\u0131lmas\u0131 gereken i\u015fler var. Bir, derhal, acilen Ko\u00e7ali Baraj\u0131\u2019n\u0131n in\u015faat\u0131na ba\u015flanmal\u0131d\u0131r. \u00d6nceki firmayla yap\u0131lan protokol iptal edilmelidir. Masada, s\u00fcr\u00fcncemede b\u0131rak\u0131lmamal\u0131d\u0131r. Ad\u0131yaman\u2019\u0131n kaybedecek zaman\u0131 yok.&rdquo;<\/p>\n<p>&lsquo;Atat\u00fcrk Baraj\u0131\u2019ndan Su Al\u0131nmal\u0131\u2019<\/p>\n<p>DS\u0130 ile yap\u0131lan protokole i\u015faret eden Tutdere, Ad\u0131yaman\u2019\u0131n uzun vadeli i\u00e7me ve kullanma suyu ihtiyac\u0131n\u0131n kar\u015f\u0131lanmas\u0131 i\u00e7in Atat\u00fcrk Baraj\u0131\u2019na en yak\u0131n noktadan su al\u0131nmas\u0131 gerekti\u011fini vurgulad\u0131:<\/p>\n<p>&ldquo;DS\u0130 taraf\u0131ndan Ad\u0131yaman Belediyesi ile yap\u0131lan protokol gere\u011fi Atat\u00fcrk Baraj\u0131\u2019ndan i\u00e7me suyu al\u0131narak \u015fehrin \u00f6n\u00fcm\u00fczdeki y\u0131llarda ihtiyac\u0131n\u0131n kar\u015f\u0131lanmas\u0131 gerekir. Bunun d\u0131\u015f\u0131nda hi\u00e7bir \u015fans\u0131m\u0131z yok. Su hayatt\u0131r, su gelecektir, su bu \u015fehrin olmazsa olmaz\u0131d\u0131r. Bu konuda t\u00fcm kurumlar\u0131n \u00fczerine d\u00fc\u015feni yapmas\u0131 gerekir. Biz de bu i\u015fin sonuna kadar takip\u00e7isi olaca\u011f\u0131z.&rdquo;<\/p>\n<p>Zerban Suyu Tart\u0131\u015fmalar\u0131<\/p>\n<p>Son g\u00fcnlerde kamuoyunda g\u00fcndeme gelen &lsquo;Zerban\u2019dan su getirilece\u011fi\u2019 iddialar\u0131na da de\u011finen Tutdere, bu kayna\u011f\u0131n tahsisli oldu\u011funu ve ovadaki \u00e7ift\u00e7iler i\u00e7in hayati \u00f6nem ta\u015f\u0131d\u0131\u011f\u0131n\u0131 hat\u0131rlatt\u0131:<\/p>\n<p>&ldquo;Zerban bir kaynak suyudur. Oradaki tahsisli sular\u0131m\u0131z ve su hakk\u0131m\u0131z bellidir. \u00c7at T\u00fcneli tamamlanmadan, \u00c7at Baraj\u0131\u2019ndan tar\u0131m arazilerine su verilmeden Zerban\u2019dan kent \u015febekesine su aktar\u0131lamaz. Biz bir yeri d\u00fczeltirken ba\u015fka bir yeri ma\u011fdur edemeyiz. Ayr\u0131ca Zerban ve Hav\u015feri kaynaklar\u0131nda k\u00fcresel \u0131s\u0131nma nedeniyle ciddi debi d\u00fc\u015f\u00fc\u015fleri ya\u015fanmaktad\u0131r. \u00d6n\u00fcm\u00fczdeki y\u0131llarda bu kaynaklar\u0131n daha da azalaca\u011f\u0131 ortadad\u0131r.&rdquo;<\/p>\n<p>&lsquo;DS\u0130 ile Yap\u0131lan Protokol ve Proje \u0130halesinde 8 Ay Gecikme Zaman Kayb\u0131d\u0131r\u2019<\/p>\n<p>Ocak ay\u0131nda al\u0131nan belediye meclisi karar\u0131na ra\u011fmen, Atat\u00fcrk Baraj\u0131\u2019ndan Ad\u0131yaman\u2019a su getirilmesi i\u00e7in proje ihalesine \u00e7\u0131k\u0131lmas\u0131n\u0131n 8 ay s\u00fcrmesini ele\u015ftiren Tutdere, &ldquo;Protokol\u00fcn \u00fczerinden sekiz ay ge\u00e7tikten sonra proje ihalesine \u00e7\u0131k\u0131p teklif al\u0131nmas\u0131 bir kay\u0131pt\u0131r, bir zaman kayb\u0131d\u0131r. Proje\u2019nin haz\u0131rlanmas\u0131 i\u00e7in tan\u0131nan 500 g\u00fcn de ayr\u0131 bir kay\u0131p konusudur&rdquo; ifadelerini kulland\u0131.<\/p>\n<p>CHP Kurultay Davas\u0131 \u0130\u00e7in &lsquo;Red\u2019 Beklentisi<\/p>\n<p>Bas\u0131n toplant\u0131s\u0131nda CHP\u2019nin kurultay ve il kongresinin yarg\u0131ya ta\u015f\u0131nmas\u0131na dair soruya da yan\u0131t veren Ba\u015fkan Tutdere, hukuk\u00e7u kimli\u011fiyle \u015fu de\u011ferlendirmeyi yapt\u0131:<\/p>\n<p>&ldquo;Bir partinin hem kurultay\u0131n\u0131n hem il kongresinin bir asliye hukuk mahkemesinde davaya konu edilmesi, siyasi partiler kanunumuza ve se\u00e7im kanunumuza g\u00f6re al\u0131\u015f\u0131k olmad\u0131\u011f\u0131m\u0131z ve do\u011fru olmayan bir durumdur. Son s\u00fcre\u00e7te maalesef Cumhuriyet Halk Partisi \u00fczerinden b\u00fcy\u00fck bir tart\u0131\u015fma yarat\u0131l\u0131yor. Ben kesinlikle bu davadan bir red karar\u0131 \u00e7\u0131kaca\u011f\u0131n\u0131 biliyorum. Vicdan\u0131 olan, hukuku bilen herkes de bunun b\u00f6yle olaca\u011f\u0131n\u0131 bilir. Cumhuriyet Halk Partisi gibi 103 y\u0131ll\u0131k k\u00f6kl\u00fc bir partinin kurultay\u0131n\u0131n mahkeme taraf\u0131ndan iptal edilmesinin T\u00fcrkiye\u2019ye hi\u00e7bir faydas\u0131 olmayacakt\u0131r, bilakis zarar verecektir. Benim beklentim red karar\u0131yla bu tart\u0131\u015fmalar\u0131n sona ermesidir.&rdquo;<\/p>\n<p>&lsquo;Gelecek \u0130\u00e7in Plan Yapmazsak \u00c7ocuklar\u0131m\u0131z Su Sorunu Ya\u015far\u2019<\/p>\n<p>Tutdere, iklim de\u011fi\u015fikli\u011fi nedeniyle Ad\u0131yaman\u2019\u0131n gelecekte ciddi su sorunlar\u0131yla kar\u015f\u0131 kar\u015f\u0131ya kalabilece\u011fini belirterek, \u015fimdiden uzun vadeli planlar\u0131n yap\u0131lmas\u0131 gerekti\u011fini ifade etti:<\/p>\n<p>&ldquo;T\u00fcrkiye\u2019deki ve d\u00fcnyadaki bilim insanlar\u0131 \u00f6n\u00fcm\u00fczdeki y\u0131llarda su s\u0131k\u0131nt\u0131lar\u0131n\u0131n artaca\u011f\u0131n\u0131 s\u00f6yl\u00fcyor. Biz bug\u00fcnden bu sorunlara haz\u0131rl\u0131k yapmazsak, \u00e7ocuklar\u0131m\u0131z\u0131 gelecekte b\u00fcy\u00fck bir s\u0131k\u0131nt\u0131yla kar\u015f\u0131 kar\u015f\u0131ya b\u0131rak\u0131r\u0131z. Bu y\u00fczden Atat\u00fcrk Baraj\u0131\u2019ndan su getirilmesi zorunluluktur.&rdquo;<\/p><\/p>\n","protected":false},"excerpt":{"rendered":"<p> Ad\u0131yaman Belediye Ba\u015fkan\u0131 Av. Abdurrahman Tutdere, Alt\u0131n\u015fehir Sosyal Tesisleri\u2019nde d\u00fczenlenen bas\u0131n toplant\u0131s\u0131nda gazetecilerin sorular\u0131n\u0131 yan\u0131tlad\u0131. Tutdere, \u00f6zellikle Ko\u00e7ali Baraj\u0131\u2019n\u0131n in\u015faat\u0131 ve ihale s\u00fcreci ile ilgili \u00e7ok sert ifadeler kullan\u0131rken, CHP\u2019nin kurultay s\u00fcrecinin yarg\u0131ya ta\u015f\u0131nmas\u0131na ili\u015fkin de \u00f6nemli de\u011ferlendirmelerde bulundu.<\/p>\n","protected":false},"author":1,"featured_media":17950,"comment_status":"open","ping_status":"open","sticky":false,"template":"","format":"standard","meta":{"om_disable_all_campaigns":false,"_monsterinsights_skip_tracking":false,"_monsterinsights_sitenote_active":false,"_monsterinsights_sitenote_note":"","_monsterinsights_sitenote_category":0,"footnotes":""},"categories":[1,11],"tags":[540,533,535,534,548],"aioseo_notices":[],"_links":{"self":[{"href":"https:\/\/www.hbrkahta.com\/index.php\/wp-json\/wp\/v2\/posts\/17949"}],"collection":[{"href":"https:\/\/www.hbrkahta.com\/index.php\/wp-json\/wp\/v2\/posts"}],"about":[{"href":"https:\/\/www.hbrkahta.com\/index.php\/wp-json\/wp\/v2\/types\/post"}],"author":[{"embeddable":true,"href":"https:\/\/www.hbrkahta.com\/index.php\/wp-json\/wp\/v2\/users\/1"}],"replies":[{"embeddable":true,"href":"https:\/\/www.hbrkahta.com\/index.php\/wp-json\/wp\/v2\/comments?post=17949"}],"version-history":[{"count":1,"href":"https:\/\/www.hbrkahta.com\/index.php\/wp-json\/wp\/v2\/posts\/17949\/revisions"}],"predecessor-version":[{"id":17951,"href":"https:\/\/www.hbrkahta.com\/index.php\/wp-json\/wp\/v2\/posts\/17949\/revisions\/17951"}],"wp:featuredmedia":[{"embeddable":true,"href":"https:\/\/www.hbrkahta.com\/index.php\/wp-json\/wp\/v2\/media\/17950"}],"wp:attachment":[{"href":"https:\/\/www.hbrkahta.com\/index.php\/wp-json\/wp\/v2\/media?parent=17949"}],"wp:term":[{"taxonomy":"category","embeddable":true,"href":"https:\/\/www.hbrkahta.com\/index.php\/wp-json\/wp\/v2\/categories?post=17949"},{"taxonomy":"post_tag","embeddable":true,"href":"https:\/\/www.hbrkahta.com\/index.php\/wp-json\/wp\/v2\/tags?post=17949"}],"curies":[{"name":"wp","href":"https:\/\/api.w.org\/{rel}","templated":true}]}}