{"id":17899,"date":"2025-09-16T07:12:03","date_gmt":"2025-09-16T04:12:03","guid":{"rendered":"https:\/\/www.hbrkahta.com\/?p=17899"},"modified":"2025-09-16T07:12:03","modified_gmt":"2025-09-16T04:12:03","slug":"ak-parti-milletvekili-resul-kurttan-gerger-ve-kahtada-yogun-ziyaret-programi","status":"publish","type":"post","link":"https:\/\/www.hbrkahta.com\/index.php\/2025\/09\/16\/ak-parti-milletvekili-resul-kurttan-gerger-ve-kahtada-yogun-ziyaret-programi\/","title":{"rendered":"AK Parti Milletvekili Resul Kurt\u2019tan Gerger ve Kahta\u2019da Yo\u011fun Ziyaret Program\u0131"},"content":{"rendered":"<p>\u015eeriban \u00d6Z\u00c7AKMAK &#8211; AK Parti Genel Merkez Sivil Toplum ve Halkla \u0130li\u015fkiler Ba\u015fkan Yard\u0131mc\u0131s\u0131, TBMM Plan ve B\u00fct\u00e7e Komisyonu \u00dcyesi ve 28. D\u00f6nem Ad\u0131yaman Milletvekili Do\u00e7. Dr. Resul Kurt, Ad\u0131yaman\u2019\u0131n Gerger il\u00e7esi ve Kahta\u2019ya ba\u011fl\u0131 Narince b\u00f6lgesinde \u00e7e\u015fitli ziyaretlerde bulundu.<\/p>\n<p>&ldquo;Gerger Te\u015fkilat\u0131 ile Bulu\u015fma&rdquo;<\/p>\n<p>Milletvekili Kurt, \u0130l Genel Meclisi Ba\u015fkan\u0131 M. Can Erdo\u011fan, AK Parti Ad\u0131yaman \u0130l Ba\u015fkan Yard\u0131mc\u0131s\u0131 Mahmut Karaman, Merkez \u0130l\u00e7e Ba\u015fkan Yard\u0131mc\u0131s\u0131 Hasan Suba\u015f\u0131, Ad\u0131yaman Gergerliler Derne\u011fi Ba\u015fkan\u0131 Yunus Kaya ve te\u015fkilat mensuplar\u0131yla birlikte AK Parti Gerger \u0130l\u00e7e Ba\u015fkanl\u0131\u011f\u0131\u2019n\u0131 ziyaret etti. \u0130l\u00e7e Ba\u015fkan\u0131 Mehmet Kutlubay ve te\u015fkilat mensuplar\u0131yla bir araya gelen Kurt, &ldquo;Gerger\u2019in samimiyeti ve g\u00fc\u00e7l\u00fc te\u015fkilat\u0131m\u0131z\u0131n heyecan\u0131yla T\u00fcrkiye Y\u00fczy\u0131l\u0131 hedeflerimiz i\u00e7in gece g\u00fcnd\u00fcz \u00e7al\u0131\u015fmaya devam ediyoruz&rdquo; dedi.<\/p>\n<p>Kaymakaml\u0131k Ziyareti ve \u0130sti\u015fare Toplant\u0131s\u0131<\/p>\n<p>Milletvekili Kurt ve beraberindeki heyet, Gerger Kaymakam\u0131 Mesut Bolat\u2019\u0131 ziyaret ederek il\u00e7edeki \u00e7al\u0131\u015fmalar ve vatanda\u015flar\u0131n talepleri hakk\u0131nda g\u00f6r\u00fc\u015f al\u0131\u015fveri\u015finde bulundu. Ziyaretin ard\u0131ndan il\u00e7edeki mahalle ve k\u00f6y muhtarlar\u0131 ile kanaat \u00f6nderleriyle isti\u015fare toplant\u0131s\u0131 d\u00fczenlendi.<\/p>\n<p>Toplant\u0131da, Gerger\u2019in \u00f6ncelikli ihtiya\u00e7lar\u0131, yat\u0131r\u0131m alanlar\u0131 ve vatanda\u015flar\u0131n beklentileri ele al\u0131nd\u0131. Kurt, &ldquo;Cumhurba\u015fkan\u0131m\u0131z Say\u0131n Recep Tayyip Erdo\u011fan\u2019\u0131n g\u00fc\u00e7l\u00fc liderli\u011finde, T\u00fcrkiye Y\u00fczy\u0131l\u0131 vizyonumuz do\u011frultusunda milletimizin taleplerini yerinde dinlemeye, il\u00e7emize yeni hizmetler kazand\u0131rmaya azim ve kararl\u0131l\u0131kla devam ediyoruz&rdquo; ifadelerini kulland\u0131.<\/p>\n<p>Manevi Ziyaret: Hz. \u00dczeyir T\u00fcrbesi<\/p>\n<p>Resul Kurt ve beraberindekiler, il\u00e7enin manevi de\u011ferlerinden biri olan Hz. \u00dczeyir Peygamber (A.S.) T\u00fcrbesini de ziyaret etti. Kurt, &ldquo;\u015eehrimizin manevi miras\u0131na sahip \u00e7\u0131k\u0131yor, tarihimiz ve k\u00fclt\u00fcr\u00fcm\u00fczle ba\u011f\u0131m\u0131z\u0131 g\u00fc\u00e7lendiriyoruz&rdquo; dedi.<\/p>\n<p>Kahta\u2019n\u0131n Narince B\u00f6lgesinde Ziyaretler<\/p>\n<p>Program\u0131n devam\u0131nda Milletvekili Kurt, AK Parti Ad\u0131yaman \u0130l Ba\u015fkan\u0131 F. B\u00fclent Lablann, \u0130l Genel Meclisi Ba\u015fkan\u0131 M. Can Erdo\u011fan, Gergerliler Derne\u011fi Ba\u015fkan\u0131 Yunus Kaya ve te\u015fkilat mensuplar\u0131yla birlikte Kahta il\u00e7esine ba\u011fl\u0131 Narince b\u00f6lgesinde temaslarda bulundu.<\/p>\n<p>Heyet, \u00f6nce b\u00f6lgede faaliyet g\u00f6steren \u00c7elikler Tekstil i\u015fletmesini ziyaret etti. \u0130\u015fletme sahibi Murat \u00c7elik ve \u00e7al\u0131\u015fanlarla g\u00f6r\u00fc\u015fen Kurt, &ldquo;Yerel \u00fcreticilerimizin ba\u015far\u0131lar\u0131yla gurur duyuyoruz. Hem\u015fehrilerimizin gayretleri ve giri\u015fimcilik ruhu bizlere g\u00fc\u00e7 veriyor&rdquo; dedi.<\/p>\n<p>Ard\u0131ndan Narince\u2019de muhtarlar ve kanaat \u00f6nderleriyle bir toplant\u0131 ger\u00e7ekle\u015ftirildi. B\u00f6lgenin \u00f6ncelikli ihtiya\u00e7lar\u0131n\u0131n ele al\u0131nd\u0131\u011f\u0131 toplant\u0131da Kurt, &ldquo;Cumhurba\u015fkan\u0131m\u0131z Say\u0131n Recep Tayyip Erdo\u011fan\u2019\u0131n yol g\u00f6stericili\u011finde, Kahta\u2019m\u0131za ve Narince\u2019mize hizmetlerimizi kararl\u0131l\u0131kla s\u00fcrd\u00fcrece\u011fiz&rdquo; \u015feklinde konu\u015ftu.<\/p>\n<p>&ldquo;Hizmet ve Eser Siyasetine Devam&rdquo;<\/p>\n<p>Resul Kurt, ziyaretlerinin ard\u0131ndan yapt\u0131\u011f\u0131 genel de\u011ferlendirmede, Ad\u0131yaman\u2019\u0131n t\u00fcm il\u00e7elerinde vatanda\u015flar\u0131n taleplerini dinlemeye ve \u00e7\u00f6z\u00fcm \u00fcretmeye devam edeceklerini belirtti. Kurt, &ldquo;T\u00fcrkiye Y\u00fczy\u0131l\u0131 vizyonumuz do\u011frultusunda hizmet ve eser siyaseti anlay\u0131\u015f\u0131m\u0131zla milletimizin refah\u0131 i\u00e7in \u00e7al\u0131\u015fmay\u0131 s\u00fcrd\u00fcrece\u011fiz&rdquo; dedi.<\/p><\/p>\n","protected":false},"excerpt":{"rendered":"<p> AK Parti Genel Merkez Sivil Toplum ve Halkla \u0130li\u015fkiler Ba\u015fkan Yard\u0131mc\u0131s\u0131, TBMM Plan ve B\u00fct\u00e7e Komisyonu \u00dcyesi ve 28. D\u00f6nem Ad\u0131yaman Milletvekili Do\u00e7. Dr. Resul Kurt, Ad\u0131yaman\u2019\u0131n Gerger il\u00e7esi ve Kahta\u2019ya ba\u011fl\u0131 Narince b\u00f6lgesinde \u00e7e\u015fitli ziyaretlerde bulundu.<\/p>\n","protected":false},"author":1,"featured_media":17900,"comment_status":"open","ping_status":"open","sticky":false,"template":"","format":"standard","meta":{"om_disable_all_campaigns":false,"_monsterinsights_skip_tracking":false,"_monsterinsights_sitenote_active":false,"_monsterinsights_sitenote_note":"","_monsterinsights_sitenote_category":0,"footnotes":""},"categories":[1,11],"tags":[545,1644,535,1036,722],"aioseo_notices":[],"_links":{"self":[{"href":"https:\/\/www.hbrkahta.com\/index.php\/wp-json\/wp\/v2\/posts\/17899"}],"collection":[{"href":"https:\/\/www.hbrkahta.com\/index.php\/wp-json\/wp\/v2\/posts"}],"about":[{"href":"https:\/\/www.hbrkahta.com\/index.php\/wp-json\/wp\/v2\/types\/post"}],"author":[{"embeddable":true,"href":"https:\/\/www.hbrkahta.com\/index.php\/wp-json\/wp\/v2\/users\/1"}],"replies":[{"embeddable":true,"href":"https:\/\/www.hbrkahta.com\/index.php\/wp-json\/wp\/v2\/comments?post=17899"}],"version-history":[{"count":1,"href":"https:\/\/www.hbrkahta.com\/index.php\/wp-json\/wp\/v2\/posts\/17899\/revisions"}],"predecessor-version":[{"id":17901,"href":"https:\/\/www.hbrkahta.com\/index.php\/wp-json\/wp\/v2\/posts\/17899\/revisions\/17901"}],"wp:featuredmedia":[{"embeddable":true,"href":"https:\/\/www.hbrkahta.com\/index.php\/wp-json\/wp\/v2\/media\/17900"}],"wp:attachment":[{"href":"https:\/\/www.hbrkahta.com\/index.php\/wp-json\/wp\/v2\/media?parent=17899"}],"wp:term":[{"taxonomy":"category","embeddable":true,"href":"https:\/\/www.hbrkahta.com\/index.php\/wp-json\/wp\/v2\/categories?post=17899"},{"taxonomy":"post_tag","embeddable":true,"href":"https:\/\/www.hbrkahta.com\/index.php\/wp-json\/wp\/v2\/tags?post=17899"}],"curies":[{"name":"wp","href":"https:\/\/api.w.org\/{rel}","templated":true}]}}