{"id":17866,"date":"2025-09-14T16:36:04","date_gmt":"2025-09-14T13:36:04","guid":{"rendered":"https:\/\/www.hbrkahta.com\/?p=17866"},"modified":"2025-09-14T16:36:04","modified_gmt":"2025-09-14T13:36:04","slug":"sincikte-ptt-gorevlisine-cirkin-saldiri","status":"publish","type":"post","link":"https:\/\/www.hbrkahta.com\/index.php\/2025\/09\/14\/sincikte-ptt-gorevlisine-cirkin-saldiri\/","title":{"rendered":"Sincik\u2019te PTT g\u00f6revlisine \u00e7irkin sald\u0131r\u0131"},"content":{"rendered":"<p>Olay, kamu \u00e7al\u0131\u015fanlar\u0131na y\u00f6nelik \u015fiddet konusunda endi\u015fe yarat\u0131rken, Birlik Haber Sen Ad\u0131yaman \u0130l Ba\u015fkan\u0131 Zahit Orman taraf\u0131ndan sert bir a\u00e7\u0131klamayla k\u0131nand\u0131.<\/p>\n<p>Ad\u0131yaman PTT Ba\u015fm\u00fcd\u00fcrl\u00fc\u011f\u00fc\u2019ne ba\u011fl\u0131 Sincik PTT \u015eubesi\u2019nde g\u00f6revli olan Alt\u0131ntel\u2019in sald\u0131r\u0131ya u\u011framas\u0131n\u0131n ard\u0131ndan, sendika yetkilileri olay\u0131n takip\u00e7isi olacaklar\u0131n\u0131 belirtti. \u0130l Ba\u015fkan\u0131 Zahit Orman, olay sonras\u0131 Alt\u0131ntel\u2019i evinde ziyaret ederek ge\u00e7mi\u015f olsun dileklerini iletti.<br \/>\n<img decoding=\"async\" alt=\"\" src=\"https:\/\/www.hbrkahta.com\/wp-content\/uploads\/2025\/09\/sincikte-ptt-gorevlisine-cirkin-saldiri-0-qWeVIhap.jpg\"><\/p>\n<p>Orman, yapt\u0131\u011f\u0131 a\u00e7\u0131klamada \u015fu ifadelere yer verdi:<\/p>\n<p>&ldquo;Faillerin en a\u011f\u0131r \u015fekilde cezaland\u0131r\u0131lmas\u0131 i\u00e7in t\u00fcm hukuki s\u00fcre\u00e7leri ba\u015flataca\u011f\u0131z. Kamu hizmeti sunan emek\u00e7ilerimize y\u00f6nelik bu t\u00fcr sald\u0131r\u0131lar asla kabul edilemez. Halit Alt\u0131ntel\u2019e ge\u00e7mi\u015f olsun dileklerimizi iletiyor, sald\u0131r\u0131y\u0131 nefretle k\u0131n\u0131yoruz.&rdquo;<\/p>\n<p>Alt\u0131ntel\u2019in genel sa\u011fl\u0131k durumunun iyi oldu\u011fu, darp raporu ald\u0131\u011f\u0131 ve olayla ilgili adli s\u00fcrecin ba\u015flat\u0131ld\u0131\u011f\u0131 bildirildi. Sendika yetkilileri, benzer olaylar\u0131n ya\u015fanmamas\u0131 ad\u0131na gerekli \u00f6nlemlerin al\u0131nmas\u0131 \u00e7a\u011fr\u0131s\u0131nda bulundu.<\/p><\/p>\n","protected":false},"excerpt":{"rendered":"<p> Ad\u0131yaman\u2019\u0131n Sincik il\u00e7esinde g\u00f6rev yapan PTT \u00e7al\u0131\u015fan\u0131 Halit Alt\u0131ntel, k\u00f6y da\u011f\u0131t\u0131m\u0131 s\u0131ras\u0131nda \u00f6nce s\u00f6zl\u00fc, ard\u0131ndan fiili sald\u0131r\u0131ya u\u011frayarak darp edildi.<\/p>\n","protected":false},"author":1,"featured_media":17867,"comment_status":"open","ping_status":"open","sticky":false,"template":"","format":"standard","meta":{"om_disable_all_campaigns":false,"_monsterinsights_skip_tracking":false,"_monsterinsights_sitenote_active":false,"_monsterinsights_sitenote_note":"","_monsterinsights_sitenote_category":0,"footnotes":""},"categories":[1,11],"tags":[535,560],"aioseo_notices":[],"_links":{"self":[{"href":"https:\/\/www.hbrkahta.com\/index.php\/wp-json\/wp\/v2\/posts\/17866"}],"collection":[{"href":"https:\/\/www.hbrkahta.com\/index.php\/wp-json\/wp\/v2\/posts"}],"about":[{"href":"https:\/\/www.hbrkahta.com\/index.php\/wp-json\/wp\/v2\/types\/post"}],"author":[{"embeddable":true,"href":"https:\/\/www.hbrkahta.com\/index.php\/wp-json\/wp\/v2\/users\/1"}],"replies":[{"embeddable":true,"href":"https:\/\/www.hbrkahta.com\/index.php\/wp-json\/wp\/v2\/comments?post=17866"}],"version-history":[{"count":1,"href":"https:\/\/www.hbrkahta.com\/index.php\/wp-json\/wp\/v2\/posts\/17866\/revisions"}],"predecessor-version":[{"id":17869,"href":"https:\/\/www.hbrkahta.com\/index.php\/wp-json\/wp\/v2\/posts\/17866\/revisions\/17869"}],"wp:featuredmedia":[{"embeddable":true,"href":"https:\/\/www.hbrkahta.com\/index.php\/wp-json\/wp\/v2\/media\/17867"}],"wp:attachment":[{"href":"https:\/\/www.hbrkahta.com\/index.php\/wp-json\/wp\/v2\/media?parent=17866"}],"wp:term":[{"taxonomy":"category","embeddable":true,"href":"https:\/\/www.hbrkahta.com\/index.php\/wp-json\/wp\/v2\/categories?post=17866"},{"taxonomy":"post_tag","embeddable":true,"href":"https:\/\/www.hbrkahta.com\/index.php\/wp-json\/wp\/v2\/tags?post=17866"}],"curies":[{"name":"wp","href":"https:\/\/api.w.org\/{rel}","templated":true}]}}