{"id":17854,"date":"2025-09-13T17:48:04","date_gmt":"2025-09-13T14:48:04","guid":{"rendered":"https:\/\/www.hbrkahta.com\/?p=17854"},"modified":"2025-09-13T17:48:04","modified_gmt":"2025-09-13T14:48:04","slug":"egricay-koprusu-ihalesi-onumuzdeki-carsamba-yapilacak","status":"publish","type":"post","link":"https:\/\/www.hbrkahta.com\/index.php\/2025\/09\/13\/egricay-koprusu-ihalesi-onumuzdeki-carsamba-yapilacak\/","title":{"rendered":"E\u011fri\u00e7ay K\u00f6pr\u00fcs\u00fc \u0130halesi \u00d6n\u00fcm\u00fczdeki \u00c7ar\u015famba Yap\u0131lacak"},"content":{"rendered":"<p>Hayati Proje \u0130\u00e7in Geri Say\u0131m Ba\u015flad\u0131<\/p>\n<p>Ad\u0131yaman\u2019\u0131n en \u00f6nemli ula\u015f\u0131m noktalar\u0131ndan biri olan E\u011fri\u00e7ay K\u00f6pr\u00fcs\u00fc, dar ve y\u0131pranm\u0131\u015f yap\u0131s\u0131 nedeniyle y\u0131llard\u0131r vatanda\u015flar\u0131n tepkisine neden oluyordu. Projenin tamamlanmas\u0131yla birlikte b\u00f6lge ula\u015f\u0131m\u0131n\u0131n g\u00fcvenli ve kesintisiz hale gelmesi bekleniyor.<\/p>\n<p>Milletvekili \u00d6zhan, k\u00f6pr\u00fc ihalesinin ard\u0131ndan \u00e7al\u0131\u015fmalar\u0131n h\u0131zla ba\u015flayaca\u011f\u0131n\u0131 belirterek, &ldquo;Projenin y\u0131l sonuna kadar tamamlanmas\u0131 hedefleniyor&rdquo; dedi. \u00d6zhan\u2019\u0131n a\u00e7\u0131klamas\u0131, s\u00fcrecin planlanan takvim dahilinde y\u00fcr\u00fct\u00fclece\u011fine ancak kal\u0131c\u0131 ve g\u00fcvenli bir \u00e7\u00f6z\u00fcm i\u00e7in gerekli s\u00fcrenin de kullan\u0131laca\u011f\u0131na i\u015faret ediyor.<\/p>\n<p>\u00d6zhan: &#8216;Ad\u0131yamanl\u0131lar Her \u015eeyin En \u0130yisine Lay\u0131k&#8217;<\/p>\n<p>Konuya ili\u015fkin de\u011ferlendirmelerde bulunan Milletvekili H\u00fcseyin \u00d6zhan, Ad\u0131yaman halk\u0131n\u0131n beklentilerini kar\u015f\u0131lamaya y\u00f6nelik projeleri hayata ge\u00e7irmeye devam edeceklerini vurgulad\u0131. \u00d6zhan, \u015funlar\u0131 s\u00f6yledi:<\/p>\n<p>&ldquo;Vatanda\u015flar\u0131m\u0131z\u0131n huzurlu, g\u00fcvenli ve ya\u015fam standartlar\u0131n\u0131n y\u00fcksek oldu\u011fu bir Ad\u0131yaman\u2019da ya\u015famas\u0131 i\u00e7in gayret g\u00f6stermeye devam ediyoruz. Ad\u0131yamanl\u0131lar her \u015feyin en iyisine lay\u0131k. Bizler de bu anlay\u0131\u015fla \u00e7al\u0131\u015f\u0131yoruz. Sorun g\u00f6rd\u00fc\u011f\u00fcm\u00fcz alanlar\u0131 titizlikle takip ederek, vatanda\u015f\u0131m\u0131z\u0131n can ve mal g\u00fcvenli\u011fini \u00f6n planda tutarak \u00e7\u00f6z\u00fcme kavu\u015fturmaya devam ediyoruz.&rdquo;<\/p>\n<p>Kazalar\u0131n Oda\u011f\u0131ndaki K\u00f6pr\u00fc Art\u0131k G\u00fcvenli Olacak<\/p>\n<p>E\u011fri\u00e7ay K\u00f6pr\u00fcs\u00fc, yap\u0131sal durumu ve dar yap\u0131s\u0131 nedeniyle uzun y\u0131llard\u0131r b\u00f6lge halk\u0131n\u0131n k&acirc;busu olmu\u015f, bir\u00e7ok \u00f6l\u00fcml\u00fc ve yaralanmal\u0131 trafik kazas\u0131n\u0131n merkezinde yer alm\u0131\u015ft\u0131. Vatanda\u015flar ve sivil toplum kurulu\u015flar\u0131, k\u00f6pr\u00fcn\u00fcn acilen yenilenmesi y\u00f6n\u00fcnde \u00e7a\u011fr\u0131lar yap\u0131yordu.<\/p>\n<p>Bu ihale ile birlikte, s\u00f6z konusu risklerin ortadan kalkaca\u011f\u0131 ve b\u00f6lge ula\u015f\u0131m\u0131nda g\u00fcvenli, modern ve kesintisiz bir eri\u015fim sa\u011flanaca\u011f\u0131 \u00f6ng\u00f6r\u00fcl\u00fcyor. Projenin tamamlanmas\u0131yla hem can g\u00fcvenli\u011fi sa\u011flanacak hem de b\u00f6lge ekonomisi ve ula\u015f\u0131m a\u011f\u0131 i\u00e7in \u00f6nemli bir engel ortadan kalkm\u0131\u015f olacak.<\/p><\/p>\n","protected":false},"excerpt":{"rendered":"<p> \u015eeriban \u00d6Z\u00c7AKMAK &#8211; AK Parti Ad\u0131yaman Milletvekili H\u00fcseyin \u00d6zhan, uzun y\u0131llard\u0131r can g\u00fcvenli\u011fini tehdit eden ve s\u0131k s\u0131k \u00f6l\u00fcml\u00fc ile yaralanmal\u0131 trafik kazalar\u0131na neden olan E\u011fri\u00e7ay K\u00f6pr\u00fcs\u00fc\u2019n\u00fcn yenilenmesi i\u00e7in ihale s\u00fcrecinin \u00f6n\u00fcm\u00fczdeki \u00c7ar\u015famba g\u00fcn\u00fc yap\u0131laca\u011f\u0131n\u0131 duyurdu.<\/p>\n","protected":false},"author":1,"featured_media":17855,"comment_status":"open","ping_status":"open","sticky":false,"template":"","format":"standard","meta":{"om_disable_all_campaigns":false,"_monsterinsights_skip_tracking":false,"_monsterinsights_sitenote_active":false,"_monsterinsights_sitenote_note":"","_monsterinsights_sitenote_category":0,"footnotes":""},"categories":[1,11],"tags":[540,1167,1793,201],"aioseo_notices":[],"_links":{"self":[{"href":"https:\/\/www.hbrkahta.com\/index.php\/wp-json\/wp\/v2\/posts\/17854"}],"collection":[{"href":"https:\/\/www.hbrkahta.com\/index.php\/wp-json\/wp\/v2\/posts"}],"about":[{"href":"https:\/\/www.hbrkahta.com\/index.php\/wp-json\/wp\/v2\/types\/post"}],"author":[{"embeddable":true,"href":"https:\/\/www.hbrkahta.com\/index.php\/wp-json\/wp\/v2\/users\/1"}],"replies":[{"embeddable":true,"href":"https:\/\/www.hbrkahta.com\/index.php\/wp-json\/wp\/v2\/comments?post=17854"}],"version-history":[{"count":1,"href":"https:\/\/www.hbrkahta.com\/index.php\/wp-json\/wp\/v2\/posts\/17854\/revisions"}],"predecessor-version":[{"id":17856,"href":"https:\/\/www.hbrkahta.com\/index.php\/wp-json\/wp\/v2\/posts\/17854\/revisions\/17856"}],"wp:featuredmedia":[{"embeddable":true,"href":"https:\/\/www.hbrkahta.com\/index.php\/wp-json\/wp\/v2\/media\/17855"}],"wp:attachment":[{"href":"https:\/\/www.hbrkahta.com\/index.php\/wp-json\/wp\/v2\/media?parent=17854"}],"wp:term":[{"taxonomy":"category","embeddable":true,"href":"https:\/\/www.hbrkahta.com\/index.php\/wp-json\/wp\/v2\/categories?post=17854"},{"taxonomy":"post_tag","embeddable":true,"href":"https:\/\/www.hbrkahta.com\/index.php\/wp-json\/wp\/v2\/tags?post=17854"}],"curies":[{"name":"wp","href":"https:\/\/api.w.org\/{rel}","templated":true}]}}