{"id":17827,"date":"2025-09-12T18:12:05","date_gmt":"2025-09-12T15:12:05","guid":{"rendered":"https:\/\/www.hbrkahta.com\/?p=17827"},"modified":"2025-09-12T18:12:05","modified_gmt":"2025-09-12T15:12:05","slug":"12-dev-adamin-yari-final-heyecani-adiyamanda-dev-ekranda","status":"publish","type":"post","link":"https:\/\/www.hbrkahta.com\/index.php\/2025\/09\/12\/12-dev-adamin-yari-final-heyecani-adiyamanda-dev-ekranda\/","title":{"rendered":"12 Dev Adam\u2019\u0131n Yar\u0131 Final heyecan\u0131 Ad\u0131yaman\u2019da dev ekranda"},"content":{"rendered":"<p>Ad\u0131yaman Belediyesi, sporseverleri FIBA EuroBasket 2025 yar\u0131 final heyecan\u0131nda bir araya getiriyor. Avrupa basketbolunun en prestijli organizasyonlar\u0131ndan biri olan FIBA EuroBasket\u2019te yar\u0131 finale y\u00fckselen A Milli Erkek Basketbol Tak\u0131m\u0131, final yolunda Yunanistan kar\u015f\u0131s\u0131na \u00e7\u0131kacak. 12 Dev Adam\u2019\u0131n bu \u00f6nemli m\u00fccadelesi, Ad\u0131yaman\u2019da da b\u00fcy\u00fck bir co\u015fkuyla takip edilecek. Vatanda\u015flar, aileleri ve arkada\u015flar\u0131yla birlikte dev ekran kar\u015f\u0131s\u0131nda milli heyecana ortak olacak.<\/p>\n<p>Ad\u0131yaman Belediyesi taraf\u0131ndan yap\u0131lan a\u00e7\u0131klamada, &ldquo;FIBA EuroBasket 2025 yar\u0131 final co\u015fkusunu Ad\u0131yaman\u2019da hep birlikte ya\u015f\u0131yoruz. 12 Eyl\u00fcl Cuma g\u00fcn\u00fc saat 21.00\u2019de E\u011fri\u00e7ay Park\u0131\u2019nda T\u00fcrkiye&ndash;Yunanistan ma\u00e7\u0131n\u0131 dev ekranda birlikte izleyelim, Ad\u0131yaman\u2019dan milli tak\u0131m\u0131za destek olal\u0131m. T\u00fcm hem\u015fehrilerimizi bu heyecana ortak olmaya davet ediyoruz&rdquo; ifadeleri kullan\u0131ld\u0131.<\/p><\/p>\n","protected":false},"excerpt":{"rendered":"<p> \u015eeriban \u00d6Z\u00c7AKMAK \u2013 T\u00fcrkiye ile Yunanistan aras\u0131nda oynanacak kritik kar\u015f\u0131la\u015fma, 12 Eyl\u00fcl Cuma g\u00fcn\u00fc saat 21.00\u2019de Ad\u0131yaman&#8217;da E\u011fri\u00e7ay Park\u0131\u2019na kurulacak dev ekranda canl\u0131 olarak yay\u0131nlanacak.<\/p>\n","protected":false},"author":1,"featured_media":17828,"comment_status":"open","ping_status":"open","sticky":false,"template":"","format":"standard","meta":{"om_disable_all_campaigns":false,"_monsterinsights_skip_tracking":false,"_monsterinsights_sitenote_active":false,"_monsterinsights_sitenote_note":"","_monsterinsights_sitenote_category":0,"footnotes":""},"categories":[1,11,14],"tags":[540],"aioseo_notices":[],"_links":{"self":[{"href":"https:\/\/www.hbrkahta.com\/index.php\/wp-json\/wp\/v2\/posts\/17827"}],"collection":[{"href":"https:\/\/www.hbrkahta.com\/index.php\/wp-json\/wp\/v2\/posts"}],"about":[{"href":"https:\/\/www.hbrkahta.com\/index.php\/wp-json\/wp\/v2\/types\/post"}],"author":[{"embeddable":true,"href":"https:\/\/www.hbrkahta.com\/index.php\/wp-json\/wp\/v2\/users\/1"}],"replies":[{"embeddable":true,"href":"https:\/\/www.hbrkahta.com\/index.php\/wp-json\/wp\/v2\/comments?post=17827"}],"version-history":[{"count":1,"href":"https:\/\/www.hbrkahta.com\/index.php\/wp-json\/wp\/v2\/posts\/17827\/revisions"}],"predecessor-version":[{"id":17829,"href":"https:\/\/www.hbrkahta.com\/index.php\/wp-json\/wp\/v2\/posts\/17827\/revisions\/17829"}],"wp:featuredmedia":[{"embeddable":true,"href":"https:\/\/www.hbrkahta.com\/index.php\/wp-json\/wp\/v2\/media\/17828"}],"wp:attachment":[{"href":"https:\/\/www.hbrkahta.com\/index.php\/wp-json\/wp\/v2\/media?parent=17827"}],"wp:term":[{"taxonomy":"category","embeddable":true,"href":"https:\/\/www.hbrkahta.com\/index.php\/wp-json\/wp\/v2\/categories?post=17827"},{"taxonomy":"post_tag","embeddable":true,"href":"https:\/\/www.hbrkahta.com\/index.php\/wp-json\/wp\/v2\/tags?post=17827"}],"curies":[{"name":"wp","href":"https:\/\/api.w.org\/{rel}","templated":true}]}}