{"id":17824,"date":"2025-09-12T17:12:04","date_gmt":"2025-09-12T14:12:04","guid":{"rendered":"https:\/\/www.hbrkahta.com\/?p=17824"},"modified":"2025-09-12T17:12:04","modified_gmt":"2025-09-12T14:12:04","slug":"dem-parti-adiyaman-il-es-baskani-mehmet-bayir-12-eylul-zihniyetini-ortadan-kaldirma-mucadelemiz-suruyor","status":"publish","type":"post","link":"https:\/\/www.hbrkahta.com\/index.php\/2025\/09\/12\/dem-parti-adiyaman-il-es-baskani-mehmet-bayir-12-eylul-zihniyetini-ortadan-kaldirma-mucadelemiz-suruyor\/","title":{"rendered":"DEM Parti Ad\u0131yaman \u0130l E\u015f Ba\u015fkan\u0131 Mehmet Bay\u0131r: \u201812 Eyl\u00fcl zihniyetini ortadan kald\u0131rma m\u00fccadelemiz s\u00fcr\u00fcyor\u2019"},"content":{"rendered":"<p>12 Eyl\u00fcl Askeri Darbesi&#8217;ne ili\u015fkin a\u00e7\u0131klamalarda bulunan DEM Parti Ad\u0131yaman \u0130l E\u015f Ba\u015fkan\u0131 Mehmet Bay\u0131r, &ldquo;12 Eyl\u00fcl zihniyetini ortadan kald\u0131rma ve demokratik bir \u00fclke yaratma m\u00fccadelemiz o g\u00fcnden bug\u00fcne kesintisiz olarak s\u00fcr\u00fcyor&rdquo; ifadelerini kulland\u0131.<\/p>\n<p>Ba\u015fkan Bay\u0131r, yapt\u0131\u011f\u0131 a\u00e7\u0131klamada \u015fu ifadelere yer verdi:<\/p>\n<p>&ldquo;12 Eyl\u00fcl Askeri Darbesi\u2019nin \u00fczerinden 45 Y\u0131l ge\u00e7ti. Darbenin 45. y\u0131l\u0131nda darbeyi ger\u00e7ekle\u015ftiren ve destekleyenleri, halklar\u0131m\u0131za zulm\u00fc ve hukuksuzlu\u011fu reva g\u00f6renleri bir kez daha lanetliyoruz. 12 Eyl\u00fcl zulm\u00fcne u\u011frayan ve ya\u015fam\u0131n\u0131 yitiren insanlar\u0131m\u0131z\u0131 ise sayg\u0131yla an\u0131yoruz.<\/p>\n<p>12 Eyl\u00fcl zihniyetini ortadan kald\u0131rma ve demokratik bir \u00fclke yaratma m\u00fccadelemiz o g\u00fcnden bug\u00fcne kesintisiz olarak s\u00fcr\u00fcyor. Bug\u00fcn de demokrasi, e\u015fitlik, adalet ve \u00f6zg\u00fcrl\u00fck m\u00fccadelesi g\u00fcncelli\u011fini koruyor. Siyasi yasaklar ve bask\u0131lar, grev yasaklar\u0131 siyasi tutuklamalar, cezaevlerinde ya\u015fanan k\u00f6t\u00fc muameleler, kayy\u0131mlar, farkl\u0131l\u0131\u011f\u0131 yok sayan tek\u00e7i zihniyet icraatlar\u0131 maalesef hala \u00fclke g\u00fcndeminde yerini al\u0131yor.<\/p>\n<p>Bar\u0131\u015f ve demokratik toplumun, demokratik Cumhuriyet\u2019in in\u015fas\u0131n\u0131, demokratik hukuk ve siyasetin g\u00fc\u00e7lendirilmesini konu\u015ftu\u011fumuz bu s\u00fcre\u00e7te; \u00fclkede ya\u015fayan insanlar\u0131n farkl\u0131 dil, k\u00fclt\u00fcr, kimlik ve inan\u00e7lara sahip oldu\u011fu ve bunun bir zenginlik yaratt\u0131\u011f\u0131 t\u00fcm kesimler taraf\u0131ndan art\u0131k kabul edilmelidir. Demokrasiyle bar\u0131\u015f\u0131n, toplumsal bar\u0131\u015f ile demokratik siyasetin birbirinden ayr\u0131lmaz oldu\u011fu a\u00e7\u0131kt\u0131r.<\/p>\n<p>DEM Parti olarak, askeri ve siyasi darbelerinin kar\u015f\u0131s\u0131nda olduk ve olmaya da devam edece\u011fiz. 45 y\u0131l sonra, darbe y\u00f6netiminin haz\u0131rlad\u0131\u011f\u0131 anayasadan kurtulma ihtiyac\u0131na ve gereklili\u011fine bir kez daha vurgu yap\u0131yoruz. Farkl\u0131l\u0131klar\u0131m\u0131z zenginli\u011fimizdir ve bu farkl\u0131l\u0131klar\u0131 anayasal ve g\u00fcvence alt\u0131na alan demokratik, e\u015fitlik\u00e7i, \u00f6zg\u00fcrl\u00fck\u00e7\u00fc ve ekolojik bir anayasayla 12 Eyl\u00fcl Askeri Darbesi\u2019nin t\u00fcm izlerini silebiliriz.&rdquo;<\/p><\/p>\n","protected":false},"excerpt":{"rendered":"<p> Murat KAYI\u015e \u2013 DEM Parti Ad\u0131yaman \u0130l E\u015f Ba\u015fkan\u0131 Mehmet Bay\u0131r, 12 Eyl\u00fcl Askeri Darbesi&#8217;nin 45&#8217;nci y\u0131ld\u00f6n\u00fcm\u00fc dolay\u0131s\u0131yla bas\u0131n a\u00e7\u0131klamas\u0131 yapt\u0131. Ba\u015fkan Bay\u0131r, \u201cDarbenin 45. y\u0131l\u0131nda darbeyi ger\u00e7ekle\u015ftiren ve destekleyenleri, halklar\u0131m\u0131za zulm\u00fc ve hukuksuzlu\u011fu reva g\u00f6renleri bir kez daha lanetliyoruz\u201d dedi.<\/p>\n","protected":false},"author":1,"featured_media":17825,"comment_status":"open","ping_status":"open","sticky":false,"template":"","format":"standard","meta":{"om_disable_all_campaigns":false,"_monsterinsights_skip_tracking":false,"_monsterinsights_sitenote_active":false,"_monsterinsights_sitenote_note":"","_monsterinsights_sitenote_category":0,"footnotes":""},"categories":[1,11],"tags":[2682,540,569,568],"aioseo_notices":[],"_links":{"self":[{"href":"https:\/\/www.hbrkahta.com\/index.php\/wp-json\/wp\/v2\/posts\/17824"}],"collection":[{"href":"https:\/\/www.hbrkahta.com\/index.php\/wp-json\/wp\/v2\/posts"}],"about":[{"href":"https:\/\/www.hbrkahta.com\/index.php\/wp-json\/wp\/v2\/types\/post"}],"author":[{"embeddable":true,"href":"https:\/\/www.hbrkahta.com\/index.php\/wp-json\/wp\/v2\/users\/1"}],"replies":[{"embeddable":true,"href":"https:\/\/www.hbrkahta.com\/index.php\/wp-json\/wp\/v2\/comments?post=17824"}],"version-history":[{"count":1,"href":"https:\/\/www.hbrkahta.com\/index.php\/wp-json\/wp\/v2\/posts\/17824\/revisions"}],"predecessor-version":[{"id":17826,"href":"https:\/\/www.hbrkahta.com\/index.php\/wp-json\/wp\/v2\/posts\/17824\/revisions\/17826"}],"wp:featuredmedia":[{"embeddable":true,"href":"https:\/\/www.hbrkahta.com\/index.php\/wp-json\/wp\/v2\/media\/17825"}],"wp:attachment":[{"href":"https:\/\/www.hbrkahta.com\/index.php\/wp-json\/wp\/v2\/media?parent=17824"}],"wp:term":[{"taxonomy":"category","embeddable":true,"href":"https:\/\/www.hbrkahta.com\/index.php\/wp-json\/wp\/v2\/categories?post=17824"},{"taxonomy":"post_tag","embeddable":true,"href":"https:\/\/www.hbrkahta.com\/index.php\/wp-json\/wp\/v2\/tags?post=17824"}],"curies":[{"name":"wp","href":"https:\/\/api.w.org\/{rel}","templated":true}]}}