{"id":17821,"date":"2025-09-12T16:12:04","date_gmt":"2025-09-12T13:12:04","guid":{"rendered":"https:\/\/www.hbrkahta.com\/?p=17821"},"modified":"2025-09-12T16:12:04","modified_gmt":"2025-09-12T13:12:04","slug":"egitim-sen-adiyaman-subesinden-12-eylul-mesaji-askeri-darbelere-karsi-her-turlu-mucadeleyi-yurutecegiz","status":"publish","type":"post","link":"https:\/\/www.hbrkahta.com\/index.php\/2025\/09\/12\/egitim-sen-adiyaman-subesinden-12-eylul-mesaji-askeri-darbelere-karsi-her-turlu-mucadeleyi-yurutecegiz\/","title":{"rendered":"E\u011fitim-Sen Ad\u0131yaman \u015eubesi\u2019nden 12 Eyl\u00fcl mesaj\u0131: \u2018Askeri darbelere kar\u015f\u0131 her t\u00fcrl\u00fc m\u00fccadeleyi y\u00fcr\u00fctece\u011fiz\u2019"},"content":{"rendered":"<p>12 Eyl\u00fcl askeri darbesinin 45. y\u0131l d\u00f6n\u00fcm\u00fc dolay\u0131s\u0131yla a\u00e7\u0131klama yapan E\u011fitim-Sen Ad\u0131yaman \u015eube Ba\u015fkan\u0131 Zeynal Polat, t\u00fcm insanlar\u0131n e\u015fit yurtta\u015fl\u0131k temelinde bulu\u015ftu\u011fu yeni bir \u00fclke yaratma m\u00fccadelelerini kararl\u0131l\u0131kla s\u00fcrd\u00fcrd\u00fcklerinin alt\u0131n\u0131 \u00e7izdi.<\/p>\n<p>Ba\u015fkan Polat a\u00e7\u0131klamas\u0131nda \u015fu ifadeleri kaydetti:<\/p>\n<p>&ldquo;Demokrasi ve bar\u0131\u015f m\u00fccadelemizi y\u00fckseltmeye devam edece\u011fiz&rdquo;<\/p>\n<p>&ldquo;Bug\u00fcn 12 Eyl\u00fcl fa\u015fist askeri cunta darbesinin 45. y\u0131l d\u00f6n\u00fcm\u00fc. KESK olarak bir kez daha darbeleri lanetledi\u011fimizi, darbelere kar\u015f\u0131 oldu\u011fumuzu g\u00fcr sesle dile getiriyoruz. 12 Eyl\u00fcl\u2019\u00fcn izinden gidenlere kar\u015f\u0131 demokrasiyi, bar\u0131\u015f\u0131, laikli\u011fi ve eme\u011fin haklar\u0131n\u0131 kazanman\u0131n yolunun emek ve demokrasi g\u00fc\u00e7lerinin birlikteli\u011finden ve ortak m\u00fccadelesinden ge\u00e7mekte oldu\u011funu biliyorum. KESK olarak eme\u011fi, temel hak ve \u00f6zg\u00fcrl\u00fckleri, demokrasiyi, bar\u0131\u015f\u0131 ve laikli\u011fi hedef alan sald\u0131r\u0131lara kar\u015f\u0131, emek, demokrasi ve bar\u0131\u015f m\u00fccadelemizi y\u00fckseltmeye devam edece\u011fiz.<\/p>\n<p>T\u00fcm insanlar\u0131m\u0131z\u0131n e\u015fit yurtta\u015fl\u0131k temelinde bulu\u015ftu\u011fu; bar\u0131\u015f\u0131n, karde\u015fli\u011fin, demokrasinin, adaletin, temel hak ve \u00f6zg\u00fcrl\u00fcklerinin, sendikal hak ve \u00f6zg\u00fcrl\u00fcklerinin \u00f6n\u00fcn\u00fcn a\u00e7\u0131ld\u0131\u011f\u0131; hi\u00e7 kimsenin g\u00fcnd\u00fczleri i\u015fsiz kalmad\u0131\u011f\u0131, geceleri yata\u011fa a\u00e7 girmedi\u011fi yeni bir \u00fclke yaratma m\u00fccadelemizi kararl\u0131l\u0131kla s\u00fcrd\u00fcr\u00fcyoruz.<\/p>\n<p>&ldquo;12 Eyl\u00fcl fa\u015fist cuntas\u0131n\u0131 lanetliyoruz&rdquo;<\/p>\n<p>1982 Anayasas\u0131\u2019na kar\u015f\u0131, yeni demokrasiyi, insan haklar\u0131n\u0131, bar\u0131\u015f\u0131, birlikte ya\u015fama k\u00fclt\u00fcr\u00fcn\u00fc temel alan yeni bir toplumsal s\u00f6zle\u015fme talebimizi bir daha buradan bir g\u00fcr sesle dile getiriyor, askeri darbelere kar\u015f\u0131 her t\u00fcrl\u00fc m\u00fccadeleyi y\u00fcr\u00fctece\u011fimizi, darbeleri lanetledi\u011fimizi, 12 Eyl\u00fcl fa\u015fist cuntas\u0131n\u0131 bir daha lanetledi\u011fimizi belirtmek isterim.&rdquo;<\/p><\/p>\n","protected":false},"excerpt":{"rendered":"<p> Murat Kay\u0131\u015f &#8211; \u015eeriban \u00d6Z\u00c7AKMAK \u2013 E\u011fitim-Sen Ad\u0131yaman \u015eube Ba\u015fkan\u0131 Zeynal Polat, 12 Eyl\u00fcl askeri darbesine ili\u015fkin bas\u0131n a\u00e7\u0131klamas\u0131 yapt\u0131. Ba\u015fkan Polat, 12 Eyl\u00fcl\u2019\u00fcn izinden gidenlere kar\u015f\u0131, emek ve demokrasi g\u00fc\u00e7lerinin birlikteli\u011fi ve ortak m\u00fccadelesinin \u00f6nemine vurgu yapt\u0131.<\/p>\n","protected":false},"author":1,"featured_media":17822,"comment_status":"open","ping_status":"open","sticky":false,"template":"","format":"standard","meta":{"om_disable_all_campaigns":false,"_monsterinsights_skip_tracking":false,"_monsterinsights_sitenote_active":false,"_monsterinsights_sitenote_note":"","_monsterinsights_sitenote_category":0,"footnotes":""},"categories":[1,11],"tags":[174,540,288,784,1663],"aioseo_notices":[],"_links":{"self":[{"href":"https:\/\/www.hbrkahta.com\/index.php\/wp-json\/wp\/v2\/posts\/17821"}],"collection":[{"href":"https:\/\/www.hbrkahta.com\/index.php\/wp-json\/wp\/v2\/posts"}],"about":[{"href":"https:\/\/www.hbrkahta.com\/index.php\/wp-json\/wp\/v2\/types\/post"}],"author":[{"embeddable":true,"href":"https:\/\/www.hbrkahta.com\/index.php\/wp-json\/wp\/v2\/users\/1"}],"replies":[{"embeddable":true,"href":"https:\/\/www.hbrkahta.com\/index.php\/wp-json\/wp\/v2\/comments?post=17821"}],"version-history":[{"count":1,"href":"https:\/\/www.hbrkahta.com\/index.php\/wp-json\/wp\/v2\/posts\/17821\/revisions"}],"predecessor-version":[{"id":17823,"href":"https:\/\/www.hbrkahta.com\/index.php\/wp-json\/wp\/v2\/posts\/17821\/revisions\/17823"}],"wp:featuredmedia":[{"embeddable":true,"href":"https:\/\/www.hbrkahta.com\/index.php\/wp-json\/wp\/v2\/media\/17822"}],"wp:attachment":[{"href":"https:\/\/www.hbrkahta.com\/index.php\/wp-json\/wp\/v2\/media?parent=17821"}],"wp:term":[{"taxonomy":"category","embeddable":true,"href":"https:\/\/www.hbrkahta.com\/index.php\/wp-json\/wp\/v2\/categories?post=17821"},{"taxonomy":"post_tag","embeddable":true,"href":"https:\/\/www.hbrkahta.com\/index.php\/wp-json\/wp\/v2\/tags?post=17821"}],"curies":[{"name":"wp","href":"https:\/\/api.w.org\/{rel}","templated":true}]}}