{"id":17818,"date":"2025-09-12T15:24:04","date_gmt":"2025-09-12T12:24:04","guid":{"rendered":"https:\/\/www.hbrkahta.com\/?p=17818"},"modified":"2025-09-12T15:24:04","modified_gmt":"2025-09-12T12:24:04","slug":"kaymakam-soysal-kahtanin-ortanca-koyundeki-calismalari-yerinde-inceledi","status":"publish","type":"post","link":"https:\/\/www.hbrkahta.com\/index.php\/2025\/09\/12\/kaymakam-soysal-kahtanin-ortanca-koyundeki-calismalari-yerinde-inceledi\/","title":{"rendered":"Kaymakam Soysal, Kahta\u2019n\u0131n Ortanca K\u00f6y\u00fc\u2019ndeki \u00e7al\u0131\u015fmalar\u0131 yerinde inceledi"},"content":{"rendered":"<p>Kahta Ortanca K\u00f6y\u00fc Muhtar\u0131 Kemal Tanr\u0131verdi ve k\u00f6y sakinleriyle birlikte k\u00f6y i\u00e7i kilitli parke d\u00f6\u015feme \u00e7al\u0131\u015fmalar\u0131n\u0131 yerinde inceleyen Kahta Kaymakam\u0131 Muhammed Usame Soysal de\u011ferlendirmede bulunarak, &ldquo;Ortanca k\u00f6y\u00fcm\u00fczde yap\u0131m\u0131 tamamlan\u0131p k\u00f6y sakinlerinin hizmetine sunulacak bu g\u00fczel \u00e7al\u0131\u015fman\u0131n vatanda\u015flar\u0131m\u0131za hay\u0131rl\u0131 olmas\u0131n\u0131 temenni ederim&rdquo; dedi.<\/p>\n<p>Kahta il\u00e7esindeki k\u00f6ylerde birlik ve beraberlik i\u00e7erisinde hizmet etmeye devam edeceklerini vurgulayan Soysal, &ldquo;\u0130l Genel Meclisi Ba\u015fkan\u0131m\u0131z Mehmet Can Erdo\u011fan ile birlikte Kahta il\u00e7emize ba\u011fl\u0131 Ortanca k\u00f6y\u00fcm\u00fczde yap\u0131m\u0131na devam edilen k\u00f6y i\u00e7i kilitli parke d\u00f6\u015feme \u00e7al\u0131\u015fmalar\u0131n\u0131 yerinde g\u00f6rmek ve k\u00f6y\u00fcm\u00fcz\u00fcn ihtiya\u00e7 ve taleplerini dinlemek \u00fczere muhtar\u0131m\u0131z ve k\u00f6y sakinlerimizi ziyaret ettik. Bizler Say\u0131n Valimiz Dr. Osman Varol\u2019un talimat ve destekleriyle, \u0130l Genel Meclis Ba\u015fkan\u0131m\u0131z ve Meclis \u00dcyelerimiz ile sa\u011flad\u0131\u011f\u0131m\u0131z isti\u015farelerle ve \u0130l \u00d6zel \u0130daremizin ba\u015fta Genel Sekreterimiz olmak \u00fczere t\u00fcm birimleriyle Kahta il\u00e7emizin k\u00f6ylerine birlik ve beraberlik i\u00e7erisinde hizmet etmeye ve her daim vatanda\u015flar\u0131m\u0131z\u0131n yan\u0131nda olmaya devam edece\u011fiz. Ortanca k\u00f6y\u00fcm\u00fczde yap\u0131m\u0131 tamamlan\u0131p k\u00f6y sakinlerinin hizmetine sunulacak bu g\u00fczel \u00e7al\u0131\u015fman\u0131n vatanda\u015flar\u0131m\u0131za hay\u0131rl\u0131 olmas\u0131n\u0131 temenni ederim&rdquo; ifadelerini kulland\u0131.<\/p>\n<p>\u0130l Genel Meclisi Ba\u015fkan\u0131 Mehmet Can Erdo\u011fan ise kilitli parke ta\u015f\u0131 \u00e7al\u0131\u015fmalar\u0131n\u0131n Ortanca K\u00f6y\u00fc sakinlerine hay\u0131rl\u0131 olmas\u0131n\u0131 temenni ederek, Kahta il\u00e7esinin k\u00f6ylerinde \u00f6nem arz eden hizmetlerin ivedilikle \u00e7\u00f6z\u00fcme kavu\u015fturulmas\u0131 ve eksiksiz hizmet vermenin gayretinde olduklar\u0131n\u0131n ifadesinde bulundu.<\/p>\n<p>Ba\u015fkan Mehmet Can Erdo\u011fan, &ldquo;Kaymakam\u0131m\u0131z Say\u0131n Muhammed \u00dcsame Soysal ile birlikte Kahta il\u00e7emizin b\u00fcy\u00fck ve merkeze en yak\u0131n k\u00f6ylerinden olan Ortanca k\u00f6y\u00fcm\u00fcz\u00fc ziyarette bulunduk. K\u00f6y muhtar\u0131m\u0131z ve k\u00f6y sakinlerimizle bir araya gelerek eksik kalan k\u00f6y i\u00e7i kilitli parke d\u00f6\u015femesi \u00e7al\u0131\u015fmalar\u0131n\u0131 yerinde inceleyerek k\u0131ymetli vatanda\u015flar\u0131m\u0131zla hasbihal ettik. Say\u0131n Cumhurba\u015fkan\u0131m\u0131z Recep Tayyip Erdo\u011fan\u2019\u0131n destek ve talimatlar\u0131yla k\u00f6ylerimize en modern hizmetleri ula\u015ft\u0131rmaya devam ediyoruz. 2025 y\u0131l\u0131 yat\u0131r\u0131m program\u0131 kapsam\u0131nda \u0130l \u00d6zel \u0130daresi ve K\u00f6ylere Hizmet G\u00f6t\u00fcrme Birli\u011fi arac\u0131l\u0131\u011f\u0131yla Kahta il\u00e7emize ba\u011fl\u0131 102 k\u00f6y ve 114 mezram\u0131za ve buralarda bulunan en uzak hanelere kadar hizmet g\u00f6t\u00fcrmenin gayretindeyiz. Say\u0131n Valimizle, Say\u0131n Milletvekillerimizle, Say\u0131n Kaymakamlar\u0131m\u0131zla, te\u015fkilatlar\u0131m\u0131z ve meclis \u00fcyelerimizle birlikte halk\u0131m\u0131z\u0131n taleplerini dinlemeye, isti\u015fare etmeye ve hizmet kalitesini art\u0131rmaya devam ediyoruz&rdquo; a\u00e7\u0131klamalar\u0131nda bulundu.<\/p>\n<p>Ortanca K\u00f6y\u00fc Muhtar\u0131 Kemal Tanr\u0131verdi ise &ldquo;Bizleri ziyaretleriyle onore eden Kaymakam\u0131m\u0131z Say\u0131n Muhammed \u00dcsame Soysal\u2019a, \u0130l Genel Meclisi Ba\u015fkan\u0131m\u0131z Say\u0131n Mehmet Can Erdo\u011fan\u2019a ve k\u00f6y\u00fcm\u00fcze sunulan bu g\u00fczel hizmette eme\u011fi ge\u00e7en herkese \u015fahs\u0131m ve k\u00f6y\u00fcm ad\u0131na \u00e7ok te\u015fekk\u00fcr ederiz&rdquo; dedi.<\/p><\/p>\n","protected":false},"excerpt":{"rendered":"<p> \u015eeriban \u00d6Z\u00c7AKMAK \u2013 Kahta \u0130l\u00e7e Kaymakam\u0131 Muhammed \u00dcsame Soysal ve \u0130l Genel Meclisi Ba\u015fkan\u0131 Mehmet Can Erdo\u011fan yap\u0131m\u0131 devam eden k\u00f6y i\u00e7i kilitli parke d\u00f6\u015feme \u00e7al\u0131\u015fmalar\u0131n\u0131 yerinde incelemek \u00fczere Kahta \u0130l\u00e7esine ba\u011fl\u0131 Ortanca K\u00f6y\u00fc\u2019nde ziyaretlerde bulundu.<\/p>\n","protected":false},"author":1,"featured_media":17819,"comment_status":"open","ping_status":"open","sticky":false,"template":"","format":"standard","meta":{"om_disable_all_campaigns":false,"_monsterinsights_skip_tracking":false,"_monsterinsights_sitenote_active":false,"_monsterinsights_sitenote_note":"","_monsterinsights_sitenote_category":0,"footnotes":""},"categories":[1,11],"tags":[233,535,614,837,578],"aioseo_notices":[],"_links":{"self":[{"href":"https:\/\/www.hbrkahta.com\/index.php\/wp-json\/wp\/v2\/posts\/17818"}],"collection":[{"href":"https:\/\/www.hbrkahta.com\/index.php\/wp-json\/wp\/v2\/posts"}],"about":[{"href":"https:\/\/www.hbrkahta.com\/index.php\/wp-json\/wp\/v2\/types\/post"}],"author":[{"embeddable":true,"href":"https:\/\/www.hbrkahta.com\/index.php\/wp-json\/wp\/v2\/users\/1"}],"replies":[{"embeddable":true,"href":"https:\/\/www.hbrkahta.com\/index.php\/wp-json\/wp\/v2\/comments?post=17818"}],"version-history":[{"count":1,"href":"https:\/\/www.hbrkahta.com\/index.php\/wp-json\/wp\/v2\/posts\/17818\/revisions"}],"predecessor-version":[{"id":17820,"href":"https:\/\/www.hbrkahta.com\/index.php\/wp-json\/wp\/v2\/posts\/17818\/revisions\/17820"}],"wp:featuredmedia":[{"embeddable":true,"href":"https:\/\/www.hbrkahta.com\/index.php\/wp-json\/wp\/v2\/media\/17819"}],"wp:attachment":[{"href":"https:\/\/www.hbrkahta.com\/index.php\/wp-json\/wp\/v2\/media?parent=17818"}],"wp:term":[{"taxonomy":"category","embeddable":true,"href":"https:\/\/www.hbrkahta.com\/index.php\/wp-json\/wp\/v2\/categories?post=17818"},{"taxonomy":"post_tag","embeddable":true,"href":"https:\/\/www.hbrkahta.com\/index.php\/wp-json\/wp\/v2\/tags?post=17818"}],"curies":[{"name":"wp","href":"https:\/\/api.w.org\/{rel}","templated":true}]}}