{"id":17815,"date":"2025-09-12T15:12:04","date_gmt":"2025-09-12T12:12:04","guid":{"rendered":"https:\/\/www.hbrkahta.com\/?p=17815"},"modified":"2025-09-12T15:12:04","modified_gmt":"2025-09-12T12:12:04","slug":"adiyamanda-sumud-filosuna-ve-gazzeye-destek-yuruyusu","status":"publish","type":"post","link":"https:\/\/www.hbrkahta.com\/index.php\/2025\/09\/12\/adiyamanda-sumud-filosuna-ve-gazzeye-destek-yuruyusu\/","title":{"rendered":"Ad\u0131yaman\u2019da, Sumud Filosu&#8217;na ve Gazze&#8217;ye destek y\u00fcr\u00fcy\u00fc\u015f\u00fc"},"content":{"rendered":"<p>T\u00fcrk ve Filistin bayraklar\u0131 ta\u015f\u0131yan \u00e7ok say\u0131da vatanda\u015f, Mimar Sinan K\u00fclt\u00fcr Park\u0131 \u00f6n\u00fcnde bir araya gelerek Demokrasi Park\u0131\u2019na kadar &ldquo;M\u00fcsl\u00fcman zulme sessiz kalamaz&rdquo;, &ldquo;Ya\u015fas\u0131n k\u00fcresel intifada&rdquo;, &ldquo;Kaybetme umudu destekle sumudu&rdquo;, &ldquo;Gazze bizim onurumuzdur&rdquo;, &ldquo;Dua et, boykot et, m\u00fccadele et&rdquo;, &ldquo;Ad\u0131yamandan gazzeye bin selam&rdquo; \u015feklindeki sloganlar e\u015fli\u011finde y\u00fcr\u00fcd\u00fc.<\/p>\n<p>Demokrasi Park\u0131\u2019nda, kat\u0131l\u0131mc\u0131lar ad\u0131na a\u00e7\u0131klama yapan Ad\u0131yaman Filistin Dayan\u0131\u015fma Platformu Ba\u015fkan\u0131 Abdulkadir Kurt, &ldquo;Gazze\u2019de devam eden hukuksuz abluka, i\u015fgal ve yerinden etme politikalar\u0131, art\u0131k t\u00fcm d\u00fcnyan\u0131n g\u00f6zleri \u00f6n\u00fcnde canl\u0131 yay\u0131nda izlenen bir soyk\u0131r\u0131ma d\u00f6n\u00fc\u015fm\u00fc\u015ft\u00fcr&rdquo; dedi.<\/p>\n<p>Ba\u015fkan Abdulkadir Kurt a\u00e7\u0131klamas\u0131n\u0131n devam\u0131nda \u015funlar\u0131 kaydetti:<\/p>\n<p>&ldquo;18.000&#8217;den fazla \u00f6\u011frenci \u015fehit oldu&rdquo;<\/p>\n<p>&ldquo;Geldi\u011fimiz noktada her g\u00fcn \u00e7ocuklar\u0131n, kad\u0131nlar\u0131n ve ya\u015fl\u0131lar\u0131n a\u00e7l\u0131ktan hayat\u0131n\u0131 kaybetti\u011fi bir tabloyla kar\u015f\u0131 kar\u015f\u0131yay\u0131z. \u00dclkemizde okullar\u0131n a\u00e7\u0131l\u0131p her ailede tatl\u0131 bir okul tela\u015f\u0131n\u0131n ya\u015fand\u0131\u011f\u0131 bu g\u00fcnlerde Filistin E\u011fitim Bakan\u0131:<\/p>\n<p>&#9642; Gazze&#8217;de 700.000 \u00f6\u011frenci \u00fcst \u00fcste \u00fc\u00e7\u00fcnc\u00fc y\u0131l e\u011fitimden mahrum b\u0131rak\u0131ld\u0131<\/p>\n<p>&#9642; Gazze \u015eeridi&#8217;ne y\u00f6nelik &#8220;\u0130srail&#8221; imha sava\u015f\u0131 sonucunda 18.000&#8217;den fazla \u00f6\u011frenci \u015fehit oldu<\/p>\n<p>&#9642; T\u00fcm e\u011fitim kurumlar\u0131n\u0131n y\u0131k\u0131lmas\u0131 sonras\u0131 4.500 \u00fcniversite \u00f6\u011frencisi \u00fcniversitelerine kay\u0131t yapt\u0131ramad\u0131, a\u00e7\u0131klamas\u0131nda bulundu.<\/p>\n<p>&ldquo;Sadece silahlar de\u011fil, a\u00e7l\u0131k da bir sava\u015f arac\u0131 olarak kullan\u0131lmakta&rdquo;<\/p>\n<p>Gazze\u2019de sadece silahlar de\u011fil a\u00e7l\u0131k da bir sava\u015f arac\u0131 olarak kullan\u0131lmakta, g\u0131da, ila\u00e7 ve temiz suya eri\u015fim kasten engellenmektedir. Bu tabloya b\u00fct\u00fcn insanl\u0131k \u015fahittir. Kendisinden ba\u015fka hi\u00e7bir halka ve toplulu\u011fa de\u011fer vermeyen Siyonist \u0130srail\u2019in ABD deste\u011fi ile s\u00fcrd\u00fcrd\u00fc\u011f\u00fc i\u015fgal ve yerinden etme politikalar\u0131na kar\u015f\u0131 d\u00fcnyan\u0131n vicdanl\u0131 halklar\u0131, Bat\u0131\u2019s\u0131ndan Do\u011fu\u2019suna t\u00fcm d\u00fcnyan\u0131n \u00f6zg\u00fcr ve onurlu insanlar\u0131 ya\u015fan\u0131lan bu b\u00fcy\u00fck zulme daha fazla sessiz kalmayaca\u011f\u0131n\u0131 en y\u00fcksek sesle dile getirmektedir.<\/p>\n<p>&ldquo;Filo, insanl\u0131k vicdan\u0131n\u0131n ortak yans\u0131mas\u0131d\u0131r&rdquo;<\/p>\n<p>ABD\u2019nin ve Avrupa\u2019n\u0131n meydanlar\u0131, kamp\u00fcsleri dahi tarihin do\u011fru taraf\u0131nda yer almak i\u00e7in e\u011fitiminden ve kariyerinden belki bunlardan \u00e7ok daha fazlas\u0131ndan vazge\u00e7meyi g\u00f6ze alan insanlarla dolup ta\u015fmaktad\u0131r. \u00c7\u00fcnk\u00fc \u015fahitlik sorumluluk gerektirir. \u0130\u015fte tam da bu sorumlulu\u011fu \u00fcstlenmek i\u00e7in 44 farkl\u0131 \u00fclkeden insanlar bir araya gelmi\u015f, K\u00fcresel Sumud Filosu\u2019nu olu\u015fturmu\u015ftur. Bu y\u00f6n\u00fcyle filo, insanl\u0131k vicdan\u0131n\u0131n ortak yans\u0131mas\u0131d\u0131r.<\/p>\n<p>&ldquo;Ablukay\u0131 denizden delme giri\u015fimleri bir umut sembol\u00fcd\u00fcr&rdquo;<\/p>\n<p>Gazze ablukas\u0131n\u0131 k\u0131rmak i\u00e7in yola \u00e7\u0131kan K\u00fcresel Sumud Filosu\u2019nu kutluyor ve selaml\u0131yoruz. Unutulmamal\u0131d\u0131r ki, K\u00fcresel Sumud insanl\u0131k vicdan\u0131n\u0131n ilk defa harekete ge\u00e7i\u015fi de\u011fildir. Daha \u00f6nce de gemiler ve filolar hareket etmi\u015fti. \u015eunu unutmayal\u0131m bu filolar insani yard\u0131m ta\u015f\u0131yan teknelerden daha b\u00fcy\u00fck bir anlama sahiptir. Bu filolar tarihin bizleri s\u00f6zlerimizle de\u011fil, en savunmas\u0131z anlarda insan hayat\u0131n\u0131 korumak i\u00e7in att\u0131\u011f\u0131m\u0131z ad\u0131mlarla yarg\u0131layaca\u011f\u0131n\u0131n fark\u0131nda oldu\u011fumuzun kan\u0131t\u0131d\u0131r. Ablukay\u0131 denizden delme giri\u015fimleri ayn\u0131 zamanda stratejik ve tarihsel bir \u00f6neme sahip direni\u015f ve umut sembolleridir. Daha \u00f6nce Mavi Marmara, yak\u0131n zamanda Madleen ve Handala gemileri, \u0130srail\u2019in hukuk tan\u0131maz sald\u0131r\u0131lar\u0131na ra\u011fmen bu vicdani duru\u015fu d\u00fcnyaya g\u00f6stermi\u015ftir. Mavi Marmara\u2019da \u015fehit edilen on T\u00fcrk aktivist, ablukan\u0131n kald\u0131r\u0131lmas\u0131n\u0131n art\u0131k yaln\u0131zca Filistin\u2019in de\u011fil, ayn\u0131 zamanda bizim de davam\u0131z oldu\u011funu ortaya koymu\u015ftur.<\/p>\n<p>Yine bug\u00fcn, \u015fehadetinin y\u0131l d\u00f6n\u00fcm\u00fcnde and\u0131\u011f\u0131m\u0131z Ay\u015fenur Ezgi Eygi, T\u00fcrkiye\u2019nin vicdan\u0131n\u0131 ve insanl\u0131k onurunu temsil etmektedir. Bug\u00fcn bu filoyu korumak, sadece Gazze halk\u0131n\u0131n de\u011fil, t\u00fcm insanl\u0131\u011f\u0131n ortak vicdan\u0131n\u0131 korumakt\u0131r. \u0130srail\u2019in sald\u0131r\u0131lar\u0131na kar\u015f\u0131 Global Sumud Filosu\u2019nu korumak, b\u00fct\u00fcn h\u00fck\u00fcmetlerin ve uluslararas\u0131 kurumlar\u0131n g\u00f6revidir. Birle\u015fmi\u015f Milletler\u2019in \u0130srail\u2019in sald\u0131r\u0131lar\u0131 ve ablukas\u0131 kar\u015f\u0131s\u0131ndaki etkisizli\u011fi art\u0131k kabul edilemezdir. BM\u2019nin \u0130srail\u2019in soyk\u0131r\u0131m su\u00e7unu engelleyemedi\u011fi ortadad\u0131r. Bizler en temelde kendi \u00fczerimize d\u00fc\u015fenleri yapmak haks\u0131za haddini bildirmekle, bildirebilecek ara\u00e7lar\u0131 kullanmakla m\u00fckellefiz.<\/p>\n<p>&ldquo;\u0130nsani yard\u0131mlar\u0131n ula\u015ft\u0131r\u0131lmas\u0131na izin verilmelidir&rdquo;<\/p>\n<p>E\u011fer \u0130srail\u2019in sald\u0131r\u0131lar\u0131n\u0131n \u00f6n\u00fc al\u0131nmazsa, \u00e7\u00f6ken Gazze de\u011fil, uluslararas\u0131 hukuk ve k\u00fcresel d\u00fczen olacakt\u0131r. Uluslararas\u0131 insanc\u0131l hukuk a\u00e7\u0131kt\u0131r: Siviller korunmal\u0131, insani yard\u0131mlar\u0131n ula\u015ft\u0131r\u0131lmas\u0131na izin verilmelidir. A\u00e7l\u0131\u011f\u0131n bir sava\u015f arac\u0131 olarak kullan\u0131lmas\u0131 Cenevre S\u00f6zle\u015fmeleri\u2019nin a\u00e7\u0131k ihlalidir. Bu nedenle, t\u00fcm devletleri ve BM organlar\u0131n\u0131, gecikmeksizin insani g\u00f6revlerini yerine getirmeye BM G\u00fcvenlik Konseyi\u2019ni derhal acil toplant\u0131ya \u00e7a\u011f\u0131r\u0131yoruz.<\/p>\n<p>\u00c7a\u011fr\u0131m\u0131z nettir:<\/p>\n<p>Gazze\u2019ye g\u00fcvenli ve kesintisiz bir insani yard\u0131m koridoru a\u00e7\u0131lmal\u0131d\u0131r.<\/p>\n<p>Global Sumud Filosu korunmal\u0131, sivil toplumun bar\u0131\u015f\u00e7\u0131l giri\u015fimleri g\u00fcvence alt\u0131na al\u0131nmal\u0131d\u0131r.<\/p>\n<p>Kat\u0131l\u0131mc\u0131lar, yasad\u0131\u015f\u0131 g\u00f6zalt\u0131, tehdit ve sald\u0131r\u0131lardan korunmal\u0131d\u0131r.<\/p>\n<p>Gazze\u2019ye denizden insani eri\u015fim hakk\u0131 garanti edilmelidir.<\/p>\n<p>\u0130srail\u2019in yasa d\u0131\u015f\u0131 ablukas\u0131 ve soyk\u0131r\u0131m uygulamalar\u0131 derhal sona erdirilmelidir.<\/p>\n<p>Ba\u011f\u0131ms\u0131z medya ve uluslararas\u0131 g\u00f6zlemciler misyonu takip etmeye te\u015fvik edilmeli, \u015feffafl\u0131k sa\u011flanmal\u0131d\u0131r.<\/p>\n<p>Taleplerimiz bellidir:<\/p>\n<p>Gazze\u2019ye insani yard\u0131m ula\u015ft\u0131r\u0131ls\u0131n, Global Sumud Filosu korunsun, insanl\u0131k onuru savunulsun! Bizler, bu giri\u015fimi destekleyen sivil toplum kurulu\u015flar\u0131 olarak uluslararas\u0131 toplumu, h\u00fck\u00fcmetimizi ve d\u00fcnyadaki di\u011fer h\u00fck\u00fcmetleri bu insani g\u00f6revi sahiplenmeye ve derhal harekete ge\u00e7meye davet ediyoruz.<\/p><\/p>\n","protected":false},"excerpt":{"rendered":"<p> \u015eeriban \u00d6Z\u00c7AKMAK \u2013 Ad\u0131yaman&#8217;da, Filistin ve K\u00fcresel Sumud Filosu&#8217;na destek y\u00fcr\u00fcy\u00fc\u015f\u00fc d\u00fczenlendi. Bir\u00e7ok sivil toplum kurulu\u015flar\u0131n\u0131n bir araya gelerek d\u00fczenledi\u011fi y\u00fcr\u00fcy\u00fc\u015fe vatanda\u015flar yo\u011fun kat\u0131l\u0131m g\u00f6sterdi.<\/p>\n","protected":false},"author":1,"featured_media":17816,"comment_status":"open","ping_status":"open","sticky":false,"template":"","format":"standard","meta":{"om_disable_all_campaigns":false,"_monsterinsights_skip_tracking":false,"_monsterinsights_sitenote_active":false,"_monsterinsights_sitenote_note":"","_monsterinsights_sitenote_category":0,"footnotes":""},"categories":[1,11],"tags":[540,649,921,2681,1266],"aioseo_notices":[],"_links":{"self":[{"href":"https:\/\/www.hbrkahta.com\/index.php\/wp-json\/wp\/v2\/posts\/17815"}],"collection":[{"href":"https:\/\/www.hbrkahta.com\/index.php\/wp-json\/wp\/v2\/posts"}],"about":[{"href":"https:\/\/www.hbrkahta.com\/index.php\/wp-json\/wp\/v2\/types\/post"}],"author":[{"embeddable":true,"href":"https:\/\/www.hbrkahta.com\/index.php\/wp-json\/wp\/v2\/users\/1"}],"replies":[{"embeddable":true,"href":"https:\/\/www.hbrkahta.com\/index.php\/wp-json\/wp\/v2\/comments?post=17815"}],"version-history":[{"count":1,"href":"https:\/\/www.hbrkahta.com\/index.php\/wp-json\/wp\/v2\/posts\/17815\/revisions"}],"predecessor-version":[{"id":17817,"href":"https:\/\/www.hbrkahta.com\/index.php\/wp-json\/wp\/v2\/posts\/17815\/revisions\/17817"}],"wp:featuredmedia":[{"embeddable":true,"href":"https:\/\/www.hbrkahta.com\/index.php\/wp-json\/wp\/v2\/media\/17816"}],"wp:attachment":[{"href":"https:\/\/www.hbrkahta.com\/index.php\/wp-json\/wp\/v2\/media?parent=17815"}],"wp:term":[{"taxonomy":"category","embeddable":true,"href":"https:\/\/www.hbrkahta.com\/index.php\/wp-json\/wp\/v2\/categories?post=17815"},{"taxonomy":"post_tag","embeddable":true,"href":"https:\/\/www.hbrkahta.com\/index.php\/wp-json\/wp\/v2\/tags?post=17815"}],"curies":[{"name":"wp","href":"https:\/\/api.w.org\/{rel}","templated":true}]}}