{"id":17812,"date":"2025-09-12T14:24:04","date_gmt":"2025-09-12T11:24:04","guid":{"rendered":"https:\/\/www.hbrkahta.com\/?p=17812"},"modified":"2025-09-12T14:24:04","modified_gmt":"2025-09-12T11:24:04","slug":"milletvekili-huseyin-ozhandan-12-eylul-mesaji-demokrasimize-vurulmus-kara-bir-lekedir","status":"publish","type":"post","link":"https:\/\/www.hbrkahta.com\/index.php\/2025\/09\/12\/milletvekili-huseyin-ozhandan-12-eylul-mesaji-demokrasimize-vurulmus-kara-bir-lekedir\/","title":{"rendered":"Milletvekili H\u00fcseyin \u00d6zhan\u2019dan 12 Eyl\u00fcl mesaj\u0131: \u2018Demokrasimize vurulmu\u015f kara bir lekedir\u2019"},"content":{"rendered":"<p>AK Parti Ad\u0131yaman Milletvekili H\u00fcseyin \u00d6zhan 12 Eyl\u00fcl askeri darbesine y\u00f6nelik yapt\u0131\u011f\u0131 payla\u015f\u0131mda, 12 Eyl\u00fcl askeri darbesinin insan haklar\u0131n\u0131 yok sayan bir m\u00fcdahale oldu\u011funu vurgulayarak, &ldquo;12 Eyl\u00fcl askeri darbesi, millet iradesini hi\u00e7e sayan, \u00fclkenin gelece\u011fini karartan, insan haklar\u0131n\u0131 yok sayan bir m\u00fcdahaledir. O d\u00f6nemde y\u00fcz binlerce vatanda\u015f\u0131m\u0131z fi\u015flenmi\u015f, g\u00f6zalt\u0131na al\u0131nm\u0131\u015f, i\u015fkencelere maruz kalm\u0131\u015f, binlerce insan\u0131m\u0131z ma\u011fdur edilmi\u015ftir. Bu s\u00fcre\u00e7, demokrasiye olan g\u00fcveni sarsm\u0131\u015f, toplumsal haf\u0131zam\u0131zda derin yaralar a\u00e7m\u0131\u015ft\u0131r&rdquo; dedi.<\/p>\n<p>&ldquo;Milletimiz darbelere kar\u015f\u0131 en b\u00fcy\u00fck cevab\u0131 iradesiyle vermi\u015ftir.&rdquo;<\/p>\n<p>T\u00fcrkiye\u2019nin darbelere kar\u015f\u0131 en b\u00fcy\u00fck cevab\u0131 milletin kendi iradesiyle verdi\u011finin alt\u0131n\u0131 \u00e7izen Milletvekili \u00d6zhan, &ldquo;Bug\u00fcn \u00e7ok daha g\u00fc\u00e7l\u00fc bir demokrasimiz var. Milletimiz 15 Temmuz\u2019da oldu\u011fu gibi darbecilere ve vesayet odaklar\u0131na asla ge\u00e7it vermeyece\u011fini t\u00fcm d\u00fcnyaya g\u00f6stermi\u015ftir. Art\u0131k hi\u00e7bir g\u00fc\u00e7 millet iradesinin \u00fczerinde de\u011fildir&rdquo; ifadelerini kulland\u0131.<\/p>\n<p>Milletvekili \u00d6zhan, ge\u00e7mi\u015fte ya\u015fanan ac\u0131lar\u0131n tekrar etmemesi i\u00e7in demokrasiye ve milli iradeye sahip \u00e7\u0131kman\u0131n \u00f6nemine dikkat \u00e7ekerek, darbe d\u00f6nemlerinde hayat\u0131n\u0131 kaybedenlere Allah\u2019tan rahmet diledi.<\/p><\/p>\n","protected":false},"excerpt":{"rendered":"<p> Fatma Didar YILDIRIM \u2013 AK Parti Ad\u0131yaman Milletvekili H\u00fcseyin \u00d6zhan, 12 Eyl\u00fcl 1980 askeri darbesinin y\u0131ld\u00f6n\u00fcm\u00fc dolay\u0131s\u0131yla bir mesaj yay\u0131mlad\u0131. Milletvekili \u00d6zhan yapt\u0131\u011f\u0131 a\u00e7\u0131klamada, darbenin T\u00fcrk demokrasisine a\u011f\u0131r bir darbe vurdu\u011funu ifade etti.<\/p>\n","protected":false},"author":1,"featured_media":17813,"comment_status":"open","ping_status":"open","sticky":false,"template":"","format":"standard","meta":{"om_disable_all_campaigns":false,"_monsterinsights_skip_tracking":false,"_monsterinsights_sitenote_active":false,"_monsterinsights_sitenote_note":"","_monsterinsights_sitenote_category":0,"footnotes":""},"categories":[1,11],"tags":[569,809],"aioseo_notices":[],"_links":{"self":[{"href":"https:\/\/www.hbrkahta.com\/index.php\/wp-json\/wp\/v2\/posts\/17812"}],"collection":[{"href":"https:\/\/www.hbrkahta.com\/index.php\/wp-json\/wp\/v2\/posts"}],"about":[{"href":"https:\/\/www.hbrkahta.com\/index.php\/wp-json\/wp\/v2\/types\/post"}],"author":[{"embeddable":true,"href":"https:\/\/www.hbrkahta.com\/index.php\/wp-json\/wp\/v2\/users\/1"}],"replies":[{"embeddable":true,"href":"https:\/\/www.hbrkahta.com\/index.php\/wp-json\/wp\/v2\/comments?post=17812"}],"version-history":[{"count":1,"href":"https:\/\/www.hbrkahta.com\/index.php\/wp-json\/wp\/v2\/posts\/17812\/revisions"}],"predecessor-version":[{"id":17814,"href":"https:\/\/www.hbrkahta.com\/index.php\/wp-json\/wp\/v2\/posts\/17812\/revisions\/17814"}],"wp:featuredmedia":[{"embeddable":true,"href":"https:\/\/www.hbrkahta.com\/index.php\/wp-json\/wp\/v2\/media\/17813"}],"wp:attachment":[{"href":"https:\/\/www.hbrkahta.com\/index.php\/wp-json\/wp\/v2\/media?parent=17812"}],"wp:term":[{"taxonomy":"category","embeddable":true,"href":"https:\/\/www.hbrkahta.com\/index.php\/wp-json\/wp\/v2\/categories?post=17812"},{"taxonomy":"post_tag","embeddable":true,"href":"https:\/\/www.hbrkahta.com\/index.php\/wp-json\/wp\/v2\/tags?post=17812"}],"curies":[{"name":"wp","href":"https:\/\/api.w.org\/{rel}","templated":true}]}}