{"id":17803,"date":"2025-09-12T10:12:04","date_gmt":"2025-09-12T07:12:04","guid":{"rendered":"https:\/\/www.hbrkahta.com\/?p=17803"},"modified":"2025-09-12T10:12:04","modified_gmt":"2025-09-12T07:12:04","slug":"mustafa-alkayis-12-eylulun-karanlik-izlerini-silecek-olan-sivil-ve-demokratik-bir-anayasadir","status":"publish","type":"post","link":"https:\/\/www.hbrkahta.com\/index.php\/2025\/09\/12\/mustafa-alkayis-12-eylulun-karanlik-izlerini-silecek-olan-sivil-ve-demokratik-bir-anayasadir\/","title":{"rendered":"Mustafa Alkay\u0131\u015f: 12 Eyl\u00fcl\u2019\u00fcn karanl\u0131k izlerini silecek olan, sivil ve demokratik bir anayasad\u0131r"},"content":{"rendered":"<p>Alkay\u0131\u015f a\u00e7\u0131klamas\u0131nda, &ldquo;Her 12 Eyl\u00fcl, bizlere darbelerin \u00fclkemiz \u00fczerindeki a\u011f\u0131r tahribat\u0131n\u0131 hat\u0131rlat\u0131r. 12 Eyl\u00fcl 1980 darbesi, \u00fclkemizin istikrar\u0131n\u0131 baltalam\u0131\u015f, masum vatanda\u015flar\u0131m\u0131z\u0131n hayat\u0131na mal olmu\u015ftur. Milletimiz ise her daim darbelere kar\u015f\u0131 durmu\u015f, en zor \u015fartlarda bile demokrasiden ve sivil siyasetten yana iradesini ortaya koymu\u015ftur,&rdquo; ifadelerini kulland\u0131.<br \/>\nKonu\u015fmas\u0131n\u0131n devam\u0131nda 15 Temmuz\u2019a da de\u011finen Alkay\u0131\u015f, &ldquo;En son 15 Temmuz hain darbe giri\u015fiminde, aziz milletimiz d\u00fcnyada e\u015fi benzeri g\u00f6r\u00fclmemi\u015f bir dayan\u0131\u015fmayla darbeci zihniyeti tarihin \u00e7\u00f6pl\u00fc\u011f\u00fcne atm\u0131\u015ft\u0131r. Bu dirayetli duru\u015f, demokrasimizin teminat\u0131 olmu\u015ftur,&rdquo; dedi.<br \/>\nAlkay\u0131\u015f, mevcut anayasan\u0131n darbe ko\u015fullar\u0131nda haz\u0131rland\u0131\u011f\u0131n\u0131 hat\u0131rlatarak, \u015fu s\u00f6zlerle yeni anayasa hedefini dile getirdi:<br \/>\n&ldquo;12 Eyl\u00fcl Darbesi\u2019nin y\u0131l d\u00f6n\u00fcm\u00fcnde, darbe mant\u0131\u011f\u0131n\u0131 ve darbecileri bir kez daha lanetliyoruz. Darbe \u015fartlar\u0131nda haz\u0131rlanan mevcut Anayasan\u0131n yerine, milletimizin arzusuna uygun \u015fekilde; sivil, demokratik, kat\u0131l\u0131mc\u0131 ve toplumun her kesimini kucaklayan yeni bir Anayasa\u2019y\u0131 \u00fclkemize kazand\u0131rmak en b\u00fcy\u00fck hedefimizdir. \u0130n\u015fallah, milletimizin deste\u011fiyle darbe izlerinden ar\u0131nm\u0131\u015f, \u00f6zg\u00fcrl\u00fckleri ve demokrasiyi esas alan sivil Anayasay\u0131 hep birlikte in\u015fa edece\u011fiz.&rdquo;<\/p><\/p>\n","protected":false},"excerpt":{"rendered":"<p> AK Parti Te\u015fkilat Ba\u015fkan Yard\u0131mc\u0131s\u0131 ve Ad\u0131yaman Milletvekili Mustafa Alkay\u0131\u015f, 12 Eyl\u00fcl Darbesi\u2019nin y\u0131l d\u00f6n\u00fcm\u00fcnde yapt\u0131\u011f\u0131 a\u00e7\u0131klamada, T\u00fcrkiye\u2019nin demokratikle\u015fme s\u00fcrecine vurgu yaparak yeni bir anayasa \u00e7a\u011fr\u0131s\u0131nda bulundu.<\/p>\n","protected":false},"author":1,"featured_media":17804,"comment_status":"open","ping_status":"open","sticky":false,"template":"","format":"standard","meta":{"om_disable_all_campaigns":false,"_monsterinsights_skip_tracking":false,"_monsterinsights_sitenote_active":false,"_monsterinsights_sitenote_note":"","_monsterinsights_sitenote_category":0,"footnotes":""},"categories":[1,11],"tags":[1413,569],"aioseo_notices":[],"_links":{"self":[{"href":"https:\/\/www.hbrkahta.com\/index.php\/wp-json\/wp\/v2\/posts\/17803"}],"collection":[{"href":"https:\/\/www.hbrkahta.com\/index.php\/wp-json\/wp\/v2\/posts"}],"about":[{"href":"https:\/\/www.hbrkahta.com\/index.php\/wp-json\/wp\/v2\/types\/post"}],"author":[{"embeddable":true,"href":"https:\/\/www.hbrkahta.com\/index.php\/wp-json\/wp\/v2\/users\/1"}],"replies":[{"embeddable":true,"href":"https:\/\/www.hbrkahta.com\/index.php\/wp-json\/wp\/v2\/comments?post=17803"}],"version-history":[{"count":1,"href":"https:\/\/www.hbrkahta.com\/index.php\/wp-json\/wp\/v2\/posts\/17803\/revisions"}],"predecessor-version":[{"id":17805,"href":"https:\/\/www.hbrkahta.com\/index.php\/wp-json\/wp\/v2\/posts\/17803\/revisions\/17805"}],"wp:featuredmedia":[{"embeddable":true,"href":"https:\/\/www.hbrkahta.com\/index.php\/wp-json\/wp\/v2\/media\/17804"}],"wp:attachment":[{"href":"https:\/\/www.hbrkahta.com\/index.php\/wp-json\/wp\/v2\/media?parent=17803"}],"wp:term":[{"taxonomy":"category","embeddable":true,"href":"https:\/\/www.hbrkahta.com\/index.php\/wp-json\/wp\/v2\/categories?post=17803"},{"taxonomy":"post_tag","embeddable":true,"href":"https:\/\/www.hbrkahta.com\/index.php\/wp-json\/wp\/v2\/tags?post=17803"}],"curies":[{"name":"wp","href":"https:\/\/api.w.org\/{rel}","templated":true}]}}