{"id":17797,"date":"2025-09-11T17:00:04","date_gmt":"2025-09-11T14:00:04","guid":{"rendered":"https:\/\/www.hbrkahta.com\/?p=17797"},"modified":"2025-09-11T17:00:04","modified_gmt":"2025-09-11T14:00:04","slug":"anahtar-parti-il-baskani-alsan-anahtar-teslimi-konut-bitmis-anlamina-gelmiyor","status":"publish","type":"post","link":"https:\/\/www.hbrkahta.com\/index.php\/2025\/09\/11\/anahtar-parti-il-baskani-alsan-anahtar-teslimi-konut-bitmis-anlamina-gelmiyor\/","title":{"rendered":"Anahtar Parti \u0130l Ba\u015fkan\u0131 Alsan: \u2018Anahtar teslimi, konut bitmi\u015f anlam\u0131na gelmiyor\u2019"},"content":{"rendered":"<p>Alsan, deprem sonras\u0131 hak sahiplerine teslim edilen konutlarda ya\u015fanan eksikliklere dikkat \u00e7ekerek, vatanda\u015flar\u0131n tamamlanmam\u0131\u015f binalara y\u00f6nlendirilmemesi gerekti\u011fini s\u00f6yledi.<\/p>\n<p>&ldquo;Elektrik ve su kesilerek konteynerdan \u00e7\u0131kar\u0131lmak isteniyor&rdquo;<br \/>\nYakla\u015f\u0131k iki y\u0131ld\u0131r konteyner kentlerde bar\u0131nmak zorunda kalan depremzedelerin zor bir s\u00fcre\u00e7ten ge\u00e7ti\u011fini belirten Alsan, &ldquo;Bug\u00fcn geldi\u011fimiz noktada vatanda\u015flar\u0131m\u0131z konteynerlarda elektri\u011fin kesilmesi, sular\u0131n verilmemesi gibi tehditlerle kar\u015f\u0131 kar\u015f\u0131ya b\u0131rak\u0131l\u0131yor. Hen\u00fcz dairelerinde elektrik, do\u011falgaz, altyap\u0131 tamamlanmam\u0131\u015fken vatanda\u015flar\u0131n zorla evlerine ge\u00e7irilmek istenmesi do\u011fru de\u011fildir&rdquo; ifadelerini kulland\u0131.<\/p>\n<p>Alsan, ge\u00e7en hafta ya\u015fanan bir \u00f6rne\u011fe de dikkat \u00e7ekti:<br \/>\n&ldquo;Bir vatanda\u015f\u0131m\u0131z konteynerda elektri\u011fi ve suyu kesilece\u011fi i\u00e7in teslim ald\u0131\u011f\u0131 daireye ge\u00e7ti. Ancak binada sadece su vard\u0131. Elektrik ve do\u011falgaz hen\u00fcz ba\u011flanmam\u0131\u015ft\u0131.&rdquo;<\/p>\n<p>\u00d6renli b\u00f6lgesinde y\u00fcr\u00fct\u00fclen s\u00fcre\u00e7te vatanda\u015f\u0131n ma\u011fdur edilmedi\u011fini hat\u0131rlatan Alsan, &ldquo;Orada eksikler tamamlanmadan kimse evine ge\u00e7medi. Elektri\u011fi, suyu, altyap\u0131s\u0131 tamamland\u0131ktan sonra teslim edildi. Biz ayn\u0131 s\u00fcrecin \u0130ndere\u2019de de uygulanmas\u0131n\u0131 talep ediyoruz&rdquo; dedi.<\/p>\n<p>&ldquo;2-3 ay daha idare edelim&rdquo;<br \/>\nAlsan, in\u015faatlar\u0131n h\u0131zla ilerledi\u011fini ve birka\u00e7 ay i\u00e7inde tamamlanaca\u011f\u0131n\u0131 ifade ederek, &ldquo;\u015eu an 2-3 ayl\u0131k bir s\u00fcre kalm\u0131\u015f g\u00f6r\u00fcn\u00fcyor. Bu s\u00fcre zarf\u0131nda vatanda\u015flar\u0131m\u0131z\u0131 konteyner kentlerde idare ederek rahat bir \u015fekilde evlerine ta\u015f\u0131malar\u0131n\u0131 sa\u011flamak gerekir. Fiziksel eksikleri tamamlanmam\u0131\u015f binalara ta\u015f\u0131nmalar\u0131 i\u00e7in vatanda\u015flar\u0131m\u0131z \u00fczerinde bask\u0131 yap\u0131lmamal\u0131&rdquo; \u015feklinde konu\u015ftu.<\/p>\n<p>&ldquo;Vatanda\u015f\u0131n i\u015fini kolayla\u015ft\u0131ral\u0131m, zorla\u015ft\u0131rmayal\u0131m&rdquo;<br \/>\nAlsan, Ad\u0131yamanl\u0131 depremzedelerin h&acirc;l&acirc; konteynerlarda k\u0131s\u0131tl\u0131 ko\u015fullarda ya\u015fam m\u00fccadelesi verdi\u011fini vurgulayarak, &ldquo;Vatanda\u015flar\u0131m\u0131z zaten ma\u011fduriyet ya\u015f\u0131yor. Onlar\u0131n i\u015fini kolayla\u015ft\u0131ral\u0131m, zorla\u015ft\u0131rmayal\u0131m. Birka\u00e7 ay daha sabredelim, sonra evlerine rahat\u00e7a ta\u015f\u0131nmalar\u0131n\u0131 sa\u011flayal\u0131m. Yetkililerden ricam\u0131z budur&rdquo; dedi. Anahtar Parti Ad\u0131yaman \u0130l Ba\u015fkan\u0131 Alsan, s\u00fcreci yak\u0131ndan takip ettiklerini belirterek, &ldquo;Vatanda\u015f\u0131n derdini dert biliyoruz. S\u00fcrecin takip\u00e7isi olaca\u011f\u0131z&rdquo; ifadeleriyle a\u00e7\u0131klamas\u0131n\u0131 tamamlad\u0131.<\/p><\/p>\n","protected":false},"excerpt":{"rendered":"<p> \u015eeriban \u00d6Z\u00c7AKMAK &#8211; Anahtar Parti Ad\u0131yaman \u0130l Ba\u015fkan\u0131 Emircan Ahmet Alsan, \u00c7evre, \u015eehircilik ve \u0130klim De\u011fi\u015fikli\u011fi Bakan\u0131 Murat Kurum\u2019un ge\u00e7ti\u011fimiz hafta a\u00e7\u0131klad\u0131\u011f\u0131 35 bin konut teslimat\u0131yla ilgili yapt\u0131\u011f\u0131 de\u011ferlendirmede, \u201cBu teslimatlar ger\u00e7ekten vatanda\u015f\u0131n oturabilece\u011fi konut teslimi midir, yoksa sadece anahtar teslimi midir? \u00c7\u00fcnk\u00fc anahtar\u0131 teslim edilen her daire oturuma haz\u0131r de\u011fil. Fiziksel ve altyap\u0131 eksiklikleri sebebiyle vatanda\u015flar\u0131m\u0131z\u0131n evlerine yerle\u015fmesi m\u00fcmk\u00fcn de\u011fil\u201d dedi.<\/p>\n","protected":false},"author":1,"featured_media":17798,"comment_status":"open","ping_status":"open","sticky":false,"template":"","format":"standard","meta":{"om_disable_all_campaigns":false,"_monsterinsights_skip_tracking":false,"_monsterinsights_sitenote_active":false,"_monsterinsights_sitenote_note":"","_monsterinsights_sitenote_category":0,"footnotes":""},"categories":[1,11],"tags":[1685,540,1491,183,820],"aioseo_notices":[],"_links":{"self":[{"href":"https:\/\/www.hbrkahta.com\/index.php\/wp-json\/wp\/v2\/posts\/17797"}],"collection":[{"href":"https:\/\/www.hbrkahta.com\/index.php\/wp-json\/wp\/v2\/posts"}],"about":[{"href":"https:\/\/www.hbrkahta.com\/index.php\/wp-json\/wp\/v2\/types\/post"}],"author":[{"embeddable":true,"href":"https:\/\/www.hbrkahta.com\/index.php\/wp-json\/wp\/v2\/users\/1"}],"replies":[{"embeddable":true,"href":"https:\/\/www.hbrkahta.com\/index.php\/wp-json\/wp\/v2\/comments?post=17797"}],"version-history":[{"count":1,"href":"https:\/\/www.hbrkahta.com\/index.php\/wp-json\/wp\/v2\/posts\/17797\/revisions"}],"predecessor-version":[{"id":17799,"href":"https:\/\/www.hbrkahta.com\/index.php\/wp-json\/wp\/v2\/posts\/17797\/revisions\/17799"}],"wp:featuredmedia":[{"embeddable":true,"href":"https:\/\/www.hbrkahta.com\/index.php\/wp-json\/wp\/v2\/media\/17798"}],"wp:attachment":[{"href":"https:\/\/www.hbrkahta.com\/index.php\/wp-json\/wp\/v2\/media?parent=17797"}],"wp:term":[{"taxonomy":"category","embeddable":true,"href":"https:\/\/www.hbrkahta.com\/index.php\/wp-json\/wp\/v2\/categories?post=17797"},{"taxonomy":"post_tag","embeddable":true,"href":"https:\/\/www.hbrkahta.com\/index.php\/wp-json\/wp\/v2\/tags?post=17797"}],"curies":[{"name":"wp","href":"https:\/\/api.w.org\/{rel}","templated":true}]}}