{"id":17791,"date":"2025-09-11T16:36:03","date_gmt":"2025-09-11T13:36:03","guid":{"rendered":"https:\/\/www.hbrkahta.com\/?p=17791"},"modified":"2025-09-11T16:36:03","modified_gmt":"2025-09-11T13:36:03","slug":"adiyaman-belediyesine-ait-ilk-gunduz-bakimevinde-kayitlar-basladi","status":"publish","type":"post","link":"https:\/\/www.hbrkahta.com\/index.php\/2025\/09\/11\/adiyaman-belediyesine-ait-ilk-gunduz-bakimevinde-kayitlar-basladi\/","title":{"rendered":"Ad\u0131yaman Belediyesi\u2019ne ait ilk G\u00fcnd\u00fcz Bak\u0131mevi\u2019nde kay\u0131tlar ba\u015flad\u0131"},"content":{"rendered":"<p>Ad\u0131yaman Belediye Ba\u015fkan\u0131 Abdurrahman Tutdere\u2019nin se\u00e7im vaatleri aras\u0131nda yer alan ve temeli 2024 y\u0131l\u0131n\u0131n A\u011fustos ay\u0131nda at\u0131lan G\u00fcnd\u00fcz Bak\u0131mevi, 11-18 Eyl\u00fcl tarihleri aras\u0131nda ba\u015fvurular\u0131 kabul edecek.<\/p>\n<p>Kay\u0131tlar 11-18 Eyl\u00fcl tarihleri aras\u0131nda yap\u0131lacak<\/p>\n<p>36 aydan 68 aya kadar t\u00fcm \u00e7ocuklar\u0131n kabul edilece\u011fi g\u00fcnd\u00fcz bak\u0131mevine kay\u0131tlar, Yeni Mahalle 2. \u00c7evre Yolu 26198 Sokak adresinde \u015fahsen yap\u0131lacak.<\/p>\n<p>Bak\u0131mevi, \u00e7ocuklar ve ailelerine modern ya\u015fam alan\u0131 sunacak<\/p>\n<p>3 bin 515 metrekare a\u00e7\u0131k alan ve 480 metrekare kapal\u0131 alana sahip Yeni Mahalle G\u00fcnd\u00fcz Bak\u0131mevi, \u00e7ocuklar ve ailelerin t\u00fcm ihtiya\u00e7lar\u0131 d\u00fc\u015f\u00fcn\u00fclerek tasarland\u0131. \u0130\u00e7erisinde 0-3 ya\u015f ve 3-6 ya\u015f gruplar\u0131na y\u00f6nelik iki\u015fer s\u0131n\u0131f, oyun odas\u0131, bak\u0131m odas\u0131, uyku odas\u0131 ve k\u00fct\u00fcphane yer al\u0131yor. Ayr\u0131ca \u00f6\u011fretmenler i\u00e7in dinlenme odas\u0131 ve aileler i\u00e7in kar\u015f\u0131lama odas\u0131 da bulunuyor.<\/p>\n<p>Bah\u00e7esi ve i\u00e7 donat\u0131lar\u0131yla \u00e7ocuklar\u0131n geli\u015fimine katk\u0131 sa\u011flayacak \u015fekilde haz\u0131rlanan bak\u0131mevi, Ad\u0131yaman\u2019da bu alanda at\u0131lan ilk ad\u0131m olma \u00f6zelli\u011fini ta\u015f\u0131yor.<\/p>\n<p>&ldquo;Annelerimiz i\u00e7in de \u00f6nemli bir hizmet&rdquo;<\/p>\n<p>Belediye Ba\u015fkan\u0131 Abdurrahman Tutdere, g\u00fcnd\u00fcz bak\u0131meviyle ilgili yapt\u0131\u011f\u0131 a\u00e7\u0131klamada, &ldquo;\u00c7ocuklar\u0131m\u0131z\u0131n g\u00fcvenli, sa\u011fl\u0131kl\u0131 ve donan\u0131ml\u0131 ortamlarda b\u00fcy\u00fcmesi i\u00e7in belediye olarak sorumluluk \u00fcstleniyoruz. Yeni Mahalle\u2019de a\u00e7aca\u011f\u0131m\u0131z bu ilk g\u00fcnd\u00fcz bak\u0131mevi, hem \u00e7ocuklar\u0131m\u0131z\u0131n geli\u015fimine katk\u0131 sa\u011flayacak hem de annelerimiz i\u00e7in \u00f6nemli bir hizmet olacak. \u00c7ocuklar\u0131m\u0131z g\u00fcvenli bir ortamda e\u011fitim g\u00f6r\u00fcrken, annelerimiz de i\u015f hayat\u0131nda, sosyal ya\u015famda ve g\u00fcnl\u00fck sorumluluklar\u0131nda nefes alabilecek. Bu kapsamda ilk g\u00fcnd\u00fcz bak\u0131mevimizin kap\u0131lar\u0131n\u0131 kay\u0131t i\u00e7in a\u00e7man\u0131n mutlulu\u011funu ya\u015f\u0131yor, Ad\u0131yaman\u2019\u0131m\u0131za hay\u0131rl\u0131 olmas\u0131n\u0131 diliyorum&rdquo; ifadelerini kulland\u0131.<\/p><\/p>\n","protected":false},"excerpt":{"rendered":"<p> \u015eeriban \u00d6Z\u00c7AKMAK &#8211; Ad\u0131yaman Belediyesi, Yeni Mahalle\u2019de hizmete a\u00e7aca\u011f\u0131 ilk g\u00fcnd\u00fcz bak\u0131mevi i\u00e7in kay\u0131tlar\u0131n ba\u015flad\u0131\u011f\u0131n\u0131 duyurdu.<\/p>\n","protected":false},"author":1,"featured_media":17792,"comment_status":"open","ping_status":"open","sticky":false,"template":"","format":"standard","meta":{"om_disable_all_campaigns":false,"_monsterinsights_skip_tracking":false,"_monsterinsights_sitenote_active":false,"_monsterinsights_sitenote_note":"","_monsterinsights_sitenote_category":0,"footnotes":""},"categories":[1,11,13],"tags":[1401,429,2317,533,1816],"aioseo_notices":[],"_links":{"self":[{"href":"https:\/\/www.hbrkahta.com\/index.php\/wp-json\/wp\/v2\/posts\/17791"}],"collection":[{"href":"https:\/\/www.hbrkahta.com\/index.php\/wp-json\/wp\/v2\/posts"}],"about":[{"href":"https:\/\/www.hbrkahta.com\/index.php\/wp-json\/wp\/v2\/types\/post"}],"author":[{"embeddable":true,"href":"https:\/\/www.hbrkahta.com\/index.php\/wp-json\/wp\/v2\/users\/1"}],"replies":[{"embeddable":true,"href":"https:\/\/www.hbrkahta.com\/index.php\/wp-json\/wp\/v2\/comments?post=17791"}],"version-history":[{"count":1,"href":"https:\/\/www.hbrkahta.com\/index.php\/wp-json\/wp\/v2\/posts\/17791\/revisions"}],"predecessor-version":[{"id":17793,"href":"https:\/\/www.hbrkahta.com\/index.php\/wp-json\/wp\/v2\/posts\/17791\/revisions\/17793"}],"wp:featuredmedia":[{"embeddable":true,"href":"https:\/\/www.hbrkahta.com\/index.php\/wp-json\/wp\/v2\/media\/17792"}],"wp:attachment":[{"href":"https:\/\/www.hbrkahta.com\/index.php\/wp-json\/wp\/v2\/media?parent=17791"}],"wp:term":[{"taxonomy":"category","embeddable":true,"href":"https:\/\/www.hbrkahta.com\/index.php\/wp-json\/wp\/v2\/categories?post=17791"},{"taxonomy":"post_tag","embeddable":true,"href":"https:\/\/www.hbrkahta.com\/index.php\/wp-json\/wp\/v2\/tags?post=17791"}],"curies":[{"name":"wp","href":"https:\/\/api.w.org\/{rel}","templated":true}]}}