{"id":17776,"date":"2025-09-11T10:12:04","date_gmt":"2025-09-11T07:12:04","guid":{"rendered":"https:\/\/www.hbrkahta.com\/?p=17776"},"modified":"2025-09-11T10:12:04","modified_gmt":"2025-09-11T07:12:04","slug":"tut-dutu-yeniden-filizleniyor-projesi-icin-protokol-imzalandi","status":"publish","type":"post","link":"https:\/\/www.hbrkahta.com\/index.php\/2025\/09\/11\/tut-dutu-yeniden-filizleniyor-projesi-icin-protokol-imzalandi\/","title":{"rendered":"\u2018Tut Dutu Yeniden Filizleniyor\u2019 projesi i\u00e7in protokol imzaland\u0131"},"content":{"rendered":"<p>Proje, Tut Kaymakaml\u0131\u011f\u0131, Tut Belediye Ba\u015fkanl\u0131\u011f\u0131, \u0130l \u00d6zel \u0130daresi ve Tar\u0131m ve Orman \u0130l M\u00fcd\u00fcrl\u00fc\u011f\u00fc\u2019n\u00fcn i\u015f birli\u011fiyle hayata ge\u00e7irilecek.<\/p>\n<p>Protokol, Ad\u0131yaman Valisi Dr. Osman Varol\u2019un himayelerinde; Tut Kaymakam\u0131 Celal G\u00fcng\u00f6r, Vali Yard\u0131mc\u0131s\u0131 ve \u0130l \u00d6zel \u0130dare Genel Sekreteri \u015e\u00fckr\u00fc Alperen G\u00f6kta\u015f, Tut Belediye Ba\u015fkan\u0131 Ercan \u00d6ncebe ve Tar\u0131m ve Orman \u0130l M\u00fcd\u00fcr\u00fc Abdulkadir Akkan taraf\u0131ndan imzaland\u0131.<\/p>\n<p>\u0130mzalanan protokol kapsam\u0131nda, Tut il\u00e7esinde dut ve incir fidelerinin \u00fcretilece\u011fi bir tesis kurulmas\u0131 planlan\u0131yor. Projenin b\u00f6lge ekonomisine katk\u0131 sa\u011flamas\u0131 ve yerel \u00fcretimin s\u00fcrd\u00fcr\u00fclebilirli\u011fini art\u0131rmas\u0131 hedefleniyor.<br \/>\nVali Dr. Osman Varol, proje hakk\u0131nda yapt\u0131\u011f\u0131 a\u00e7\u0131klamada \u015funlar\u0131 s\u00f6yledi:<br \/>\n&#8288;&ldquo;Bu proje Tut il\u00e7emiz i\u00e7in \u00e7ok hayati bir \u00f6nem ta\u015f\u0131maktad\u0131r. \u0130l\u00e7emiz ad\u0131n\u0131 bile Dut meyvesinden al\u0131yor. \u0130ncir\u2019de il\u00e7emiz i\u00e7in \u00f6nem arz etmektedir. Bu \u00fcr\u00fcnlerin devam\u0131n\u0131n sa\u011flanmas\u0131 i\u00e7in bunlar\u0131n fidesinin temini noktas\u0131nda bir merkez haline gelemedi il\u00e7emiz. Bug\u00fcn imzalad\u0131\u011f\u0131m\u0131z protokol ile Tut il\u00e7emizin \u00f6ne \u00e7\u0131kan \u00fcr\u00fcnlerinden dut ve incir fideleri i\u00e7in bir tesis olu\u015fturulmas\u0131n\u0131 hedefliyoruz. Her iki meyveyi de vatanda\u015flar\u0131m\u0131z kurutup \u00fclkemizin d\u00f6rt bir taraf\u0131na pazarl\u0131yorlar. Bundan sonra hem b\u00f6lgemizde hem de ba\u015fka b\u00f6lgelerde yeti\u015fecek dut ve incir a\u011fa\u00e7lar\u0131m\u0131z i\u00e7in \u00e7ok kaliteli ve bu b\u00f6lgenin \u00f6zelli\u011fini ta\u015f\u0131yan orijinal fideleri in\u015fallah kuraca\u011f\u0131m\u0131z bu tesiste yeti\u015ftirmi\u015f olaca\u011f\u0131z&rdquo;<br \/>\nYe\u015fillikler diyar\u0131 olarak bilinen Tut il\u00e7esinde hayata ge\u00e7irilecek bu proje ile hem tar\u0131msal \u00fcretim desteklenecek hem de b\u00f6lge ekonomisine yeni bir soluk kazand\u0131r\u0131lacak.<\/p><\/p>\n","protected":false},"excerpt":{"rendered":"<p> Ad\u0131yaman Valili\u011finde d\u00fczenlenen protokolle Tut il\u00e7esinin \u00f6nemli tar\u0131msal \u00fcr\u00fcnleri olan dut ve incir fidelerinin yeti\u015ftirilmesini ama\u00e7layan \u201cTut Dutu Yeniden Filizleniyor\u201d projesinin protokol\u00fc imzaland\u0131.<\/p>\n","protected":false},"author":1,"featured_media":17777,"comment_status":"open","ping_status":"open","sticky":false,"template":"","format":"standard","meta":{"om_disable_all_campaigns":false,"_monsterinsights_skip_tracking":false,"_monsterinsights_sitenote_active":false,"_monsterinsights_sitenote_note":"","_monsterinsights_sitenote_category":0,"footnotes":""},"categories":[1,11],"tags":[540,533,535,201,2678],"aioseo_notices":[],"_links":{"self":[{"href":"https:\/\/www.hbrkahta.com\/index.php\/wp-json\/wp\/v2\/posts\/17776"}],"collection":[{"href":"https:\/\/www.hbrkahta.com\/index.php\/wp-json\/wp\/v2\/posts"}],"about":[{"href":"https:\/\/www.hbrkahta.com\/index.php\/wp-json\/wp\/v2\/types\/post"}],"author":[{"embeddable":true,"href":"https:\/\/www.hbrkahta.com\/index.php\/wp-json\/wp\/v2\/users\/1"}],"replies":[{"embeddable":true,"href":"https:\/\/www.hbrkahta.com\/index.php\/wp-json\/wp\/v2\/comments?post=17776"}],"version-history":[{"count":1,"href":"https:\/\/www.hbrkahta.com\/index.php\/wp-json\/wp\/v2\/posts\/17776\/revisions"}],"predecessor-version":[{"id":17778,"href":"https:\/\/www.hbrkahta.com\/index.php\/wp-json\/wp\/v2\/posts\/17776\/revisions\/17778"}],"wp:featuredmedia":[{"embeddable":true,"href":"https:\/\/www.hbrkahta.com\/index.php\/wp-json\/wp\/v2\/media\/17777"}],"wp:attachment":[{"href":"https:\/\/www.hbrkahta.com\/index.php\/wp-json\/wp\/v2\/media?parent=17776"}],"wp:term":[{"taxonomy":"category","embeddable":true,"href":"https:\/\/www.hbrkahta.com\/index.php\/wp-json\/wp\/v2\/categories?post=17776"},{"taxonomy":"post_tag","embeddable":true,"href":"https:\/\/www.hbrkahta.com\/index.php\/wp-json\/wp\/v2\/tags?post=17776"}],"curies":[{"name":"wp","href":"https:\/\/api.w.org\/{rel}","templated":true}]}}