{"id":17773,"date":"2025-09-11T09:12:04","date_gmt":"2025-09-11T06:12:04","guid":{"rendered":"https:\/\/www.hbrkahta.com\/?p=17773"},"modified":"2025-09-11T09:12:04","modified_gmt":"2025-09-11T06:12:04","slug":"kritik-gorevdeki-isim-arzum-nazman-adiyaman-emniyet-muduru-oldu","status":"publish","type":"post","link":"https:\/\/www.hbrkahta.com\/index.php\/2025\/09\/11\/kritik-gorevdeki-isim-arzum-nazman-adiyaman-emniyet-muduru-oldu\/","title":{"rendered":"Kritik g\u00f6revdeki isim: Arzum Nazman Ad\u0131yaman Emniyet M\u00fcd\u00fcr\u00fc oldu"},"content":{"rendered":"<p>Cumhurba\u015fkan\u0131 Recep Tayyip Erdo\u011fan\u2019\u0131n imzas\u0131yla yay\u0131mlanan atama kararnamesiyle 37 ilin emniyet m\u00fcd\u00fcr\u00fc de\u011fi\u015fti, 22 emniyet m\u00fcd\u00fcr\u00fc ise merkez te\u015fkilat\u0131na \u00e7ekildi. Atamalar, 11 Eyl\u00fcl 2025 tarihli Resmi Gazete\u2019de duyuruldu.<br \/>\nBu kapsamda, Ad\u0131yaman \u0130l Emniyet M\u00fcd\u00fcrl\u00fc\u011f\u00fc\u2019ne dikkat \u00e7eken bir isim atand\u0131. Sinan Ate\u015f suikast\u0131 soru\u015fturmas\u0131n\u0131n ilk be\u015f ay\u0131nda g\u00f6rev alan ve kritik operasyonlara imza atan Polis Ba\u015fm\u00fcfetti\u015fi Arzum Nazman, Ad\u0131yaman Emniyet M\u00fcd\u00fcr\u00fc olarak g\u00f6revlendirildi.<br \/>\nNazman, suikast\u0131n ger\u00e7ekle\u015fti\u011fi d\u00f6nemde Ankara \u0130l Emniyet M\u00fcd\u00fcr Yard\u0131mc\u0131s\u0131 olarak g\u00f6rev yap\u0131yordu. Soru\u015fturma s\u00fcrecinde, tutuklu san\u0131klardan Tolgahan Demirba\u015f\u2019\u0131n d\u00f6nemin MHP Milletvekili Olcay K\u0131lavuz\u2019un yan\u0131ndan al\u0131nmas\u0131 talimat\u0131n\u0131 veren isim olarak \u00f6ne \u00e7\u0131km\u0131\u015ft\u0131.<br \/>\nEmniyet M\u00fcd\u00fcrl\u00fcklerinde geni\u015f \u00e7apl\u0131 de\u011fi\u015fiklik<br \/>\nAtama kararnamesi ile 37 ilin emniyet m\u00fcd\u00fcrl\u00fcklerine yap\u0131lan atamalar da \u015f\u00f6yle:<br \/>\n&#8220;Bursa Emniyet M\u00fcd\u00fcr\u00fc Sabit Ak\u0131n Zaimo\u011flu Antalya Emniyet M\u00fcd\u00fcrl\u00fc\u011f\u00fcne, Kahramanmara\u015f Emniyet M\u00fcd\u00fcr\u00fc Nurettin G\u00f6kduman Diyarbak\u0131r Emniyet M\u00fcd\u00fcrl\u00fc\u011f\u00fcne, Ardahan Emniyet M\u00fcd\u00fcr\u00fc G\u00f6kalp \u015eener Bilecik Emniyet M\u00fcd\u00fcrl\u00fc\u011f\u00fcne, A\u011fr\u0131 Emniyet M\u00fcd\u00fcr\u00fc Y\u0131lmaz \u0130par Bolu Emniyet M\u00fcd\u00fcrl\u00fc\u011f\u00fcne, Kars Emniyet M\u00fcd\u00fcr\u00fc Mehmet \u00d6m\u00fcr Saka Sakarya Emniyet M\u00fcd\u00fcrl\u00fc\u011f\u00fcne, Hakkari Emniyet M\u00fcd\u00fcr\u00fc \u0130dris Y\u0131lmaz Mersin Emniyet M\u00fcd\u00fcrl\u00fc\u011f\u00fcne, Artvin Emniyet M\u00fcd\u00fcr\u00fc H\u00fcseyin Adatepe Bart\u0131n Emniyet M\u00fcd\u00fcrl\u00fc\u011f\u00fcne, Hatay Emniyet M\u00fcd\u00fcr\u00fc Kadir G\u00f6kce Bursa Emniyet M\u00fcd\u00fcrl\u00fc\u011f\u00fcne, Kastamonu Emniyet M\u00fcd\u00fcr\u00fc Kayhan Ay Malatya Emniyet M\u00fcd\u00fcrl\u00fc\u011f\u00fcne, Nev\u015fehir Emniyet M\u00fcd\u00fcr\u00fc Ali Lo\u011fo\u011flu Trabzon Emniyet M\u00fcd\u00fcrl\u00fc\u011f\u00fcne, Mu\u015f Emniyet M\u00fcd\u00fcr\u00fc Serkan Karaman Nev\u015fehir Emniyet M\u00fcd\u00fcrl\u00fc\u011f\u00fcne, Yozgat Emniyet M\u00fcd\u00fcr\u00fc Recep Tecimer Mardin Emniyet M\u00fcd\u00fcrl\u00fc\u011f\u00fcne, Edirne Emniyet M\u00fcd\u00fcr\u00fc Onur Karaburun Erzurum Emniyet M\u00fcd\u00fcrl\u00fc\u011f\u00fcne, Bal\u0131kesir Emniyet M\u00fcd\u00fcr\u00fc Hasan Yi\u011fit Kahramanmara\u015f Emniyet M\u00fcd\u00fcrl\u00fc\u011f\u00fcne, \u00d6zel Harekat Ba\u015fkan\u0131 S\u00fcleyman Karadeniz Mu\u011fla Emniyet M\u00fcd\u00fcrl\u00fc\u011f\u00fcne, Koruma Daire Ba\u015fkan\u0131 Tamer Ta\u015f Kastamonu Emniyet M\u00fcd\u00fcrl\u00fc\u011f\u00fcne, 1. Hukuk M\u00fc\u015faviri R\u00fc\u015ft\u00fc Y\u0131lmaz Hatay Emniyet M\u00fcd\u00fcrl\u00fc\u011f\u00fcne, TEM Daire Ba\u015fkan\u0131 Erg\u00fcn Da\u011f\u0131stanl\u0131 \u00c7anakkale Emniyet M\u00fcd\u00fcrl\u00fc\u011f\u00fcne, KOM Ba\u015fkan\u0131 \u015e\u00fckr\u00fc Yaman Bal\u0131kesir Emniyet M\u00fcd\u00fcrl\u00fc\u011f\u00fcne, Trafik Ba\u015fkan\u0131 Muhittin Ayhan Edirne Emniyet M\u00fcd\u00fcrl\u00fc\u011f\u00fcne, Polis Ba\u015fm\u00fcfetti\u015fi Taner \u00c7ift\u00e7i U\u015fak Emniyet M\u00fcd\u00fcrl\u00fc\u011f\u00fcne, Polis Ba\u015fm\u00fcfetti\u015fi O\u011fuz T\u00fcz\u00fcn Ardahan Emniyet M\u00fcd\u00fcrl\u00fc\u011f\u00fcne, Polis Ba\u015fm\u00fcfetti\u015fi G\u00f6ksel \u00d6nder A\u011fr\u0131 Emniyet M\u00fcd\u00fcrl\u00fc\u011f\u00fcne, Polis Ba\u015fm\u00fcfetti\u015fi Murat Abdullah Tombul Kars Emniyet M\u00fcd\u00fcrl\u00fc\u011f\u00fcne, Polis Ba\u015fm\u00fcfetti\u015fi Atilla Ayata Hakkari Emniyet M\u00fcd\u00fcrl\u00fc\u011f\u00fcne, Polis Ba\u015fm\u00fcfetti\u015fi Murat G\u00fcne\u015f Artvin Emniyet M\u00fcd\u00fcrl\u00fc\u011f\u00fcne, Polis Ba\u015fm\u00fcfetti\u015fi Volkan Sazak \u015e\u0131rnak Emniyet M\u00fcd\u00fcrl\u00fc\u011f\u00fcne, Polis Ba\u015fm\u00fcfetti\u015fi Mustafa I\u015f\u0131k K\u0131r\u0131kkale Emniyet M\u00fcd\u00fcrl\u00fc\u011f\u00fcne, Polis Ba\u015fm\u00fcfetti\u015fi Koray \u015eensoy Bitlis Emniyet M\u00fcd\u00fcrl\u00fc\u011f\u00fcne, Polis Ba\u015fm\u00fcfetti\u015fi Ahmet Alaa\u011fa\u00e7l\u0131 Sivas Emniyet M\u00fcd\u00fcrl\u00fc\u011f\u00fcne, Polis Ba\u015fm\u00fcfetti\u015fi Arzum Nazman Ad\u0131yaman Emniyet M\u00fcd\u00fcrl\u00fc\u011f\u00fcne, Polis Ba\u015fm\u00fcfetti\u015fi Mesut G\u00f6r\u00fcc\u00fc K\u0131r\u015fehir Emniyet M\u00fcd\u00fcrl\u00fc\u011f\u00fcne, Polis Ba\u015fm\u00fcfetti\u015fi Ahmet Canver Karab\u00fck Emniyet M\u00fcd\u00fcrl\u00fc\u011f\u00fcne, Polis Ba\u015fm\u00fcfetti\u015fi Melih Kuzudi\u015fli Mu\u015f Emniyet M\u00fcd\u00fcrl\u00fc\u011f\u00fcne, Polis Ba\u015fm\u00fcfetti\u015fi Necmettin Ko\u00e7 Yozgat Emniyet M\u00fcd\u00fcrl\u00fc\u011f\u00fcne, Polis Ba\u015fm\u00fcfetti\u015fi Ferhat Akba\u015f Giresun Emniyet M\u00fcd\u00fcrl\u00fc\u011f\u00fcne, Polis Ba\u015fm\u00fcfetti\u015fi Kaz\u0131m G\u00fcnay Demiralay Tunceli Emniyet M\u00fcd\u00fcrl\u00fc\u011f\u00fcne atand\u0131.&#8221;<\/p><\/p>\n","protected":false},"excerpt":{"rendered":"<p> Cumhurba\u015fkan\u0131 Recep Tayyip Erdo\u011fan\u2019\u0131n imzas\u0131yla yay\u0131mlanan atama kararnamesiyle 37 ilin emniyet m\u00fcd\u00fcr\u00fc de\u011fi\u015fti, 22 emniyet m\u00fcd\u00fcr\u00fc ise merkez te\u015fkilat\u0131na \u00e7ekildi. Atamalar, 11 Eyl\u00fcl 2025 tarihli Resmi Gazete\u2019de duyuruldu.<\/p>\n","protected":false},"author":1,"featured_media":17774,"comment_status":"open","ping_status":"open","sticky":false,"template":"","format":"standard","meta":{"om_disable_all_campaigns":false,"_monsterinsights_skip_tracking":false,"_monsterinsights_sitenote_active":false,"_monsterinsights_sitenote_note":"","_monsterinsights_sitenote_category":0,"footnotes":""},"categories":[1,11],"tags":[726,985,2677,1940,535],"aioseo_notices":[],"_links":{"self":[{"href":"https:\/\/www.hbrkahta.com\/index.php\/wp-json\/wp\/v2\/posts\/17773"}],"collection":[{"href":"https:\/\/www.hbrkahta.com\/index.php\/wp-json\/wp\/v2\/posts"}],"about":[{"href":"https:\/\/www.hbrkahta.com\/index.php\/wp-json\/wp\/v2\/types\/post"}],"author":[{"embeddable":true,"href":"https:\/\/www.hbrkahta.com\/index.php\/wp-json\/wp\/v2\/users\/1"}],"replies":[{"embeddable":true,"href":"https:\/\/www.hbrkahta.com\/index.php\/wp-json\/wp\/v2\/comments?post=17773"}],"version-history":[{"count":1,"href":"https:\/\/www.hbrkahta.com\/index.php\/wp-json\/wp\/v2\/posts\/17773\/revisions"}],"predecessor-version":[{"id":17775,"href":"https:\/\/www.hbrkahta.com\/index.php\/wp-json\/wp\/v2\/posts\/17773\/revisions\/17775"}],"wp:featuredmedia":[{"embeddable":true,"href":"https:\/\/www.hbrkahta.com\/index.php\/wp-json\/wp\/v2\/media\/17774"}],"wp:attachment":[{"href":"https:\/\/www.hbrkahta.com\/index.php\/wp-json\/wp\/v2\/media?parent=17773"}],"wp:term":[{"taxonomy":"category","embeddable":true,"href":"https:\/\/www.hbrkahta.com\/index.php\/wp-json\/wp\/v2\/categories?post=17773"},{"taxonomy":"post_tag","embeddable":true,"href":"https:\/\/www.hbrkahta.com\/index.php\/wp-json\/wp\/v2\/tags?post=17773"}],"curies":[{"name":"wp","href":"https:\/\/api.w.org\/{rel}","templated":true}]}}