{"id":17755,"date":"2025-09-10T13:12:04","date_gmt":"2025-09-10T10:12:04","guid":{"rendered":"https:\/\/www.hbrkahta.com\/?p=17755"},"modified":"2025-09-10T13:12:04","modified_gmt":"2025-09-10T10:12:04","slug":"anahtar-parti-il-baskani-alsan-muteahhitlere-soz-verilen-odemeler-zamaninda-yapilsin","status":"publish","type":"post","link":"https:\/\/www.hbrkahta.com\/index.php\/2025\/09\/10\/anahtar-parti-il-baskani-alsan-muteahhitlere-soz-verilen-odemeler-zamaninda-yapilsin\/","title":{"rendered":"Anahtar Parti \u0130l Ba\u015fkan\u0131 Alsan: \u2018M\u00fcteahhitlere s\u00f6z verilen \u00f6demeler zaman\u0131nda yap\u0131ls\u0131n\u2019"},"content":{"rendered":"<p>&ldquo;Yerinde d\u00f6n\u00fc\u015f\u00fcmde 40 g\u00fcnl\u00fck bekleme s\u00fcresi ma\u011fduriyet yarat\u0131yor&rdquo;<\/p>\n<p>Alsan, 6 \u015eubat Kahramanmara\u015f merkezli depremlerin ard\u0131ndan Ad\u0131yaman\u2019da yo\u011fun in\u015faat faaliyetlerinin s\u00fcrd\u00fc\u011f\u00fcn\u00fc belirterek, &ldquo;Yerinde d\u00f6n\u00fc\u015f\u00fcm \u00e7al\u0131\u015fmalar\u0131n\u0131n ba\u015flamas\u0131n\u0131n \u00fczerinden yakla\u015f\u0131k bir bu\u00e7uk y\u0131l ge\u00e7ti. Bug\u00fcne kadar vatanda\u015f\u0131m\u0131z\u0131n da m\u00fcteahhitlerimizin de \u00f6nemli bir s\u0131k\u0131nt\u0131s\u0131 olmam\u0131\u015ft\u0131. Ancak geldi\u011fimiz noktada hakedi\u015f ba\u015fvurular\u0131ndan sonra 40 g\u00fcnl\u00fck bir bekleme s\u00fcresi uygulan\u0131yor. Bu s\u00fcre hem m\u00fcteahhitlerimizi hem onlar\u0131n yan\u0131nda \u00e7al\u0131\u015fan yerel ta\u015feronlar\u0131 hem de vatanda\u015flar\u0131m\u0131z\u0131 ma\u011fdur ediyor&rdquo; dedi.<\/p>\n<p>&ldquo;Vatanda\u015f evine kavu\u015fmay\u0131 bekliyor&rdquo;<\/p>\n<p>Alsan, Ad\u0131yamanl\u0131lar\u0131n evlerine yerle\u015fmek i\u00e7in yerinde d\u00f6n\u00fc\u015f\u00fcm projelerinin h\u0131zla tamamlanmas\u0131n\u0131 bekledi\u011fini ifade ederek \u015funlar\u0131 kaydetti:<br \/>\n&ldquo;Vatanda\u015f\u0131m\u0131z bir an \u00f6nce evine kavu\u015fmak istiyor. M\u00fcteahhitlerimiz bu s\u00fcre\u00e7te b\u00fcy\u00fck bir sorumluluk \u00fcstlendi, elini ta\u015f\u0131n alt\u0131na koydu. Ancak hakedi\u015flerin ge\u00e7 \u00f6denmesi nedeniyle ta\u015feronlara \u00f6deme yapmakta, i\u015f\u00e7ilere maa\u015f vermekte zorlan\u0131yorlar. Bu durum do\u011fal olarak s\u00fcreci yava\u015flat\u0131yor.&rdquo;<\/p>\n<p>&ldquo;E\u011fitim d\u00f6nemi, ekonomik zorluklar\u0131 art\u0131rd\u0131&rdquo;<\/p>\n<p>Hakedi\u015f \u00f6demelerindeki gecikmenin aile b\u00fct\u00e7elerine de yans\u0131d\u0131\u011f\u0131n\u0131 vurgulayan Alsan, &ldquo;Malumunuz e\u011fitim-\u00f6\u011fretim sezonu a\u00e7\u0131ld\u0131. \u00c7al\u0131\u015fan vatanda\u015flar\u0131m\u0131z \u00e7ocuklar\u0131n\u0131n okul ve k\u0131rtasiye masraflar\u0131n\u0131 kar\u015f\u0131lamak zorunda. M\u00fcteahhitlerin ve ta\u015feronlar\u0131n alacaklar\u0131n\u0131 zaman\u0131nda tahsil edememesi ailelerin ge\u00e7imini do\u011frudan etkiliyor. Bu nedenle \u00f6demelerin h\u0131zla yap\u0131lmas\u0131 b\u00fcy\u00fck \u00f6nem ta\u015f\u0131yor&rdquo; dedi.<\/p>\n<p>&ldquo;S\u00f6z verilen \u00f6demeler zaman\u0131nda yap\u0131ls\u0131n&rdquo;<\/p>\n<p>Alsan, Bakan Murat Kurum\u2019un daha \u00f6nce verdi\u011fi s\u00f6z\u00fc hat\u0131rlatarak \u015fu \u00e7a\u011fr\u0131da bulundu:<br \/>\n&ldquo;Biz Anahtar Parti olarak vatanda\u015f\u0131m\u0131z\u0131n yan\u0131nday\u0131z. Hem m\u00fcteahhitlerimizin hem ta\u015feronlar\u0131m\u0131z\u0131n hem de i\u015f\u00e7ilerimizin bu ma\u011fduriyetinin giderilmesi i\u00e7in \u00f6demelerin s\u00f6z verildi\u011fi \u015fekilde zaman\u0131nda ve eksiksiz yap\u0131lmas\u0131n\u0131 talep ediyoruz. Ad\u0131yamanl\u0131 m\u00fcteahhitin, in\u015faat i\u015f\u00e7isinin ve vatanda\u015f\u0131n yan\u0131nda durulmas\u0131n\u0131 istiyoruz.&rdquo;<\/p><\/p>\n","protected":false},"excerpt":{"rendered":"<p> \u015eeriban \u00d6Z\u00c7AKMAK &#8211; Anahtar Parti Ad\u0131yaman \u0130l Ba\u015fkan\u0131 Emircan Ahmet Alsan, yerinde d\u00f6n\u00fc\u015f\u00fcm projelerinde g\u00f6rev alan m\u00fcteahhitlerin hakedi\u015f \u00f6demelerinde ya\u015fanan gecikmelere dikkat \u00e7ekerek, \u00c7evre, \u015eehircilik ve \u0130klim De\u011fi\u015fikli\u011fi Bakan\u0131 Murat Kurum\u2019un \u201chakedi\u015flerin zaman\u0131nda ve eksiksiz \u00f6denece\u011fi\u201d s\u00f6z\u00fcn\u00fc hat\u0131rlatt\u0131.<\/p>\n","protected":false},"author":1,"featured_media":17756,"comment_status":"open","ping_status":"open","sticky":false,"template":"","format":"standard","meta":{"om_disable_all_campaigns":false,"_monsterinsights_skip_tracking":false,"_monsterinsights_sitenote_active":false,"_monsterinsights_sitenote_note":"","_monsterinsights_sitenote_category":0,"footnotes":""},"categories":[1,11],"tags":[540,972,483,183],"aioseo_notices":[],"_links":{"self":[{"href":"https:\/\/www.hbrkahta.com\/index.php\/wp-json\/wp\/v2\/posts\/17755"}],"collection":[{"href":"https:\/\/www.hbrkahta.com\/index.php\/wp-json\/wp\/v2\/posts"}],"about":[{"href":"https:\/\/www.hbrkahta.com\/index.php\/wp-json\/wp\/v2\/types\/post"}],"author":[{"embeddable":true,"href":"https:\/\/www.hbrkahta.com\/index.php\/wp-json\/wp\/v2\/users\/1"}],"replies":[{"embeddable":true,"href":"https:\/\/www.hbrkahta.com\/index.php\/wp-json\/wp\/v2\/comments?post=17755"}],"version-history":[{"count":1,"href":"https:\/\/www.hbrkahta.com\/index.php\/wp-json\/wp\/v2\/posts\/17755\/revisions"}],"predecessor-version":[{"id":17757,"href":"https:\/\/www.hbrkahta.com\/index.php\/wp-json\/wp\/v2\/posts\/17755\/revisions\/17757"}],"wp:featuredmedia":[{"embeddable":true,"href":"https:\/\/www.hbrkahta.com\/index.php\/wp-json\/wp\/v2\/media\/17756"}],"wp:attachment":[{"href":"https:\/\/www.hbrkahta.com\/index.php\/wp-json\/wp\/v2\/media?parent=17755"}],"wp:term":[{"taxonomy":"category","embeddable":true,"href":"https:\/\/www.hbrkahta.com\/index.php\/wp-json\/wp\/v2\/categories?post=17755"},{"taxonomy":"post_tag","embeddable":true,"href":"https:\/\/www.hbrkahta.com\/index.php\/wp-json\/wp\/v2\/tags?post=17755"}],"curies":[{"name":"wp","href":"https:\/\/api.w.org\/{rel}","templated":true}]}}