{"id":17738,"date":"2025-09-09T16:36:03","date_gmt":"2025-09-09T13:36:03","guid":{"rendered":"https:\/\/www.hbrkahta.com\/?p=17738"},"modified":"2025-09-09T16:36:03","modified_gmt":"2025-09-09T13:36:03","slug":"chpnin-102-kurulus-yildonumu-besnide-kutlandi","status":"publish","type":"post","link":"https:\/\/www.hbrkahta.com\/index.php\/2025\/09\/09\/chpnin-102-kurulus-yildonumu-besnide-kutlandi\/","title":{"rendered":"CHP\u2019nin 102. kurulu\u015f y\u0131ld\u00f6n\u00fcm\u00fc Besni\u2019de kutland\u0131"},"content":{"rendered":"<p>\u00d6cal: &ldquo;CHP, demokrasinin ve laikli\u011fin teminat\u0131d\u0131r&rdquo;<\/p>\n<p>CHP Besni \u0130l\u00e7e Ba\u015fkan\u0131 As\u0131m \u00d6cal, yay\u0131mlad\u0131\u011f\u0131 mesajda \u015funlar\u0131 kaydetti:<br \/>\n&ldquo;Cumhuriyet Halk Partisi, milli m\u00fccadelenin i\u00e7inden \u00e7\u0131kan kan, g\u00f6zya\u015f\u0131 ve fedak&acirc;rl\u0131k neticesinde kazan\u0131lan sava\u015f\u0131n ard\u0131ndan modern T\u00fcrkiye\u2019nin kurulu\u015fu i\u00e7in verilen m\u00fccadelenin sonucu olan, \u00fclkenin en eski partisidir. B\u00f6yle \u015fanl\u0131 ve anlaml\u0131 bir tarihi olan partimizin \u00fczerine oynanan oyunlar ve \u00fczerindeki hukuksuz bask\u0131lar\u0131n, T\u00fcrkiye Cumhuriyeti\u2019ni y\u0131kma ve d\u00f6n\u00fc\u015ft\u00fcrme \u00e7abas\u0131 oldu\u011funu g\u00f6r\u00fcyoruz. Ama\u00e7lar\u0131, kurucumuz Atat\u00fcrk\u2019\u00fcn iki b\u00fcy\u00fck eserini yok etmek, Cumhuriyet Halk Partisi\u2019ni itibars\u0131zla\u015ft\u0131rmak, laik ve demokratik T\u00fcrkiye Cumhuriyeti\u2019ni d\u00f6n\u00fc\u015ft\u00fcrmektir.<\/p>\n<p>Bu beyhude \u00e7abalar, Menderes d\u00f6neminde ve 12 Eyl\u00fcl fa\u015fist cunta d\u00f6neminde de denenmi\u015f ama ba\u015far\u0131lamam\u0131\u015ft\u0131r. Bug\u00fcn de ba\u015faramayacaklard\u0131r. Cumhuriyet Halk Partisi m\u00fccadelenin, fedak&acirc;rl\u0131\u011f\u0131n, demokrasinin partisidir. Laikli\u011fin, adaletin ve ba\u011f\u0131ms\u0131zl\u0131\u011f\u0131n teminat\u0131d\u0131r. Milli m\u00fccadelenin i\u00e7inde filizlenen ve sonras\u0131nda kurulan bir parti olan Cumhuriyet Halk Partisi bask\u0131lara boyun e\u011fmeyecektir. Demokrasi m\u00fccadelemizden bir ad\u0131m geri atmayaca\u011f\u0131z, korkmayaca\u011f\u0131z, y\u0131lmayaca\u011f\u0131z. Genel Ba\u015fkan\u0131m\u0131z \u00d6zg\u00fcr \u00d6zel\u2019in dedi\u011fi gibi: &lsquo;Biz kazanaca\u011f\u0131z, biz kazanaca\u011f\u0131z, biz kazanaca\u011f\u0131z.\u2019<br \/>\nYa\u015fas\u0131n laik, demokratik T\u00fcrkiye Cumhuriyeti. Ya\u015fas\u0131n Cumhuriyet Halk Partisi.&rdquo;<\/p>\n<p>&ldquo;CHP\u2019nin kurulu\u015f hik&acirc;yesi&rdquo;<\/p>\n<p>CHP, 9 Eyl\u00fcl 1923\u2019te Mustafa Kemal Atat\u00fcrk\u2019\u00fcn \u00f6nc\u00fcl\u00fc\u011f\u00fcnde &ldquo;Halk F\u0131rkas\u0131&rdquo; ad\u0131yla kurulmu\u015ftur. Kurtulu\u015f Sava\u015f\u0131 sonras\u0131 Cumhuriyet\u2019in temellerini atan bu parti, T\u00fcrkiye\u2019nin ilk siyasi partisi olma \u00f6zelli\u011fini ta\u015f\u0131maktad\u0131r. 1924 y\u0131l\u0131nda &ldquo;Cumhuriyet Halk F\u0131rkas\u0131&rdquo;, 1935 y\u0131l\u0131nda ise bug\u00fcnk\u00fc ad\u0131yla &ldquo;Cumhuriyet Halk Partisi&rdquo; ad\u0131n\u0131 alm\u0131\u015ft\u0131r.<\/p>\n<p>&ldquo;Alt\u0131 Ok ve partinin temel ilkeleri&rdquo;<\/p>\n<p>CHP\u2019nin amblemi olan Alt\u0131 Ok, partinin ve Cumhuriyet\u2019in temel ilkelerini simgeler:<br \/>\nCumhuriyet\u00e7ilik &ndash; Halk\u0131n kendi iradesiyle y\u00f6netime kat\u0131lmas\u0131.<br \/>\nHalk\u00e7\u0131l\u0131k &ndash; Toplumun t\u00fcm kesimlerinin e\u015fit yurtta\u015fl\u0131k temelinde hak sahibi olmas\u0131.<br \/>\nMilliyet\u00e7ilik &ndash; Ulusal ba\u011f\u0131ms\u0131zl\u0131k ve milli birlik.<br \/>\nDevlet\u00e7ilik &ndash; Ekonomide devletin d\u00fczenleyici ve yol g\u00f6sterici rol \u00fcstlenmesi.<br \/>\nLaiklik &ndash; Din ve devlet i\u015flerinin ayr\u0131l\u0131\u011f\u0131, inan\u00e7 \u00f6zg\u00fcrl\u00fc\u011f\u00fc.<br \/>\n\u0130nk\u0131lap\u00e7\u0131l\u0131k (Devrimcilik) &ndash; S\u00fcrekli yenilenme ve \u00e7a\u011fda\u015f uygarl\u0131k seviyesine ula\u015fma iradesi.<\/p>\n<p>Bu ilkeler, 1931 y\u0131l\u0131nda partinin program\u0131na girmi\u015f, 1937 y\u0131l\u0131nda ise Anayasa\u2019ya dahil edilerek devletin de temel ilkeleri haline gelmi\u015ftir.<\/p>\n<p>&ldquo;Genel ba\u015fkanlar&rdquo;<br \/>\nKurulu\u015fundan bug\u00fcne CHP\u2019de g\u00f6rev yapan genel ba\u015fkanlar \u015funlard\u0131r:<br \/>\nMustafa Kemal Atat\u00fcrk (1923&ndash;1938)<br \/>\n\u0130smet \u0130n\u00f6n\u00fc (1938&ndash;1972)<br \/>\nB\u00fclent Ecevit (1972&ndash;1980)<br \/>\nDeniz Baykal (1992&ndash;2010)<br \/>\nKemal K\u0131l\u0131\u00e7daro\u011flu (2010&ndash;2023)<br \/>\n\u00d6zg\u00fcr \u00d6zel (2023&ndash;g\u00fcn\u00fcm\u00fcz)<br \/>\n(12 Eyl\u00fcl 1980 darbesi sonras\u0131nda CHP kapat\u0131lm\u0131\u015f, 1992\u2019de yeniden a\u00e7\u0131lm\u0131\u015ft\u0131r.)<\/p>\n<p>&ldquo;CHP\u2019nin demokrasi m\u00fccadelesi&rdquo;<\/p>\n<p>T\u00fcrkiye\u2019de \u00e7ok partili hayata ge\u00e7i\u015fin \u00f6nc\u00fclerinden olan CHP, demokrasi, laiklik ve sosyal adalet alan\u0131nda y\u00fcr\u00fctt\u00fc\u011f\u00fc m\u00fccadeleyle T\u00fcrk siyasal ya\u015fam\u0131n\u0131n \u015fekillenmesinde belirleyici bir rol oynam\u0131\u015ft\u0131r. Parti, \u00f6zellikle tek parti d\u00f6neminden \u00e7ok partili ya\u015fama ge\u00e7i\u015f s\u00fcrecine, darbelerden sonraki yeniden yap\u0131lanma \u00e7abalar\u0131na kadar bir\u00e7ok kritik d\u00f6neme\u00e7te etkin rol oynam\u0131\u015ft\u0131r.<\/p>\n<p>CHP\u2019nin 102. kurulu\u015f y\u0131ld\u00f6n\u00fcm\u00fc nedeniyle a\u00e7\u0131klama yapan CHP Besni \u0130l\u00e7e Ba\u015fkan\u0131 As\u0131m \u00d6cal, partinin demokrasiye ve laikli\u011fe ba\u011fl\u0131l\u0131\u011f\u0131n\u0131 bir kez daha vurgulad\u0131. CHP, tarihi boyunca oldu\u011fu gibi bug\u00fcn de T\u00fcrkiye\u2019de laik, demokratik ve ba\u011f\u0131ms\u0131z bir Cumhuriyet i\u00e7in m\u00fccadelesini s\u00fcrd\u00fcrmeye devam ediyor.<\/p><\/p>\n","protected":false},"excerpt":{"rendered":"<p> \u015eeriban \u00d6Z\u00c7AKMAK \u2013 T\u00fcrkiye Cumhuriyeti\u2019nin kurucusu Mustafa Kemal Atat\u00fcrk\u2019\u00fcn \u201cBenim iki b\u00fcy\u00fck eserim vard\u0131r; biri T\u00fcrkiye Cumhuriyeti, di\u011feri Cumhuriyet Halk Partisi\u2019dir\u201d s\u00f6zleriyle tarihe ge\u00e7en Cumhuriyet Halk Partisi (CHP), 102. kurulu\u015f y\u0131ld\u00f6n\u00fcm\u00fcn\u00fc kutluyor. CHP\u2019nin kurulu\u015f y\u0131ld\u00f6n\u00fcm\u00fc dolay\u0131s\u0131yla bir mesaj yay\u0131mlayan CHP Besni \u0130l\u00e7e Ba\u015fkan\u0131 As\u0131m \u00d6cal, partinin tarihsel \u00f6nemine ve demokrasi m\u00fccadelesine dikkat \u00e7ekti.<\/p>\n","protected":false},"author":1,"featured_media":17739,"comment_status":"open","ping_status":"open","sticky":false,"template":"","format":"standard","meta":{"om_disable_all_campaigns":false,"_monsterinsights_skip_tracking":false,"_monsterinsights_sitenote_active":false,"_monsterinsights_sitenote_note":"","_monsterinsights_sitenote_category":0,"footnotes":""},"categories":[1,11],"tags":[540,283,742,2671,129],"aioseo_notices":[],"_links":{"self":[{"href":"https:\/\/www.hbrkahta.com\/index.php\/wp-json\/wp\/v2\/posts\/17738"}],"collection":[{"href":"https:\/\/www.hbrkahta.com\/index.php\/wp-json\/wp\/v2\/posts"}],"about":[{"href":"https:\/\/www.hbrkahta.com\/index.php\/wp-json\/wp\/v2\/types\/post"}],"author":[{"embeddable":true,"href":"https:\/\/www.hbrkahta.com\/index.php\/wp-json\/wp\/v2\/users\/1"}],"replies":[{"embeddable":true,"href":"https:\/\/www.hbrkahta.com\/index.php\/wp-json\/wp\/v2\/comments?post=17738"}],"version-history":[{"count":1,"href":"https:\/\/www.hbrkahta.com\/index.php\/wp-json\/wp\/v2\/posts\/17738\/revisions"}],"predecessor-version":[{"id":17740,"href":"https:\/\/www.hbrkahta.com\/index.php\/wp-json\/wp\/v2\/posts\/17738\/revisions\/17740"}],"wp:featuredmedia":[{"embeddable":true,"href":"https:\/\/www.hbrkahta.com\/index.php\/wp-json\/wp\/v2\/media\/17739"}],"wp:attachment":[{"href":"https:\/\/www.hbrkahta.com\/index.php\/wp-json\/wp\/v2\/media?parent=17738"}],"wp:term":[{"taxonomy":"category","embeddable":true,"href":"https:\/\/www.hbrkahta.com\/index.php\/wp-json\/wp\/v2\/categories?post=17738"},{"taxonomy":"post_tag","embeddable":true,"href":"https:\/\/www.hbrkahta.com\/index.php\/wp-json\/wp\/v2\/tags?post=17738"}],"curies":[{"name":"wp","href":"https:\/\/api.w.org\/{rel}","templated":true}]}}