{"id":17722,"date":"2025-09-08T16:36:04","date_gmt":"2025-09-08T13:36:04","guid":{"rendered":"https:\/\/www.hbrkahta.com\/?p=17722"},"modified":"2025-09-08T16:36:04","modified_gmt":"2025-09-08T13:36:04","slug":"adiyaman-belediyesi-toplu-tasima-sefer-sayisini-artirdi","status":"publish","type":"post","link":"https:\/\/www.hbrkahta.com\/index.php\/2025\/09\/08\/adiyaman-belediyesi-toplu-tasima-sefer-sayisini-artirdi\/","title":{"rendered":"Ad\u0131yaman Belediyesi toplu ta\u015f\u0131ma sefer say\u0131s\u0131n\u0131 art\u0131rd\u0131"},"content":{"rendered":"<p>2025-2026 e\u011fitim-\u00f6\u011fretim y\u0131l\u0131n\u0131n ba\u015flamas\u0131yla birlikte \u00f6\u011frenciler ve velilerin de yo\u011fun olarak trafi\u011fe kat\u0131lmas\u0131 \u00fczerine Ad\u0131yaman Belediyesi Ula\u015f\u0131m Hizmetleri M\u00fcd\u00fcrl\u00fc\u011f\u00fc, \u015fehir i\u00e7i otob\u00fcs hatlar\u0131nda sefer say\u0131lar\u0131n\u0131 art\u0131rd\u0131. \u00d6zellikle Atat\u00fcrk Bulvar\u0131 ba\u015fta olmak \u00fczere kent merkezinin ana arterlerinde ya\u015fanabilecek yo\u011funlu\u011fun \u00f6n\u00fcne ge\u00e7ilmesi hedefleniyor.<\/p>\n<p>Ba\u015fkan Tutdere\u2019den toplu ta\u015f\u0131ma \u00e7a\u011fr\u0131s\u0131<\/p>\n<p>Ad\u0131yaman Belediye Ba\u015fkan\u0131 Abdurrahman Tutdere, yap\u0131lan d\u00fczenlemeye ili\u015fkin a\u00e7\u0131klamas\u0131nda vatanda\u015flara bireysel ara\u00e7 yerine toplu ta\u015f\u0131ma kullanmalar\u0131 y\u00f6n\u00fcnde \u00e7a\u011fr\u0131da bulundu.<\/p>\n<p>Ba\u015fkan Tutdere \u015funlar\u0131 kaydetti:<br \/>\n&ldquo;Okullar\u0131n a\u00e7\u0131lmas\u0131yla birlikte Atat\u00fcrk Bulvar\u0131 ve \u015fehrimizin ana arterlerinde olu\u015fabilecek trafik yo\u011funlu\u011funu \u00f6nlemek i\u00e7in toplu ula\u015f\u0131m seferlerini art\u0131rd\u0131k. Vatanda\u015flar\u0131m\u0131z\u0131n bireysel ara\u00e7 yerine toplu ta\u015f\u0131may\u0131 tercih etmeleri, hem zaman kay\u0131plar\u0131n\u0131 \u00f6nleyecek hem de \u015fehir i\u00e7i trafi\u011fini rahatlatacakt\u0131r. T\u00fcm hem\u015fehrilerimize ve \u00f6\u011frencilerimize kazas\u0131z, g\u00fcvenli g\u00fcnler diliyorum.&rdquo;<br \/>\n<img decoding=\"async\" alt=\"\" src=\"https:\/\/www.hbrkahta.com\/wp-content\/uploads\/2025\/09\/adiyaman-belediyesi-toplu-tasima-sefer-sayisini-artirdi-0-48m73Xev.jpg\"><br \/>\n\u00d6nlemler s\u00fcrecek<\/p>\n<p>Belediye yetkilileri, e\u011fitim d\u00f6neminde trafik yo\u011funlu\u011funun artmas\u0131na kar\u015f\u0131 alternatif \u00f6nlemlerin de devreye al\u0131naca\u011f\u0131n\u0131 belirtti. Bu kapsamda, yo\u011fun saatlerde ek seferlerin yap\u0131lmas\u0131, hat d\u00fczenlemeleri ve ara\u00e7 i\u00e7i denetimlerin art\u0131r\u0131lmas\u0131 planlan\u0131yor.<\/p>\n<p>Ad\u0131yaman Belediyesi, vatanda\u015flar\u0131n g\u00fcvenli, h\u0131zl\u0131 ve ekonomik bir ula\u015f\u0131m hizmeti alabilmesi i\u00e7in \u00e7al\u0131\u015fmalar\u0131n\u0131 s\u00fcrd\u00fcrece\u011fini a\u00e7\u0131klad\u0131.<\/p><\/p>\n","protected":false},"excerpt":{"rendered":"<p> Murat KAYI\u015e &#8211; Ad\u0131yaman Belediyesi, okullar\u0131n a\u00e7\u0131lmas\u0131yla birlikte kent merkezinde ya\u015fanan trafik yo\u011funlu\u011funu azaltmak i\u00e7in toplu ta\u015f\u0131ma seferlerinde d\u00fczenlemeye gitti.<\/p>\n","protected":false},"author":1,"featured_media":17723,"comment_status":"open","ping_status":"open","sticky":false,"template":"","format":"standard","meta":{"om_disable_all_campaigns":false,"_monsterinsights_skip_tracking":false,"_monsterinsights_sitenote_active":false,"_monsterinsights_sitenote_note":"","_monsterinsights_sitenote_category":0,"footnotes":""},"categories":[1,11],"tags":[540,885,2164],"aioseo_notices":[],"_links":{"self":[{"href":"https:\/\/www.hbrkahta.com\/index.php\/wp-json\/wp\/v2\/posts\/17722"}],"collection":[{"href":"https:\/\/www.hbrkahta.com\/index.php\/wp-json\/wp\/v2\/posts"}],"about":[{"href":"https:\/\/www.hbrkahta.com\/index.php\/wp-json\/wp\/v2\/types\/post"}],"author":[{"embeddable":true,"href":"https:\/\/www.hbrkahta.com\/index.php\/wp-json\/wp\/v2\/users\/1"}],"replies":[{"embeddable":true,"href":"https:\/\/www.hbrkahta.com\/index.php\/wp-json\/wp\/v2\/comments?post=17722"}],"version-history":[{"count":1,"href":"https:\/\/www.hbrkahta.com\/index.php\/wp-json\/wp\/v2\/posts\/17722\/revisions"}],"predecessor-version":[{"id":17725,"href":"https:\/\/www.hbrkahta.com\/index.php\/wp-json\/wp\/v2\/posts\/17722\/revisions\/17725"}],"wp:featuredmedia":[{"embeddable":true,"href":"https:\/\/www.hbrkahta.com\/index.php\/wp-json\/wp\/v2\/media\/17723"}],"wp:attachment":[{"href":"https:\/\/www.hbrkahta.com\/index.php\/wp-json\/wp\/v2\/media?parent=17722"}],"wp:term":[{"taxonomy":"category","embeddable":true,"href":"https:\/\/www.hbrkahta.com\/index.php\/wp-json\/wp\/v2\/categories?post=17722"},{"taxonomy":"post_tag","embeddable":true,"href":"https:\/\/www.hbrkahta.com\/index.php\/wp-json\/wp\/v2\/tags?post=17722"}],"curies":[{"name":"wp","href":"https:\/\/api.w.org\/{rel}","templated":true}]}}