{"id":17712,"date":"2025-09-08T15:36:04","date_gmt":"2025-09-08T12:36:04","guid":{"rendered":"https:\/\/www.hbrkahta.com\/?p=17712"},"modified":"2025-09-08T15:36:04","modified_gmt":"2025-09-08T12:36:04","slug":"milletvekili-ozhan-besnide-yatirimlari-sahada-inceledi-vatandasimizi-dinliyor-cozum-uretiyoruz-hayata-geciriyoruz","status":"publish","type":"post","link":"https:\/\/www.hbrkahta.com\/index.php\/2025\/09\/08\/milletvekili-ozhan-besnide-yatirimlari-sahada-inceledi-vatandasimizi-dinliyor-cozum-uretiyoruz-hayata-geciriyoruz\/","title":{"rendered":"Milletvekili \u00d6zhan, Besni\u2019de yat\u0131r\u0131mlar\u0131 sahada inceledi: \u2018Vatanda\u015f\u0131m\u0131z\u0131 dinliyor, \u00e7\u00f6z\u00fcm \u00fcretiyoruz, hayata ge\u00e7iriyoruz\u2019"},"content":{"rendered":"<p>Milletvekili \u00d6zhan, &ldquo;Deprem sonras\u0131 d\u00f6nemde yat\u0131r\u0131mlar\u0131m\u0131z\u0131 daha da h\u0131zland\u0131rd\u0131k. Amac\u0131m\u0131z sadece in\u015fa etmek de\u011fil, ayn\u0131 zamanda ya\u015fam kalitesini art\u0131rmak ve tarihimizi gelece\u011fe ta\u015f\u0131makt\u0131r&rdquo; dedi.<\/p>\n<p>Terbizek Kav\u015fa\u011f\u0131\u2019nda konfor ve g\u00fcvenlik vurgusu<\/p>\n<p>\u0130ncelemelerine Terbizek Kav\u015fa\u011f\u0131\u2019ndan ba\u015flayan \u00d6zhan, yol d\u00fczenlemesi, cep \u00e7al\u0131\u015fmalar\u0131 ve ayd\u0131nlatma sistemleriyle ilgili teknik bilgiler ald\u0131. \u00c7al\u0131\u015fmalar\u0131n bu ay i\u00e7inde tamamlanaca\u011f\u0131n\u0131 belirten \u00d6zhan, \u015funlar\u0131 s\u00f6yledi:<\/p>\n<p>&ldquo;Buradaki d\u00fczenlemelerle birlikte trafik g\u00fcvenli\u011fi artacak, vatanda\u015flar\u0131m\u0131z i\u00e7in \u00e7ok daha konforlu ve g\u00fcvenli bir ula\u015f\u0131m sa\u011flanacak. En ufak bir aksakl\u0131\u011f\u0131 dahi an\u0131nda \u00e7\u00f6zmek i\u00e7in sahaday\u0131z, vatanda\u015f\u0131m\u0131z\u0131n yan\u0131nday\u0131z.&rdquo;<\/p>\n<p>\u00c7evre Yolu ve Viyad\u00fck: &ldquo;Trafik ke\u015fmeke\u015fine son verecek&rdquo;<\/p>\n<p>Milletvekili \u00d6zhan\u2019\u0131n bir sonraki dura\u011f\u0131, Besni \u00c7evre Yolu ve Viyad\u00fck Projesi oldu. Proje m\u00fchendislerinden brifing alan \u00d6zhan, \u00e7al\u0131\u015fman\u0131n tamamlanmas\u0131yla birlikte \u015fehir i\u00e7i trafi\u011fin b\u00fcy\u00fck \u00f6l\u00e7\u00fcde rahatlayaca\u011f\u0131n\u0131 ifade etti:<\/p>\n<p>&ldquo;Vatanda\u015f\u0131m\u0131z\u0131n derdini dinliyoruz, bu dertlere \u00e7\u00f6z\u00fcmler \u00fcretiyoruz ve en k\u0131sa s\u00fcrede hayata ge\u00e7iriyoruz. Bu \u00e7evre yolu, \u015fehir merkezindeki ke\u015fmeke\u015fi sona erdirecek, hem zaman kayb\u0131n\u0131 \u00f6nleyecek hem de trafik kazas\u0131 riskini azaltacak. \u00c7al\u0131\u015fmalar\u0131 g\u00fcnl\u00fck takip ediyoruz.&rdquo;<\/p>\n<p>Kent Meydan\u0131: Besni\u2019nin yeni bulu\u015fma noktas\u0131<\/p>\n<p>\u00d6zhan, ard\u0131ndan Kent Meydan\u0131 Projesi\u2019nde incelemelerde bulundu. Projenin sadece fiziksel bir alan d\u00fczenlemesi de\u011fil, sosyal ya\u015fam\u0131 canland\u0131racak bir ad\u0131m oldu\u011funu vurgulayan \u00d6zhan, \u015fu de\u011ferlendirmeyi yapt\u0131:<\/p>\n<p>&ldquo;Hedefimiz daha ya\u015fanabilir, daha g\u00fczel, daha ye\u015fil bir Besni. Bu meydan il\u00e7emizin nefes alma noktas\u0131, ayn\u0131 zamanda modern y\u00fcz\u00fc olacak. Halk\u0131m\u0131z burada sosyal etkinliklerden bulu\u015fmalara kadar bir\u00e7ok imk&acirc;na kavu\u015facak.&rdquo;<\/p>\n<p>Kur\u015funlu Camii\u2019nde tarihi miras korunuyor<\/p>\n<p>Milletvekili \u00d6zhan\u2019\u0131n son dura\u011f\u0131, 6 \u015eubat depremlerinde a\u011f\u0131r hasar g\u00f6ren 17. y\u00fczy\u0131l eseri Kur\u015funlu Camii oldu. Vak\u0131flar B\u00f6lge M\u00fcd\u00fcrl\u00fc\u011f\u00fc ekiplerinden restorasyon s\u00fcreciyle ilgili bilgi alan \u00d6zhan, tarihi yap\u0131n\u0131n \u00f6zg\u00fcn mimarisi korunarak depreme dayan\u0131kl\u0131 hale getirildi\u011fini belirtti:<\/p>\n<p>&ldquo;1600\u2019l\u00fc y\u0131llardan bu yana Besni\u2019nin sembol\u00fc olan bu camimiz, asl\u0131na uygun \u015fekilde aya\u011fa kald\u0131r\u0131l\u0131yor. Hem tarihimize sahip \u00e7\u0131k\u0131yoruz hem de gelecek nesillere daha g\u00fcvenli bir eser b\u0131rak\u0131yoruz.&rdquo;<\/p>\n<p>&ldquo;Deprem sonras\u0131 yat\u0131r\u0131mlar\u0131m\u0131z daha b\u00fcy\u00fck \u00f6nem ta\u015f\u0131yor&rdquo;<\/p>\n<p>Ziyaretlerin ard\u0131ndan genel bir de\u011ferlendirme yapan Milletvekili \u00d6zhan, milletvekilli\u011finin sadece kanun yapmak de\u011fil, sahada icraatlar\u0131n uygulan\u0131\u015f\u0131n\u0131 takip etmek oldu\u011funu vurgulad\u0131:<\/p>\n<p>&ldquo;Bug\u00fcn Besni i\u00e7in hayati \u00f6neme sahip d\u00f6rt ayr\u0131 projede incelemelerde bulunduk. Her birinin takip\u00e7isi olaca\u011f\u0131z. Deprem sonras\u0131 s\u00fcre\u00e7te Ad\u0131yaman\u2019a ve Besni\u2019ye yap\u0131lan yat\u0131r\u0131mlar \u00e7ok daha b\u00fcy\u00fck \u00f6nem ta\u015f\u0131yor. Amac\u0131m\u0131z, yaralar\u0131 sarmak ve \u015fehrimizi eskisinden daha g\u00fc\u00e7l\u00fc bir \u015fekilde aya\u011fa kald\u0131rmakt\u0131r. &lsquo;Vatanda\u015f\u0131m\u0131z\u0131 dinliyor, \u00e7\u00f6z\u00fcm \u00fcretiyor, hayata ge\u00e7iriyoruz\u2019 s\u00f6z\u00fcm\u00fcz\u00fcn arkas\u0131nday\u0131z. Eme\u011fi ge\u00e7en herkese te\u015fekk\u00fcr ediyorum.&rdquo;<\/p><\/p>\n","protected":false},"excerpt":{"rendered":"<p> Fatma Didar YILDIRIM -| AK Parti Ad\u0131yaman Milletvekili H\u00fcseyin \u00d6zhan, Besni\u2019de yap\u0131m\u0131 devam eden yat\u0131r\u0131mlar\u0131 yerinde inceledi. \u00d6zhan\u2019a ziyaretlerinde Besni Belediye Ba\u015fkan\u0131 Re\u015fit Alkan, B\u00f6l\u00fckyayla Belediye Ba\u015fkan\u0131 Mehmet Turan, Kesmetepe Belediye Ba\u015fkan\u0131 \u0130brahim Karademir, AK Parti Besni \u0130l\u00e7e Ba\u015fkan\u0131 \u00d6mer Ert\u00fcrk, \u0130l Y\u00f6netim Kurulu \u00dcyeleri O\u011fuz Mutlu ve Zeki Tutar, Kad\u0131n Kollar\u0131 Ba\u015fkan\u0131 Semra Semiz ile partililer e\u015flik etti.<\/p>\n","protected":false},"author":1,"featured_media":17713,"comment_status":"open","ping_status":"open","sticky":false,"template":"","format":"standard","meta":{"om_disable_all_campaigns":false,"_monsterinsights_skip_tracking":false,"_monsterinsights_sitenote_active":false,"_monsterinsights_sitenote_note":"","_monsterinsights_sitenote_category":0,"footnotes":""},"categories":[1,11],"tags":[941,540,729,1988,880],"aioseo_notices":[],"_links":{"self":[{"href":"https:\/\/www.hbrkahta.com\/index.php\/wp-json\/wp\/v2\/posts\/17712"}],"collection":[{"href":"https:\/\/www.hbrkahta.com\/index.php\/wp-json\/wp\/v2\/posts"}],"about":[{"href":"https:\/\/www.hbrkahta.com\/index.php\/wp-json\/wp\/v2\/types\/post"}],"author":[{"embeddable":true,"href":"https:\/\/www.hbrkahta.com\/index.php\/wp-json\/wp\/v2\/users\/1"}],"replies":[{"embeddable":true,"href":"https:\/\/www.hbrkahta.com\/index.php\/wp-json\/wp\/v2\/comments?post=17712"}],"version-history":[{"count":1,"href":"https:\/\/www.hbrkahta.com\/index.php\/wp-json\/wp\/v2\/posts\/17712\/revisions"}],"predecessor-version":[{"id":17714,"href":"https:\/\/www.hbrkahta.com\/index.php\/wp-json\/wp\/v2\/posts\/17712\/revisions\/17714"}],"wp:featuredmedia":[{"embeddable":true,"href":"https:\/\/www.hbrkahta.com\/index.php\/wp-json\/wp\/v2\/media\/17713"}],"wp:attachment":[{"href":"https:\/\/www.hbrkahta.com\/index.php\/wp-json\/wp\/v2\/media?parent=17712"}],"wp:term":[{"taxonomy":"category","embeddable":true,"href":"https:\/\/www.hbrkahta.com\/index.php\/wp-json\/wp\/v2\/categories?post=17712"},{"taxonomy":"post_tag","embeddable":true,"href":"https:\/\/www.hbrkahta.com\/index.php\/wp-json\/wp\/v2\/tags?post=17712"}],"curies":[{"name":"wp","href":"https:\/\/api.w.org\/{rel}","templated":true}]}}