{"id":17709,"date":"2025-09-08T15:24:03","date_gmt":"2025-09-08T12:24:03","guid":{"rendered":"https:\/\/www.hbrkahta.com\/?p=17709"},"modified":"2025-09-08T15:24:03","modified_gmt":"2025-09-08T12:24:03","slug":"milletvekili-san-hafta-sonu-uc-ilcede-vatandaslarla-bulustu","status":"publish","type":"post","link":"https:\/\/www.hbrkahta.com\/index.php\/2025\/09\/08\/milletvekili-san-hafta-sonu-uc-ilcede-vatandaslarla-bulustu\/","title":{"rendered":"Milletvekili \u015ean, hafta sonu \u00fc\u00e7 il\u00e7ede vatanda\u015flarla bulu\u015ftu"},"content":{"rendered":"<p>Ad\u0131yaman\u2019da il\u00e7e merkezleri ve k\u00f6ylerdeki vatanda\u015flarla bir araya gelen TBMM Ba\u015fkanl\u0131k Divan K&acirc;tip \u00dcyesi ve AK Parti Ad\u0131yaman Milletvekili  Do\u00e7. Dr. \u0130shak \u015ean, vatanda\u015flar\u0131n talepleri ve ya\u015fad\u0131klar\u0131 sorunlar yerinde dinlenerek \u00e7\u00f6z\u00fcm odakl\u0131 isti\u015farelerde bulunuldu. K\u00f6ylerin e\u011fitim, altyap\u0131, sa\u011fl\u0131k, ula\u015f\u0131m ve tar\u0131msal kalk\u0131nma gibi konulardaki ihtiya\u00e7lar\u0131 de\u011ferlendirildi. Vatanda\u015flar taraf\u0131ndan iletilen sorunlar ilgili kurum amirlerine aktar\u0131ld\u0131.<br \/>\nMilletvekili \u015ean, &ldquo;Amac\u0131m\u0131z, vatanda\u015flar\u0131m\u0131z\u0131 dinlemek, sorunlar\u0131 yerinde g\u00f6rmek ve kamu kurumlar\u0131m\u0131zla i\u015f birli\u011fi i\u00e7inde \u00e7\u00f6z\u00fcm \u00fcretmektir. \u0130l ve il\u00e7elerimizdeki devlet erkan\u0131m\u0131zla birlikte vatanda\u015f\u0131n k\u00f6ylerine sokaklar\u0131na gidiyoruz. Her zaman halk\u0131m\u0131z\u0131n yan\u0131nday\u0131z. Sorunlar\u0131 sadece Ankara\u2019dan de\u011fil, vatanda\u015f\u0131m\u0131z\u0131n ya\u015fad\u0131\u011f\u0131 yerden de \u00e7\u00f6zmek i\u00e7in buraday\u0131z&rdquo; dedi.<br \/>\nZiyaretlerin ard\u0131ndan, vatanda\u015flar\u0131n talepleri do\u011frultusunda k\u0131sa, orta ve uzun vadeli \u00e7\u00f6z\u00fcm planlar\u0131n\u0131n haz\u0131rlanaca\u011f\u0131 belirtildi.<br \/>\n3 il\u00e7ede d\u00fczenlenen kapsaml\u0131 ziyaret program\u0131na il\u00e7elerdeki kaymakam, belediye ba\u015fkanlar\u0131, kurum amirleri, il genel meclis \u00fcyeleri ve k\u00f6y muhtarlar\u0131 da kat\u0131ld\u0131.<\/p><\/p>\n","protected":false},"excerpt":{"rendered":"<p> TBMM Ba\u015fkanl\u0131k Divan K\u00e2tip \u00dcyesi ve AK Parti Ad\u0131yaman Milletvekili Do\u00e7. Dr. \u0130shak \u015ean, hafta sonu Ad\u0131yaman\u2019\u0131n Tut, G\u00f6lba\u015f\u0131 ve Kahta il\u00e7elerinde temaslarda bulundu.<\/p>\n","protected":false},"author":1,"featured_media":17710,"comment_status":"open","ping_status":"open","sticky":false,"template":"","format":"standard","meta":{"om_disable_all_campaigns":false,"_monsterinsights_skip_tracking":false,"_monsterinsights_sitenote_active":false,"_monsterinsights_sitenote_note":"","_monsterinsights_sitenote_category":0,"footnotes":""},"categories":[1,11],"tags":[535,974],"aioseo_notices":[],"_links":{"self":[{"href":"https:\/\/www.hbrkahta.com\/index.php\/wp-json\/wp\/v2\/posts\/17709"}],"collection":[{"href":"https:\/\/www.hbrkahta.com\/index.php\/wp-json\/wp\/v2\/posts"}],"about":[{"href":"https:\/\/www.hbrkahta.com\/index.php\/wp-json\/wp\/v2\/types\/post"}],"author":[{"embeddable":true,"href":"https:\/\/www.hbrkahta.com\/index.php\/wp-json\/wp\/v2\/users\/1"}],"replies":[{"embeddable":true,"href":"https:\/\/www.hbrkahta.com\/index.php\/wp-json\/wp\/v2\/comments?post=17709"}],"version-history":[{"count":1,"href":"https:\/\/www.hbrkahta.com\/index.php\/wp-json\/wp\/v2\/posts\/17709\/revisions"}],"predecessor-version":[{"id":17711,"href":"https:\/\/www.hbrkahta.com\/index.php\/wp-json\/wp\/v2\/posts\/17709\/revisions\/17711"}],"wp:featuredmedia":[{"embeddable":true,"href":"https:\/\/www.hbrkahta.com\/index.php\/wp-json\/wp\/v2\/media\/17710"}],"wp:attachment":[{"href":"https:\/\/www.hbrkahta.com\/index.php\/wp-json\/wp\/v2\/media?parent=17709"}],"wp:term":[{"taxonomy":"category","embeddable":true,"href":"https:\/\/www.hbrkahta.com\/index.php\/wp-json\/wp\/v2\/categories?post=17709"},{"taxonomy":"post_tag","embeddable":true,"href":"https:\/\/www.hbrkahta.com\/index.php\/wp-json\/wp\/v2\/tags?post=17709"}],"curies":[{"name":"wp","href":"https:\/\/api.w.org\/{rel}","templated":true}]}}