{"id":17703,"date":"2025-09-07T21:12:04","date_gmt":"2025-09-07T18:12:04","guid":{"rendered":"https:\/\/www.hbrkahta.com\/?p=17703"},"modified":"2025-09-07T21:12:04","modified_gmt":"2025-09-07T18:12:04","slug":"milletvekili-ishak-san-kahtanin-koylerinde-halkla-bir-araya-geldi","status":"publish","type":"post","link":"https:\/\/www.hbrkahta.com\/index.php\/2025\/09\/07\/milletvekili-ishak-san-kahtanin-koylerinde-halkla-bir-araya-geldi\/","title":{"rendered":"Milletvekili \u0130shak \u015ean, Kahta\u2019n\u0131n k\u00f6ylerinde halkla bir araya geldi"},"content":{"rendered":"<p>Burmap\u0131nar\u2019daki toplant\u0131ya geni\u015f kat\u0131l\u0131m<\/p>\n<p>Burmap\u0131nar K\u00f6y\u00fc\u2019nde d\u00fczenlenen isti\u015fare toplant\u0131s\u0131na; Te\u011fmenli, Keklik, Yass\u0131kaya, Hisar ve Ba\u011f\u00f6z\u00fc k\u00f6ylerinin muhtarlar\u0131n\u0131n yan\u0131 s\u0131ra \u0130l \u00d6zel \u0130daresi Genel Sekreteri \u015e\u00fckr\u00fc Alperen G\u00f6kta\u015f, Kahta Kaymakam\u0131 Muhammed Usame Soysal, Kahta Belediye Ba\u015fkan\u0131 Mehmet Can Halla\u00e7, il ve il\u00e7e m\u00fcd\u00fcrleri, \u0130l Genel Meclis \u00dcyeleri ve \u00e7ok say\u0131da k\u00f6y muhtar\u0131 kat\u0131ld\u0131.<\/p>\n<p>Toplant\u0131da k\u00f6ylerin altyap\u0131 ve i\u00e7me suyu sorunlar\u0131, tar\u0131m ve hayvanc\u0131l\u0131\u011f\u0131n geli\u015ftirilmesi, sa\u011fl\u0131k ve e\u011fitim hizmetlerinin etkinli\u011fi, gen\u00e7lik ve spor tesisleri ile \u00e7evre d\u00fczenlemeleri ele al\u0131nd\u0131. Vatanda\u015flar\u0131n dile getirdi\u011fi talepler, ilgili kurum m\u00fcd\u00fcrleri taraf\u0131ndan yerinde not edildi.<\/p>\n<p>&ldquo;Amac\u0131m\u0131z k\u00f6ylerimizin kalk\u0131nmas\u0131na destek olmak&rdquo;<\/p>\n<p>Milletvekili \u015ean, toplant\u0131da yapt\u0131\u011f\u0131 konu\u015fmada, k\u00f6ylerdeki sorunlar\u0131n \u00e7\u00f6z\u00fcm\u00fcnde yerinde tespit ve sahada \u00fcretilecek \u00e7\u00f6z\u00fcmlerin \u00f6nemine dikkat \u00e7ekti. \u015ean, \u015fu ifadeleri kulland\u0131:<\/p>\n<p>&ldquo;Amac\u0131m\u0131z k\u00f6ylerimizin kalk\u0131nmas\u0131na destek olmak, vatanda\u015f\u0131m\u0131z\u0131n g\u00fcnl\u00fck ya\u015fam\u0131n\u0131 kolayla\u015ft\u0131racak hizmetleri en k\u0131sa s\u00fcrede hayata ge\u00e7irmektir. Muhtarlar\u0131m\u0131zla, y\u00f6neticilerimizle ve halk\u0131m\u0131zla birlikte hareket ederek \u00e7\u00f6z\u00fcm odakl\u0131 \u00e7al\u0131\u015fmaya devam edece\u011fiz.&rdquo;<\/p>\n<p>Erikdere\u2019de muhtar ve k\u00f6yl\u00fclerle bulu\u015fma<\/p>\n<p>Milletvekili \u015ean\u2019\u0131n ikinci dura\u011f\u0131 Erikdere K\u00f6y\u00fc oldu. Burada k\u00f6y muhtar\u0131 Ramazan \u00c7oban ve vatanda\u015flarla bir araya gelen \u015ean, k\u00f6y\u00fcn altyap\u0131, tar\u0131m, sa\u011fl\u0131k ve e\u011fitim alan\u0131ndaki ihtiya\u00e7lar\u0131n\u0131 dinledi.<\/p>\n<p>\u015ean, k\u00f6y halk\u0131na g\u00f6sterdikleri misafirperverlik i\u00e7in te\u015fekk\u00fcr ederek, sorunlar\u0131n \u00e7\u00f6z\u00fcm\u00fc konusunda ilgili kurumlarla i\u015f birli\u011fi i\u00e7inde \u00e7al\u0131\u015facaklar\u0131n\u0131 belirtti.<\/p>\n<p>&ldquo;Her k\u00f6y\u00fcm\u00fcz bizim i\u00e7in k\u0131ymetlidir&rdquo;<\/p>\n<p>Program sonunda k\u00f6yl\u00fclerle yeniden bir de\u011ferlendirme yapan Milletvekili \u015ean, birlik ve dayan\u0131\u015fma vurgusu yapt\u0131:<\/p>\n<p>&ldquo;Ad\u0131yaman\u2019\u0131n her k\u00f6y\u00fc bizim i\u00e7in k\u0131ymetlidir. Burmap\u0131nar\u2019dan Erikdere\u2019ye kadar t\u00fcm k\u00f6ylerimizi gelece\u011fe daha g\u00fc\u00e7l\u00fc ta\u015f\u0131mak i\u00e7in hep birlikte \u00e7al\u0131\u015faca\u011f\u0131z.&rdquo;<\/p><\/p>\n","protected":false},"excerpt":{"rendered":"<p> Mustafa KAMI\u015e \u2013 AK Parti Ad\u0131yaman Milletvekili ve TBMM Ba\u015fkanl\u0131k Divan\u0131 Katip \u00dcyesi Do\u00e7. Dr. \u0130shak \u015ean, Kahta il\u00e7esine ba\u011fl\u0131 k\u00f6ylerde vatanda\u015flarla bulu\u015farak isti\u015fare toplant\u0131lar\u0131 ger\u00e7ekle\u015ftirdi. Burmap\u0131nar ve Erikdere k\u00f6ylerinde d\u00fczenlenen programlarda, k\u00f6ylerin \u00f6ncelikli ihtiya\u00e7lar\u0131 ve \u00e7\u00f6z\u00fcm bekleyen sorunlar\u0131 masaya yat\u0131r\u0131ld\u0131.<\/p>\n","protected":false},"author":1,"featured_media":17704,"comment_status":"open","ping_status":"open","sticky":false,"template":"","format":"standard","meta":{"om_disable_all_campaigns":false,"_monsterinsights_skip_tracking":false,"_monsterinsights_sitenote_active":false,"_monsterinsights_sitenote_note":"","_monsterinsights_sitenote_category":0,"footnotes":""},"categories":[1,11],"tags":[540,533,535,837,943],"aioseo_notices":[],"_links":{"self":[{"href":"https:\/\/www.hbrkahta.com\/index.php\/wp-json\/wp\/v2\/posts\/17703"}],"collection":[{"href":"https:\/\/www.hbrkahta.com\/index.php\/wp-json\/wp\/v2\/posts"}],"about":[{"href":"https:\/\/www.hbrkahta.com\/index.php\/wp-json\/wp\/v2\/types\/post"}],"author":[{"embeddable":true,"href":"https:\/\/www.hbrkahta.com\/index.php\/wp-json\/wp\/v2\/users\/1"}],"replies":[{"embeddable":true,"href":"https:\/\/www.hbrkahta.com\/index.php\/wp-json\/wp\/v2\/comments?post=17703"}],"version-history":[{"count":1,"href":"https:\/\/www.hbrkahta.com\/index.php\/wp-json\/wp\/v2\/posts\/17703\/revisions"}],"predecessor-version":[{"id":17705,"href":"https:\/\/www.hbrkahta.com\/index.php\/wp-json\/wp\/v2\/posts\/17703\/revisions\/17705"}],"wp:featuredmedia":[{"embeddable":true,"href":"https:\/\/www.hbrkahta.com\/index.php\/wp-json\/wp\/v2\/media\/17704"}],"wp:attachment":[{"href":"https:\/\/www.hbrkahta.com\/index.php\/wp-json\/wp\/v2\/media?parent=17703"}],"wp:term":[{"taxonomy":"category","embeddable":true,"href":"https:\/\/www.hbrkahta.com\/index.php\/wp-json\/wp\/v2\/categories?post=17703"},{"taxonomy":"post_tag","embeddable":true,"href":"https:\/\/www.hbrkahta.com\/index.php\/wp-json\/wp\/v2\/tags?post=17703"}],"curies":[{"name":"wp","href":"https:\/\/api.w.org\/{rel}","templated":true}]}}